{"id":6877,"date":"2019-02-11T15:59:37","date_gmt":"2019-02-11T15:59:37","guid":{"rendered":"http:\/\/etecnic.etecnic.org\/ca\/?p=6877"},"modified":"2023-05-31T12:17:03","modified_gmt":"2023-05-31T12:17:03","slug":"la-mobilitat-electrica-a-catalunya-2019","status":"publish","type":"post","link":"https:\/\/etecnic.es\/ca\/noticies\/la-mobilitat-electrica-a-catalunya-2019\/","title":{"rendered":"La mobilitat el\u00e8ctrica a Catalunya arrenca amb for\u00e7a aquest 2019"},"content":{"rendered":"<h2 style=\"text-align: center;\"><strong>Granollers, Cunit, Canyelles, Calafell, Sant Hilari Sacalm, Caldes de Malavella i Navarcles han posat en marxa aquest passat m\u00e9s de Gener noves estacions de rec\u00e0rrega per a vehicles el\u00e8ctrics.<\/strong><\/h2>\n<p style=\"text-align: center;\">La <strong>mobilitat el\u00e8ctrica a<\/strong> <strong>Catalunya <\/strong>arrenca amb for\u00e7a aquest 2019. El municipis catalans i les administracions locals aposten de manera clara per la <strong>infraestructura de rec\u00e0rrega p\u00fablica<\/strong> per a vehicles el\u00e8ctrics, i aquesta no para d\u2019augmentar. Gr\u00e0cies a la tasca realitzada durant els \u00faltims anys per <span style=\"color: #0000ff;\"><strong><a style=\"color: #0000ff;\" href=\"http:\/\/icaen.gencat.cat\/\">ICAEN<\/a><\/strong><\/span>, <a href=\"https:\/\/www.acm.cat\/\">l\u2019<strong><span style=\"color: #0000ff;\">Associaci\u00f3 Catalana de Municipis<\/span><\/strong><\/a>, l\u2019<span style=\"color: #0000ff;\"><strong><a style=\"color: #0000ff;\" href=\"https:\/\/www.amtu.cat\/\">AMTU<\/a><\/strong><\/span>, <strong><a href=\"http:\/\/icaen.gencat.cat\/ca\/energia\/usos_energia\/mobilitat\/la-mobilitat-als-municipis\/alianca-de-municipis-per-la-interoperabilitat-en-estacions-de-recarrega-de-vehicles-electrics-a-catalunya\/\">l\u2019<span style=\"color: #0000ff;\">Alian\u00e7a de Municipis per la Interoperabilitat<\/span><\/a><\/strong> i les diverses empreses del sector de la <strong>mobilitat el\u00e8ctrica<\/strong>, <strong>Catalunya <\/strong>disposa a dia d\u2019avui d\u2019una de les xarxes de rec\u00e0rrega p\u00fabliques m\u00e9s importants de l\u2019Estat.<\/p>\n<p style=\"text-align: center;\">Aquest passat mes de Gener m\u00e9s municipis s\u2019han sumat a la <strong>instal\u00b7laci\u00f3 de nous punts de rec\u00e0rrega per a vehicles el\u00e8ctrics<\/strong> de la m\u00e0 d\u2019 <strong>Etecnic<\/strong>. Es tracta de <strong>Granollers<\/strong>, <strong>Cunit<\/strong>, <strong>Canyelle<\/strong>s, <strong>Calafell<\/strong>, <strong>Sant Hilari Sacalm<\/strong>, <strong>Caldes de Malavella<\/strong> i <strong>Navarcles<\/strong>.<\/p>\n<p style=\"text-align: center;\">Per la seva part <strong>Tarragona<\/strong> ha <span style=\"color: #0000ff;\">posat en marxa 5 dels 6 punts de rec\u00e0rrega instal\u00b7lats el passat 2018<\/span>.<\/p>\n<h2><\/h2>\n<p style=\"text-align: center;\"><a href=\"https:\/\/etecnic.es\/wp-content\/uploads\/2019\/02\/tarragona-anella-merditerrania.jpg\"><img decoding=\"async\" class=\"aligncenter wp-image-6879 size-large\" src=\"https:\/\/etecnic.es\/wp-content\/uploads\/2019\/02\/tarragona-anella-merditerrania-1024x768.jpg\" alt=\"tarragona-anella-mediterrania\" width=\"1024\" height=\"768\" srcset=\"https:\/\/etecnic.es\/wp-content\/uploads\/2019\/02\/tarragona-anella-merditerrania-200x150.jpg 200w, https:\/\/etecnic.es\/wp-content\/uploads\/2019\/02\/tarragona-anella-merditerrania-300x225.jpg 300w, https:\/\/etecnic.es\/wp-content\/uploads\/2019\/02\/tarragona-anella-merditerrania-400x300.jpg 400w, https:\/\/etecnic.es\/wp-content\/uploads\/2019\/02\/tarragona-anella-merditerrania-600x450.jpg 600w, https:\/\/etecnic.es\/wp-content\/uploads\/2019\/02\/tarragona-anella-merditerrania-768x576.jpg 768w, https:\/\/etecnic.es\/wp-content\/uploads\/2019\/02\/tarragona-anella-merditerrania-800x600.jpg 800w, https:\/\/etecnic.es\/wp-content\/uploads\/2019\/02\/tarragona-anella-merditerrania.jpg 1024w\" sizes=\"(max-width: 1024px) 100vw, 1024px\" \/><\/a><\/p>\n<h2><\/h2>\n<h2 style=\"text-align: center;\"><strong>Els nous punts de rec\u00e0rrega de cada municipi<\/strong><\/h2>\n<ul>\n<li><strong>Granollers:<\/strong> Una estaci\u00f3 de rec\u00e0rrega r\u00e0pida de tres connectors amb pot\u00e8ncia d\u2019entre 43 i 50 kW. Permet carregar dos vehicles de forma simult\u00e0nia en un temps de 20 minuts. S\u2019ubica al Cr. Camp de les Moreres.<\/li>\n<li><strong>Cunit:<\/strong> Estaci\u00f3 de rec\u00e0rrega semi r\u00e0pida de dues places amb una pot\u00e8ncia de 7,4 kW per presa. Permet carregar dos vehicles de forma simult\u00e0nia en un temps aproximat d\u2019entre 2 i 4 hores. S\u2019ubica a l\u2019aparcament de les Oliveres, amb acc\u00e9s per Cr. de l\u2019estaci\u00f3.<\/li>\n<li><strong>Calafell:<\/strong> 2 estacions de rec\u00e0rrega r\u00e0pida amb una pot\u00e8ncia de 50 kW. Cada estaci\u00f3 permet carregar dos vehicles de forma simult\u00e0nia en un temps de 20 minuts. S\u2019ubiquen a l\u2019apartament del mercat municipal de Calafell (amb acc\u00e9s a la carretera del Sanatori) i a l\u2019aparcament de l\u2019antic hotel Segur, a la carretera de Barcelona.<\/li>\n<li><strong>Sant Hilari Sacalm:<\/strong> Estaci\u00f3 de rec\u00e0rrega semi r\u00e0pida amb una pot\u00e8ncia de 22 kW. Permet carregar un vehicle entre 2 i 4 hores. S\u2019ubica a la pla\u00e7a Lluis Companys.<\/li>\n<li><strong>Caldes de Malavella:<\/strong> Estaci\u00f3 de rec\u00e0rrega semi r\u00e0pida amb una pot\u00e8ncia de 22 kW. Permet carregar dos vehicles de forma simult\u00e0nia en un temps aproximat d\u2019entre 2 i 4 hores. S\u2019ubica a l\u2019aparcament de darrere del CAP, amb acc\u00e9s per Cr. de Pla i Deniel.<\/li>\n<li><strong>Canyelles:<\/strong> Estaci\u00f3 de punt de rec\u00e0rrega semi r\u00e0pida amb una pot\u00e8ncia de 22 kW. Permet carregar dos vehicles de forma simult\u00e0nia en un temps aproximat d\u2019entre 2 i 4 hores. S\u2019ubica al Cr. Major cantonada amb Cr. Bassa d\u2019en Llot.<\/li>\n<li><strong>Navarcles: <\/strong>Una estaci\u00f3 de rec\u00e0rrega semi r\u00e0pida amb una pot\u00e8ncia de 22 kW. Permet carregar dos vehicles de forma simult\u00e0nia amb un temps aproximat d\u2019entre 2 i 4 hores i 1 punt de rec\u00e0rrega lenta per a motos i bicicletes amb una pot\u00e8ncia de 2,30 kW. Els trobem ubicats al Cr. Pau Claris.<\/li>\n<\/ul>\n<p>&nbsp;<\/p>\n<p style=\"text-align: center;\">La ubicaci\u00f3 i estat de les diverses <strong>estacions<\/strong> <strong>de rec\u00e0rrega<\/strong> es poden consultar a trav\u00e9s del <span style=\"color: #0000ff;\"><strong><a style=\"color: #0000ff;\" href=\"https:\/\/etecnic.es\/mapa\/\">mapa de punts de rec\u00e0rrega d\u2019Etecnic<\/a><\/strong><\/span> o de l\u2019aplicaci\u00f3 <span style=\"color: #0000ff;\"><strong><a style=\"color: #0000ff;\" href=\"http:\/\/swetecnic.com\/evcharge-3\/\">EVCharge<\/a><\/strong><\/span><strong>, <\/strong>aix\u00ed com del visor de l\u2019<strong>ICAEN<\/strong>.<\/p>\n<p>&nbsp;<\/p>\n<h2><\/h2>\n<p style=\"text-align: center;\"><a href=\"https:\/\/etecnic.es\/wp-content\/uploads\/2019\/02\/mapa-punts-etecnic.jpg\"><img decoding=\"async\" class=\"aligncenter wp-image-6883 size-full\" src=\"https:\/\/etecnic.es\/wp-content\/uploads\/2019\/02\/mapa-punts-etecnic.jpg\" alt=\"mapa-punts-etecnic-2019\" width=\"876\" height=\"639\" srcset=\"https:\/\/etecnic.es\/wp-content\/uploads\/2019\/02\/mapa-punts-etecnic-200x146.jpg 200w, https:\/\/etecnic.es\/wp-content\/uploads\/2019\/02\/mapa-punts-etecnic-300x219.jpg 300w, https:\/\/etecnic.es\/wp-content\/uploads\/2019\/02\/mapa-punts-etecnic-400x292.jpg 400w, https:\/\/etecnic.es\/wp-content\/uploads\/2019\/02\/mapa-punts-etecnic-600x438.jpg 600w, https:\/\/etecnic.es\/wp-content\/uploads\/2019\/02\/mapa-punts-etecnic-768x560.jpg 768w, https:\/\/etecnic.es\/wp-content\/uploads\/2019\/02\/mapa-punts-etecnic-800x584.jpg 800w, https:\/\/etecnic.es\/wp-content\/uploads\/2019\/02\/mapa-punts-etecnic.jpg 876w\" sizes=\"(max-width: 876px) 100vw, 876px\" \/><\/a><\/p>\n<p>&nbsp;<\/p>\n<h2 style=\"text-align: center;\"><strong>Funcionament dels punts de rec\u00e0rrega: Targeta RFID i l\u2019aplicaci\u00f3 m\u00f2bil EVCharge<\/strong><\/h2>\n<p style=\"text-align: center;\">Tots els municipis citats anteriorment i que aposten clarament per la <strong>mobilitat el\u00e8ctrica<\/strong>, formen part de <strong>l\u2019Alian\u00e7a de Municipis per la interoperabilitat<\/strong> impulsada per l\u2019<strong>ICAEN<\/strong> a finals del 2017 dins el pla estrat\u00e8gic del <span style=\"color: #0000ff;\"><strong><a style=\"color: #0000ff;\" href=\"https:\/\/etecnic.es\/ca\/noticies\/generalitat-ajuts-instal%c2%b7lacio-punts-de-recarrega\/\">PIRVEC<\/a><\/strong><\/span>. Inicialment les rec\u00e0rregues que els usuaris poden realitzar en aquestes estacions p\u00fabliques s\u00f3n gratu\u00eftes. Gr\u00e0cies a aquesta col\u00b7laboraci\u00f3 entre municipis, qualsevol usuari pot accedir a qualsevol estaci\u00f3 de rec\u00e0rrega de <strong>Catalunya<\/strong> fent servir qualsevol de les <strong>targetes RFID<\/strong> emeses pels <strong>Ajuntaments de l\u2019Alian\u00e7a<\/strong>.<\/p>\n<p style=\"text-align: center;\">A m\u00e9s, a <strong>Granollers<\/strong>, <strong>Sant Hilari Sacalm<\/strong>, <strong>Tarragona<\/strong>, <strong>Caldes de Malavella<\/strong>, <strong>Canyelles i Cunit<\/strong> tamb\u00e9 funcionen amb l&#8217;aplicaci\u00f3 m\u00f2bil desenvolupada per <span style=\"color: #0000ff;\"><strong><a style=\"color: #0000ff;\" href=\"http:\/\/swetecnic.com\/sw-ca\/\">SW by Etecnic<\/a><\/strong><\/span>, <strong>EV Charge<\/strong>. Aquesta aplicaci\u00f3 permet\u00a0 localitzar f\u00e0cilment els <strong>punts de rec\u00e0rrega instal\u00b7lats per Etecnic energy &amp; mobility<\/strong>, visualitzar l\u2019estat del punt i gestionar el proc\u00e9s de c\u00e0rrega i el pagament, si es dona el cas, de manera senzilla i intu\u00eftiva.<\/p>\n<p style=\"text-align: center;\">Aix\u00ed doncs, tots aquests municipis sumats als que ja formen part de la <strong>infraestructura p\u00fablica de rec\u00e0rrega de Catalunya<\/strong>, fan un pas endavant per promoure la <strong>mobilitat el\u00e8ctrica i sostenible<\/strong>,\u00a0 aix\u00ed com contribuir a la reducci\u00f3 d\u2019emissions de C02 i la contaminaci\u00f3 ac\u00fastica. Fomentar l\u2019\u00fas del vehicle el\u00e8ctric i disposar d\u2019una (o m\u00e9s) estacions de rec\u00e0rrega municipals ajuda a situar-se en un eix estrat\u00e8gic per tal que els usuaris que planifiquen els seus viatges en vehicle el\u00e8ctric, s\u2019aturin al municipi i gaudeixen dels serveis i les ofertes comercials, culturals i gastron\u00f2miques de cada un d\u2019ells.<\/p>\n<p>&nbsp;<\/p>\n<div class=\"video-shortcode\"><iframe title=\"EVcharge\" width=\"1280\" height=\"720\" src=\"https:\/\/www.youtube.com\/embed\/J8fYnR1rkgQ?feature=oembed\" frameborder=\"0\" allow=\"accelerometer; autoplay; encrypted-media; gyroscope; picture-in-picture\" allowfullscreen><\/iframe><\/div>\n","protected":false},"excerpt":{"rendered":"<p>Granollers, Cunit, Canyelles, Calafell, Sant Hilari Sacalm, Caldes de Malavella i Navarcles han posat en marxa aquest passat m\u00e9s de Gener noves estacions de rec\u00e0rrega per a vehicles el\u00e8ctrics. La mobilitat el\u00e8ctrica a Catalunya arrenca amb for\u00e7a aquest 2019. El municipis catalans i les administracions locals aposten de manera clara per la infraestructura de rec\u00e0rrega p\u00fablica per a vehicles el\u00e8ctrics, i aquesta no  [&#8230;]<\/p>\n","protected":false},"author":4,"featured_media":6702,"comment_status":"closed","ping_status":"closed","sticky":false,"template":"","format":"standard","meta":{"footnotes":"","_links_to":"","_links_to_target":""},"categories":[22],"tags":[321,399,403,332,400,398,322,401,323,324,312,929,335,402],"class_list":["post-6877","post","type-post","status-publish","format-standard","has-post-thumbnail","hentry","category-noticies","tag-acm-ca","tag-amtu","tag-catalunya","tag-etecnic-ca","tag-ev-charge","tag-icaen","tag-infraestructura-de-recarrega-ca","tag-mapa","tag-mobilitat-electrica-ca","tag-mobilitat-sostenible-ca","tag-municipis","tag-pirvec-ca","tag-punts-de-recarrega","tag-rfid"],"yoast_head":"<!-- This site is optimized with the Yoast SEO plugin v28.4 - https:\/\/yoast.com\/product\/yoast-seo-wordpress\/ -->\n<title>La mobilitat el\u00e8ctrica a Catalunya arrenca amb for\u00e7a aquest 2019<\/title>\n<meta name=\"description\" content=\"El municipis catalans aposten de manera clara per la infraestructura de rec\u00e0rrega p\u00fablica per a vehicles el\u00e8ctrics, i aquesta no para d\u2019augmentar.\" \/>\n<meta name=\"robots\" content=\"index, follow, max-snippet:-1, max-image-preview:large, max-video-preview:-1\" \/>\n<link rel=\"canonical\" href=\"https:\/\/etecnic.es\/ca\/noticies\/la-mobilitat-electrica-a-catalunya-2019\/\" \/>\n<meta property=\"og:locale\" content=\"ca_ES\" \/>\n<meta property=\"og:type\" content=\"article\" \/>\n<meta property=\"og:title\" content=\"La mobilitat el\u00e8ctrica a Catalunya arrenca amb for\u00e7a aquest 2019\" \/>\n<meta property=\"og:description\" content=\"El municipis catalans aposten de manera clara per la infraestructura de rec\u00e0rrega p\u00fablica per a vehicles el\u00e8ctrics, i aquesta no para d\u2019augmentar.\" \/>\n<meta property=\"og:url\" content=\"https:\/\/etecnic.es\/ca\/noticies\/la-mobilitat-electrica-a-catalunya-2019\/\" \/>\n<meta property=\"og:site_name\" content=\"Etecnic - Delivering End-to-end charging solution for electric vehicles\" \/>\n<meta property=\"article:publisher\" content=\"https:\/\/www.facebook.com\/etecnic?fref=ts%2f\" \/>\n<meta property=\"article:published_time\" content=\"2019-02-11T15:59:37+00:00\" \/>\n<meta property=\"article:modified_time\" content=\"2023-05-31T12:17:03+00:00\" \/>\n<meta property=\"og:image\" content=\"https:\/\/etecnic.es\/wp-content\/uploads\/2018\/10\/mapa-etecnic.jpg\" \/>\n\t<meta property=\"og:image:width\" content=\"779\" \/>\n\t<meta property=\"og:image:height\" content=\"663\" \/>\n\t<meta property=\"og:image:type\" content=\"image\/jpeg\" \/>\n<meta name=\"author\" content=\"adminetecnic\" \/>\n<meta name=\"twitter:card\" content=\"summary_large_image\" \/>\n<meta name=\"twitter:creator\" content=\"@etecnic\" \/>\n<meta name=\"twitter:site\" content=\"@etecnic\" \/>\n<meta name=\"twitter:label1\" content=\"Escrit per\" \/>\n\t<meta name=\"twitter:data1\" content=\"adminetecnic\" \/>\n\t<meta name=\"twitter:label2\" content=\"Temps estimat de lectura\" \/>\n\t<meta name=\"twitter:data2\" content=\"4 minutes\" \/>\n<script type=\"application\/ld+json\" class=\"yoast-schema-graph\">{\"@context\":\"https:\\\/\\\/schema.org\",\"@graph\":[{\"@type\":\"Article\",\"@id\":\"https:\\\/\\\/etecnic.es\\\/ca\\\/noticies\\\/la-mobilitat-electrica-a-catalunya-2019\\\/#article\",\"isPartOf\":{\"@id\":\"https:\\\/\\\/etecnic.es\\\/ca\\\/noticies\\\/la-mobilitat-electrica-a-catalunya-2019\\\/\"},\"author\":{\"name\":\"adminetecnic\",\"@id\":\"https:\\\/\\\/etecnic.es\\\/#\\\/schema\\\/person\\\/f9d89d791b5f70d806250a61e52bb741\"},\"headline\":\"La mobilitat el\u00e8ctrica a Catalunya arrenca amb for\u00e7a aquest 2019\",\"datePublished\":\"2019-02-11T15:59:37+00:00\",\"dateModified\":\"2023-05-31T12:17:03+00:00\",\"mainEntityOfPage\":{\"@id\":\"https:\\\/\\\/etecnic.es\\\/ca\\\/noticies\\\/la-mobilitat-electrica-a-catalunya-2019\\\/\"},\"wordCount\":886,\"image\":{\"@id\":\"https:\\\/\\\/etecnic.es\\\/ca\\\/noticies\\\/la-mobilitat-electrica-a-catalunya-2019\\\/#primaryimage\"},\"thumbnailUrl\":\"https:\\\/\\\/etecnic.es\\\/wp-content\\\/uploads\\\/2018\\\/10\\\/mapa-etecnic.jpg\",\"keywords\":[\"ACM\",\"AMTU\",\"Catalunya\",\"ETECNIC\",\"EV Charge\",\"ICAEN\",\"infraestructura de rec\u00e0rrega\",\"mapa\",\"mobilitat el\u00e8ctrica\",\"mobilitat sostenible\",\"municipis\",\"pirvec\",\"punts de rec\u00e0rrega\",\"RFID\"],\"articleSection\":[\"Not\u00edcies\"],\"inLanguage\":\"ca\"},{\"@type\":\"WebPage\",\"@id\":\"https:\\\/\\\/etecnic.es\\\/ca\\\/noticies\\\/la-mobilitat-electrica-a-catalunya-2019\\\/\",\"url\":\"https:\\\/\\\/etecnic.es\\\/ca\\\/noticies\\\/la-mobilitat-electrica-a-catalunya-2019\\\/\",\"name\":\"La mobilitat el\u00e8ctrica a Catalunya arrenca amb for\u00e7a aquest 2019\",\"isPartOf\":{\"@id\":\"https:\\\/\\\/etecnic.es\\\/#website\"},\"primaryImageOfPage\":{\"@id\":\"https:\\\/\\\/etecnic.es\\\/ca\\\/noticies\\\/la-mobilitat-electrica-a-catalunya-2019\\\/#primaryimage\"},\"image\":{\"@id\":\"https:\\\/\\\/etecnic.es\\\/ca\\\/noticies\\\/la-mobilitat-electrica-a-catalunya-2019\\\/#primaryimage\"},\"thumbnailUrl\":\"https:\\\/\\\/etecnic.es\\\/wp-content\\\/uploads\\\/2018\\\/10\\\/mapa-etecnic.jpg\",\"datePublished\":\"2019-02-11T15:59:37+00:00\",\"dateModified\":\"2023-05-31T12:17:03+00:00\",\"author\":{\"@id\":\"https:\\\/\\\/etecnic.es\\\/#\\\/schema\\\/person\\\/f9d89d791b5f70d806250a61e52bb741\"},\"description\":\"El municipis catalans aposten de manera clara per la infraestructura de rec\u00e0rrega p\u00fablica per a vehicles el\u00e8ctrics, i aquesta no para d\u2019augmentar.\",\"breadcrumb\":{\"@id\":\"https:\\\/\\\/etecnic.es\\\/ca\\\/noticies\\\/la-mobilitat-electrica-a-catalunya-2019\\\/#breadcrumb\"},\"inLanguage\":\"ca\",\"potentialAction\":[{\"@type\":\"ReadAction\",\"target\":[\"https:\\\/\\\/etecnic.es\\\/ca\\\/noticies\\\/la-mobilitat-electrica-a-catalunya-2019\\\/\"]}]},{\"@type\":\"ImageObject\",\"inLanguage\":\"ca\",\"@id\":\"https:\\\/\\\/etecnic.es\\\/ca\\\/noticies\\\/la-mobilitat-electrica-a-catalunya-2019\\\/#primaryimage\",\"url\":\"https:\\\/\\\/etecnic.es\\\/wp-content\\\/uploads\\\/2018\\\/10\\\/mapa-etecnic.jpg\",\"contentUrl\":\"https:\\\/\\\/etecnic.es\\\/wp-content\\\/uploads\\\/2018\\\/10\\\/mapa-etecnic.jpg\",\"width\":779,\"height\":663,\"caption\":\"Mapa dels punts de rec\u00e0rrega p\u00fablics instal\u00b7lats per Etecnic.\"},{\"@type\":\"BreadcrumbList\",\"@id\":\"https:\\\/\\\/etecnic.es\\\/ca\\\/noticies\\\/la-mobilitat-electrica-a-catalunya-2019\\\/#breadcrumb\",\"itemListElement\":[{\"@type\":\"ListItem\",\"position\":1,\"name\":\"Portada\",\"item\":\"https:\\\/\\\/etecnic.es\\\/ca\\\/\"},{\"@type\":\"ListItem\",\"position\":2,\"name\":\"La mobilitat el\u00e8ctrica a Catalunya arrenca amb for\u00e7a aquest 2019\"}]},{\"@type\":\"WebSite\",\"@id\":\"https:\\\/\\\/etecnic.es\\\/#website\",\"url\":\"https:\\\/\\\/etecnic.es\\\/\",\"name\":\"Etecnic - Delivering End-to-end charging solution for electric vehicles\",\"description\":\"EVcharge is the software platform that allows you to manage and operate your smart charging points to scale your business. Comprehensive control software and App solution.\",\"potentialAction\":[{\"@type\":\"SearchAction\",\"target\":{\"@type\":\"EntryPoint\",\"urlTemplate\":\"https:\\\/\\\/etecnic.es\\\/?s={search_term_string}\"},\"query-input\":{\"@type\":\"PropertyValueSpecification\",\"valueRequired\":true,\"valueName\":\"search_term_string\"}}],\"inLanguage\":\"ca\"},{\"@type\":\"Person\",\"@id\":\"https:\\\/\\\/etecnic.es\\\/#\\\/schema\\\/person\\\/f9d89d791b5f70d806250a61e52bb741\",\"name\":\"adminetecnic\",\"image\":{\"@type\":\"ImageObject\",\"inLanguage\":\"ca\",\"@id\":\"https:\\\/\\\/secure.gravatar.com\\\/avatar\\\/ea24b8f7949137f0763045d98d115a3f8ee890a1d9b469c9aecac3c563866de5?s=96&d=mm&r=g\",\"url\":\"https:\\\/\\\/secure.gravatar.com\\\/avatar\\\/ea24b8f7949137f0763045d98d115a3f8ee890a1d9b469c9aecac3c563866de5?s=96&d=mm&r=g\",\"contentUrl\":\"https:\\\/\\\/secure.gravatar.com\\\/avatar\\\/ea24b8f7949137f0763045d98d115a3f8ee890a1d9b469c9aecac3c563866de5?s=96&d=mm&r=g\",\"caption\":\"adminetecnic\"},\"url\":\"https:\\\/\\\/etecnic.es\\\/ca\\\/author\\\/adminetecnic\\\/\"}]}<\/script>\n<!-- \/ Yoast SEO plugin. -->","yoast_head_json":{"title":"La mobilitat el\u00e8ctrica a Catalunya arrenca amb for\u00e7a aquest 2019","description":"El municipis catalans aposten de manera clara per la infraestructura de rec\u00e0rrega p\u00fablica per a vehicles el\u00e8ctrics, i aquesta no para d\u2019augmentar.","robots":{"index":"index","follow":"follow","max-snippet":"max-snippet:-1","max-image-preview":"max-image-preview:large","max-video-preview":"max-video-preview:-1"},"canonical":"https:\/\/etecnic.es\/ca\/noticies\/la-mobilitat-electrica-a-catalunya-2019\/","og_locale":"ca_ES","og_type":"article","og_title":"La mobilitat el\u00e8ctrica a Catalunya arrenca amb for\u00e7a aquest 2019","og_description":"El municipis catalans aposten de manera clara per la infraestructura de rec\u00e0rrega p\u00fablica per a vehicles el\u00e8ctrics, i aquesta no para d\u2019augmentar.","og_url":"https:\/\/etecnic.es\/ca\/noticies\/la-mobilitat-electrica-a-catalunya-2019\/","og_site_name":"Etecnic - Delivering End-to-end charging solution for electric vehicles","article_publisher":"https:\/\/www.facebook.com\/etecnic?fref=ts%2f","article_published_time":"2019-02-11T15:59:37+00:00","article_modified_time":"2023-05-31T12:17:03+00:00","og_image":[{"width":779,"height":663,"url":"https:\/\/etecnic.es\/wp-content\/uploads\/2018\/10\/mapa-etecnic.jpg","type":"image\/jpeg"}],"author":"adminetecnic","twitter_card":"summary_large_image","twitter_creator":"@etecnic","twitter_site":"@etecnic","twitter_misc":{"Escrit per":"adminetecnic","Temps estimat de lectura":"4 minutes"},"schema":{"@context":"https:\/\/schema.org","@graph":[{"@type":"Article","@id":"https:\/\/etecnic.es\/ca\/noticies\/la-mobilitat-electrica-a-catalunya-2019\/#article","isPartOf":{"@id":"https:\/\/etecnic.es\/ca\/noticies\/la-mobilitat-electrica-a-catalunya-2019\/"},"author":{"name":"adminetecnic","@id":"https:\/\/etecnic.es\/#\/schema\/person\/f9d89d791b5f70d806250a61e52bb741"},"headline":"La mobilitat el\u00e8ctrica a Catalunya arrenca amb for\u00e7a aquest 2019","datePublished":"2019-02-11T15:59:37+00:00","dateModified":"2023-05-31T12:17:03+00:00","mainEntityOfPage":{"@id":"https:\/\/etecnic.es\/ca\/noticies\/la-mobilitat-electrica-a-catalunya-2019\/"},"wordCount":886,"image":{"@id":"https:\/\/etecnic.es\/ca\/noticies\/la-mobilitat-electrica-a-catalunya-2019\/#primaryimage"},"thumbnailUrl":"https:\/\/etecnic.es\/wp-content\/uploads\/2018\/10\/mapa-etecnic.jpg","keywords":["ACM","AMTU","Catalunya","ETECNIC","EV Charge","ICAEN","infraestructura de rec\u00e0rrega","mapa","mobilitat el\u00e8ctrica","mobilitat sostenible","municipis","pirvec","punts de rec\u00e0rrega","RFID"],"articleSection":["Not\u00edcies"],"inLanguage":"ca"},{"@type":"WebPage","@id":"https:\/\/etecnic.es\/ca\/noticies\/la-mobilitat-electrica-a-catalunya-2019\/","url":"https:\/\/etecnic.es\/ca\/noticies\/la-mobilitat-electrica-a-catalunya-2019\/","name":"La mobilitat el\u00e8ctrica a Catalunya arrenca amb for\u00e7a aquest 2019","isPartOf":{"@id":"https:\/\/etecnic.es\/#website"},"primaryImageOfPage":{"@id":"https:\/\/etecnic.es\/ca\/noticies\/la-mobilitat-electrica-a-catalunya-2019\/#primaryimage"},"image":{"@id":"https:\/\/etecnic.es\/ca\/noticies\/la-mobilitat-electrica-a-catalunya-2019\/#primaryimage"},"thumbnailUrl":"https:\/\/etecnic.es\/wp-content\/uploads\/2018\/10\/mapa-etecnic.jpg","datePublished":"2019-02-11T15:59:37+00:00","dateModified":"2023-05-31T12:17:03+00:00","author":{"@id":"https:\/\/etecnic.es\/#\/schema\/person\/f9d89d791b5f70d806250a61e52bb741"},"description":"El municipis catalans aposten de manera clara per la infraestructura de rec\u00e0rrega p\u00fablica per a vehicles el\u00e8ctrics, i aquesta no para d\u2019augmentar.","breadcrumb":{"@id":"https:\/\/etecnic.es\/ca\/noticies\/la-mobilitat-electrica-a-catalunya-2019\/#breadcrumb"},"inLanguage":"ca","potentialAction":[{"@type":"ReadAction","target":["https:\/\/etecnic.es\/ca\/noticies\/la-mobilitat-electrica-a-catalunya-2019\/"]}]},{"@type":"ImageObject","inLanguage":"ca","@id":"https:\/\/etecnic.es\/ca\/noticies\/la-mobilitat-electrica-a-catalunya-2019\/#primaryimage","url":"https:\/\/etecnic.es\/wp-content\/uploads\/2018\/10\/mapa-etecnic.jpg","contentUrl":"https:\/\/etecnic.es\/wp-content\/uploads\/2018\/10\/mapa-etecnic.jpg","width":779,"height":663,"caption":"Mapa dels punts de rec\u00e0rrega p\u00fablics instal\u00b7lats per Etecnic."},{"@type":"BreadcrumbList","@id":"https:\/\/etecnic.es\/ca\/noticies\/la-mobilitat-electrica-a-catalunya-2019\/#breadcrumb","itemListElement":[{"@type":"ListItem","position":1,"name":"Portada","item":"https:\/\/etecnic.es\/ca\/"},{"@type":"ListItem","position":2,"name":"La mobilitat el\u00e8ctrica a Catalunya arrenca amb for\u00e7a aquest 2019"}]},{"@type":"WebSite","@id":"https:\/\/etecnic.es\/#website","url":"https:\/\/etecnic.es\/","name":"Etecnic - Delivering End-to-end charging solution for electric vehicles","description":"EVcharge is the software platform that allows you to manage and operate your smart charging points to scale your business. Comprehensive control software and App solution.","potentialAction":[{"@type":"SearchAction","target":{"@type":"EntryPoint","urlTemplate":"https:\/\/etecnic.es\/?s={search_term_string}"},"query-input":{"@type":"PropertyValueSpecification","valueRequired":true,"valueName":"search_term_string"}}],"inLanguage":"ca"},{"@type":"Person","@id":"https:\/\/etecnic.es\/#\/schema\/person\/f9d89d791b5f70d806250a61e52bb741","name":"adminetecnic","image":{"@type":"ImageObject","inLanguage":"ca","@id":"https:\/\/secure.gravatar.com\/avatar\/ea24b8f7949137f0763045d98d115a3f8ee890a1d9b469c9aecac3c563866de5?s=96&d=mm&r=g","url":"https:\/\/secure.gravatar.com\/avatar\/ea24b8f7949137f0763045d98d115a3f8ee890a1d9b469c9aecac3c563866de5?s=96&d=mm&r=g","contentUrl":"https:\/\/secure.gravatar.com\/avatar\/ea24b8f7949137f0763045d98d115a3f8ee890a1d9b469c9aecac3c563866de5?s=96&d=mm&r=g","caption":"adminetecnic"},"url":"https:\/\/etecnic.es\/ca\/author\/adminetecnic\/"}]}},"_links":{"self":[{"href":"https:\/\/etecnic.es\/ca\/wp-json\/wp\/v2\/posts\/6877","targetHints":{"allow":["GET"]}}],"collection":[{"href":"https:\/\/etecnic.es\/ca\/wp-json\/wp\/v2\/posts"}],"about":[{"href":"https:\/\/etecnic.es\/ca\/wp-json\/wp\/v2\/types\/post"}],"author":[{"embeddable":true,"href":"https:\/\/etecnic.es\/ca\/wp-json\/wp\/v2\/users\/4"}],"replies":[{"embeddable":true,"href":"https:\/\/etecnic.es\/ca\/wp-json\/wp\/v2\/comments?post=6877"}],"version-history":[{"count":6,"href":"https:\/\/etecnic.es\/ca\/wp-json\/wp\/v2\/posts\/6877\/revisions"}],"predecessor-version":[{"id":19283,"href":"https:\/\/etecnic.es\/ca\/wp-json\/wp\/v2\/posts\/6877\/revisions\/19283"}],"wp:featuredmedia":[{"embeddable":true,"href":"https:\/\/etecnic.es\/ca\/wp-json\/wp\/v2\/media\/6702"}],"wp:attachment":[{"href":"https:\/\/etecnic.es\/ca\/wp-json\/wp\/v2\/media?parent=6877"}],"wp:term":[{"taxonomy":"category","embeddable":true,"href":"https:\/\/etecnic.es\/ca\/wp-json\/wp\/v2\/categories?post=6877"},{"taxonomy":"post_tag","embeddable":true,"href":"https:\/\/etecnic.es\/ca\/wp-json\/wp\/v2\/tags?post=6877"}],"curies":[{"name":"wp","href":"https:\/\/api.w.org\/{rel}","templated":true}]}}