{"id":6774,"date":"2018-12-01T11:05:10","date_gmt":"2018-12-01T11:05:10","guid":{"rendered":"http:\/\/etecnic.etecnic.org\/ca\/?p=6774"},"modified":"2023-05-31T11:13:07","modified_gmt":"2023-05-31T11:13:07","slug":"nou-punt-de-recarrega-a-alcover-ingerev-fusion-de-ingeteam","status":"publish","type":"post","link":"https:\/\/etecnic.es\/ca\/noticies\/nou-punt-de-recarrega-a-alcover-ingerev-fusion-de-ingeteam\/","title":{"rendered":"Nou punt de rec\u00e0rrega a Alcover \/ INGEREV FUSION de INGETEAM"},"content":{"rendered":"<h2 style=\"text-align: center;\"><strong>Alcover ja disposa d&#8217;un punt de rec\u00e0rrega per a vehicles el\u00e8ctrics.<\/strong><br \/>\n<strong>Etecnic va assistir a la presentaci\u00f3 dels nous carregadors INGEREV FUSION de\u00a0Ingeteam al congr\u00e9s Gomobility.<\/strong><\/h2>\n<h2><\/h2>\n<h2 style=\"text-align: center;\"><strong>Alcover inaugura un punt de rec\u00e0rrega per a vehicles el\u00e8ctrics<\/strong><\/h2>\n<p style=\"text-align: center;\">Coincidint amb la reurbanitzaci\u00f3 i construcci\u00f3 del nou\u00a0passeig\u00a0de l\u2019\u00a0Estaci\u00f3, <strong>Alcover<\/strong> ha engegat aquesta mateixa setmana un <strong>punt de rec\u00e0rrega<\/strong> per a vehicles el\u00e8ctrics situat a la zona del Portal. Es tracta d&#8217;un <strong>punt de rec\u00e0rrega<\/strong>\u00a0<strong>semir\u00e0pida<\/strong>\u00a0de 22kw\u00a0que permet recarregar dos vehicles de forma simult\u00e0nia en un temps d&#8217;entre 2 i 4 hores.<br \/>\n<strong>Etecnic<\/strong>\u00a0ha estat l&#8217;empresa adjudicat\u00e0ria del projecte, qui ha\u00a0subministrat l&#8217;equip i s&#8217;encarrega del manteniment i la gesti\u00f3 del punt a trav\u00e9s del software\u00a0<span style=\"color: #0000ff;\"><strong>Etecnic\u00a0Smart\u00a0Manager<\/strong><\/span>.<\/p>\n<p style=\"text-align: center;\">Des del consistori tenen l&#8217;objectiu de <em>facilitar i fomentar l&#8217;adquisici\u00f3 d&#8217;aquest tipus de vehicles, a m\u00e9s de donar servei a aquells usuaris que ja disposen de cotxe el\u00e8ctric<\/em>. El valor afegit a aquest projecte \u00e9s donar cobertura al turisme de vehicle el\u00e8ctric que organitza les seves vacances en funci\u00f3 dels <strong>punts de rec\u00e0rrega<\/strong> que hi ha repartits pel territori.<br \/>\nAix\u00ed doncs, <strong>Alcover<\/strong> fa una clara aposta per la sostenibilitat i la voluntat d&#8217;iniciar un canvi per reduir la contaminaci\u00f3. El setembre passat, l&#8217;ajuntament va adquirir tamb\u00e9 el seu <span style=\"color: #0000ff;\"><a style=\"color: #0000ff;\" href=\"http:\/\/www.alcover.cat\/index.php?option=com_content&amp;view=article&amp;id=3893:cotxeelectric&amp;catid=44:destacades\"><strong>primer vehicle 100% el\u00e8ctric<\/strong><\/a><\/span>: una Renault\u00a0Kangoo destinada al servei d&#8217;aig\u00fces i a diferents tasques de la brigada municipal.<\/p>\n<p>&nbsp;<\/p>\n<p><a href=\"https:\/\/etecnic.es\/wp-content\/uploads\/2018\/12\/WhatsApp-Image-2018-11-29-at-12.46.47.jpeg\"><img decoding=\"async\" class=\"aligncenter wp-image-6760 size-large\" src=\"https:\/\/etecnic.es\/wp-content\/uploads\/2018\/12\/WhatsApp-Image-2018-11-29-at-12.46.47-1024x768.jpeg\" alt=\"punto-recarga-alcover\" width=\"1024\" height=\"768\" srcset=\"https:\/\/etecnic.es\/wp-content\/uploads\/2018\/12\/WhatsApp-Image-2018-11-29-at-12.46.47-200x150.jpeg 200w, https:\/\/etecnic.es\/wp-content\/uploads\/2018\/12\/WhatsApp-Image-2018-11-29-at-12.46.47-300x225.jpeg 300w, https:\/\/etecnic.es\/wp-content\/uploads\/2018\/12\/WhatsApp-Image-2018-11-29-at-12.46.47-400x300.jpeg 400w, https:\/\/etecnic.es\/wp-content\/uploads\/2018\/12\/WhatsApp-Image-2018-11-29-at-12.46.47-600x450.jpeg 600w, https:\/\/etecnic.es\/wp-content\/uploads\/2018\/12\/WhatsApp-Image-2018-11-29-at-12.46.47-768x576.jpeg 768w, https:\/\/etecnic.es\/wp-content\/uploads\/2018\/12\/WhatsApp-Image-2018-11-29-at-12.46.47-800x600.jpeg 800w, https:\/\/etecnic.es\/wp-content\/uploads\/2018\/12\/WhatsApp-Image-2018-11-29-at-12.46.47-1024x768.jpeg 1024w, https:\/\/etecnic.es\/wp-content\/uploads\/2018\/12\/WhatsApp-Image-2018-11-29-at-12.46.47-1200x900.jpeg 1200w, https:\/\/etecnic.es\/wp-content\/uploads\/2018\/12\/WhatsApp-Image-2018-11-29-at-12.46.47.jpeg 1600w\" sizes=\"(max-width: 1024px) 100vw, 1024px\" \/><\/a><\/p>\n<p>&nbsp;<\/p>\n<h2 style=\"text-align: center;\"><strong>INGETEAM presenta nous sistemes de rec\u00e0rrega: INGEREV FUSION<\/strong><\/h2>\n<p style=\"text-align: center;\">Els fabricants d&#8217;equips de rec\u00e0rrega per a vehicles el\u00e8ctrics\u00a0<strong>INGETEAM<\/strong>, un dels principals prove\u00efdors de\u00a0<strong>Etecnic<\/strong>\u00a0, va presentar aquesta setmana al congr\u00e9s\u00a0<span style=\"color: #0000ff;\"><a style=\"color: #0000ff;\" href=\"https:\/\/gomobility.eus\/\"><strong>GO\u00a0Mobility<\/strong><\/a><\/span>\u00a0celebrat en\u00a0Irun\u00a0(Pa\u00eds Basc), una nova gamma d&#8217;estacions denominada\u00a0<strong>INGEREV\u00a0FUSION<\/strong>.<\/p>\n<p style=\"text-align: center;\">Aquests carregadors incorporen nous avan\u00e7os tecnol\u00f2gics, electr\u00f2nics i mec\u00e0nics, aix\u00ed com noves funcionalitats. Els nous <strong>punts de rec\u00e0rrega<\/strong> es poden \u201cinstal\u00b7lar tant en s\u00f2l com en paret en vies urbanes, aeroports, estacions de tren i\u00a0autob\u00fas, centres comercials, hotels, aix\u00ed com en empreses o garatges comunitaris i particulars.<br \/>\n<strong>Ingeteam<\/strong>\u00a0detalla a la seva p\u00e0gina web les <span style=\"color: #0000ff;\"><a style=\"color: #0000ff;\" href=\"https:\/\/www.ingeteam.com\/SaladePrensa\/Noticias\/tabid\/226\/articleType\/ArticleView\/articleId\/2254\/Nuevos-sistemas-de-recarga-de-vehiculo-electrico.aspx?platform=hootsuite\"><strong>prestacions de s\u00e8rie que incorporen aquests nous equips<\/strong><\/a><\/span>.<\/p>\n<p style=\"text-align: center;\">La fabricaci\u00f3 i venda d&#8217;aquests nous equips estar\u00e0 disponible a partir de 2019.<\/p>\n<p><a href=\"https:\/\/etecnic.es\/wp-content\/uploads\/2018\/12\/WhatsApp-Image-2018-11-27-at-15.21.47-1.jpeg\"><img decoding=\"async\" class=\"aligncenter wp-image-6764 size-large\" src=\"https:\/\/etecnic.es\/wp-content\/uploads\/2018\/12\/WhatsApp-Image-2018-11-27-at-15.21.47-1-576x1024.jpeg\" alt=\"ingerev-fusion-ingeteam\" width=\"576\" height=\"1024\" srcset=\"https:\/\/etecnic.es\/wp-content\/uploads\/2018\/12\/WhatsApp-Image-2018-11-27-at-15.21.47-1-169x300.jpeg 169w, https:\/\/etecnic.es\/wp-content\/uploads\/2018\/12\/WhatsApp-Image-2018-11-27-at-15.21.47-1-200x356.jpeg 200w, https:\/\/etecnic.es\/wp-content\/uploads\/2018\/12\/WhatsApp-Image-2018-11-27-at-15.21.47-1-400x711.jpeg 400w, https:\/\/etecnic.es\/wp-content\/uploads\/2018\/12\/WhatsApp-Image-2018-11-27-at-15.21.47-1-576x1024.jpeg 576w, https:\/\/etecnic.es\/wp-content\/uploads\/2018\/12\/WhatsApp-Image-2018-11-27-at-15.21.47-1-600x1067.jpeg 600w, https:\/\/etecnic.es\/wp-content\/uploads\/2018\/12\/WhatsApp-Image-2018-11-27-at-15.21.47-1-768x1365.jpeg 768w, https:\/\/etecnic.es\/wp-content\/uploads\/2018\/12\/WhatsApp-Image-2018-11-27-at-15.21.47-1-800x1422.jpeg 800w, https:\/\/etecnic.es\/wp-content\/uploads\/2018\/12\/WhatsApp-Image-2018-11-27-at-15.21.47-1.jpeg 900w\" sizes=\"(max-width: 576px) 100vw, 576px\" \/><\/a><\/p>\n","protected":false},"excerpt":{"rendered":"<p>Alcover ja disposa d&#8217;un punt de rec\u00e0rrega per a vehicles el\u00e8ctrics. Etecnic va assistir a la presentaci\u00f3 dels nous carregadors INGEREV FUSION de\u00a0Ingeteam al congr\u00e9s Gomobility. Alcover inaugura un punt de rec\u00e0rrega per a vehicles el\u00e8ctrics Coincidint amb la reurbanitzaci\u00f3 i construcci\u00f3 del nou\u00a0passeig\u00a0de l\u2019\u00a0Estaci\u00f3, Alcover ha engegat aquesta mateixa setmana un punt de rec\u00e0rrega per a vehicles el\u00e8ctrics situat a la zona  [&#8230;]<\/p>\n","protected":false},"author":4,"featured_media":6769,"comment_status":"closed","ping_status":"closed","sticky":false,"template":"","format":"standard","meta":{"footnotes":"","_links_to":"","_links_to_target":""},"categories":[22,327,314],"tags":[321,357,332,322,927,323,324,335,328,130],"class_list":["post-6774","post","type-post","status-publish","format-standard","has-post-thumbnail","hentry","category-noticies","category-productes","category-puntos-de-recarga-ca","tag-acm-ca","tag-eficiencia-energetica","tag-etecnic-ca","tag-infraestructura-de-recarrega-ca","tag-ingeteam-ca","tag-mobilitat-electrica-ca","tag-mobilitat-sostenible-ca","tag-punts-de-recarrega","tag-smart-energy-manager-ca","tag-vehicles-electrics"],"yoast_head":"<!-- This site is optimized with the Yoast SEO plugin v28.4 - https:\/\/yoast.com\/product\/yoast-seo-wordpress\/ -->\n<title>Nou punt de rec\u00e0rrega a Alcover \/ INGEREV FUSION de INGETEAM<\/title>\n<meta name=\"description\" content=\"Alcover ja disposa d&#039;un punt de rec\u00e0rrega per a vehicles el\u00e8ctrics.Etecnic va assistir a la presentaci\u00f3 dels nous carregadors INGEREV FUSION de\u00a0Ingeteam.\" \/>\n<meta name=\"robots\" content=\"index, follow, max-snippet:-1, max-image-preview:large, max-video-preview:-1\" \/>\n<link rel=\"canonical\" href=\"https:\/\/etecnic.es\/ca\/noticies\/nou-punt-de-recarrega-a-alcover-ingerev-fusion-de-ingeteam\/\" \/>\n<meta property=\"og:locale\" content=\"ca_ES\" \/>\n<meta property=\"og:type\" content=\"article\" \/>\n<meta property=\"og:title\" content=\"Nou punt de rec\u00e0rrega a Alcover \/ INGEREV FUSION de INGETEAM\" \/>\n<meta property=\"og:description\" content=\"Alcover ja disposa d&#039;un punt de rec\u00e0rrega per a vehicles el\u00e8ctrics.Etecnic va assistir a la presentaci\u00f3 dels nous carregadors INGEREV FUSION de\u00a0Ingeteam.\" \/>\n<meta property=\"og:url\" content=\"https:\/\/etecnic.es\/ca\/noticies\/nou-punt-de-recarrega-a-alcover-ingerev-fusion-de-ingeteam\/\" \/>\n<meta property=\"og:site_name\" content=\"Etecnic - Delivering End-to-end charging solution for electric vehicles\" \/>\n<meta property=\"article:publisher\" content=\"https:\/\/www.facebook.com\/etecnic?fref=ts%2f\" \/>\n<meta property=\"article:published_time\" content=\"2018-12-01T11:05:10+00:00\" \/>\n<meta property=\"article:modified_time\" content=\"2023-05-31T11:13:07+00:00\" \/>\n<meta property=\"og:image\" content=\"https:\/\/etecnic.es\/wp-content\/uploads\/2018\/12\/WhatsApp-Image-2018-11-29-at-12.46.43.jpeg\" \/>\n\t<meta property=\"og:image:width\" content=\"1600\" \/>\n\t<meta property=\"og:image:height\" content=\"1200\" \/>\n\t<meta property=\"og:image:type\" content=\"image\/jpeg\" \/>\n<meta name=\"author\" content=\"adminetecnic\" \/>\n<meta name=\"twitter:card\" content=\"summary_large_image\" \/>\n<meta name=\"twitter:creator\" content=\"@etecnic\" \/>\n<meta name=\"twitter:site\" content=\"@etecnic\" \/>\n<meta name=\"twitter:label1\" content=\"Escrit per\" \/>\n\t<meta name=\"twitter:data1\" content=\"adminetecnic\" \/>\n\t<meta name=\"twitter:label2\" content=\"Temps estimat de lectura\" \/>\n\t<meta name=\"twitter:data2\" content=\"3 minutes\" \/>\n<script type=\"application\/ld+json\" class=\"yoast-schema-graph\">{\"@context\":\"https:\\\/\\\/schema.org\",\"@graph\":[{\"@type\":\"Article\",\"@id\":\"https:\\\/\\\/etecnic.es\\\/ca\\\/noticies\\\/nou-punt-de-recarrega-a-alcover-ingerev-fusion-de-ingeteam\\\/#article\",\"isPartOf\":{\"@id\":\"https:\\\/\\\/etecnic.es\\\/ca\\\/noticies\\\/nou-punt-de-recarrega-a-alcover-ingerev-fusion-de-ingeteam\\\/\"},\"author\":{\"name\":\"adminetecnic\",\"@id\":\"https:\\\/\\\/etecnic.es\\\/#\\\/schema\\\/person\\\/f9d89d791b5f70d806250a61e52bb741\"},\"headline\":\"Nou punt de rec\u00e0rrega a Alcover \\\/ INGEREV FUSION de INGETEAM\",\"datePublished\":\"2018-12-01T11:05:10+00:00\",\"dateModified\":\"2023-05-31T11:13:07+00:00\",\"mainEntityOfPage\":{\"@id\":\"https:\\\/\\\/etecnic.es\\\/ca\\\/noticies\\\/nou-punt-de-recarrega-a-alcover-ingerev-fusion-de-ingeteam\\\/\"},\"wordCount\":407,\"image\":{\"@id\":\"https:\\\/\\\/etecnic.es\\\/ca\\\/noticies\\\/nou-punt-de-recarrega-a-alcover-ingerev-fusion-de-ingeteam\\\/#primaryimage\"},\"thumbnailUrl\":\"https:\\\/\\\/etecnic.es\\\/wp-content\\\/uploads\\\/2018\\\/12\\\/WhatsApp-Image-2018-11-29-at-12.46.43.jpeg\",\"keywords\":[\"ACM\",\"efici\u00e8ncia energ\u00e8tica\",\"ETECNIC\",\"infraestructura de rec\u00e0rrega\",\"Ingeteam\",\"mobilitat el\u00e8ctrica\",\"mobilitat sostenible\",\"punts de rec\u00e0rrega\",\"Smart Energy Manager\",\"vehicles electrics\"],\"articleSection\":[\"Not\u00edcies\",\"Productes\",\"Z-Puntos de recarga\"],\"inLanguage\":\"ca\"},{\"@type\":\"WebPage\",\"@id\":\"https:\\\/\\\/etecnic.es\\\/ca\\\/noticies\\\/nou-punt-de-recarrega-a-alcover-ingerev-fusion-de-ingeteam\\\/\",\"url\":\"https:\\\/\\\/etecnic.es\\\/ca\\\/noticies\\\/nou-punt-de-recarrega-a-alcover-ingerev-fusion-de-ingeteam\\\/\",\"name\":\"Nou punt de rec\u00e0rrega a Alcover \\\/ INGEREV FUSION de INGETEAM\",\"isPartOf\":{\"@id\":\"https:\\\/\\\/etecnic.es\\\/#website\"},\"primaryImageOfPage\":{\"@id\":\"https:\\\/\\\/etecnic.es\\\/ca\\\/noticies\\\/nou-punt-de-recarrega-a-alcover-ingerev-fusion-de-ingeteam\\\/#primaryimage\"},\"image\":{\"@id\":\"https:\\\/\\\/etecnic.es\\\/ca\\\/noticies\\\/nou-punt-de-recarrega-a-alcover-ingerev-fusion-de-ingeteam\\\/#primaryimage\"},\"thumbnailUrl\":\"https:\\\/\\\/etecnic.es\\\/wp-content\\\/uploads\\\/2018\\\/12\\\/WhatsApp-Image-2018-11-29-at-12.46.43.jpeg\",\"datePublished\":\"2018-12-01T11:05:10+00:00\",\"dateModified\":\"2023-05-31T11:13:07+00:00\",\"author\":{\"@id\":\"https:\\\/\\\/etecnic.es\\\/#\\\/schema\\\/person\\\/f9d89d791b5f70d806250a61e52bb741\"},\"description\":\"Alcover ja disposa d'un punt de rec\u00e0rrega per a vehicles el\u00e8ctrics.Etecnic va assistir a la presentaci\u00f3 dels nous carregadors INGEREV FUSION de\u00a0Ingeteam.\",\"breadcrumb\":{\"@id\":\"https:\\\/\\\/etecnic.es\\\/ca\\\/noticies\\\/nou-punt-de-recarrega-a-alcover-ingerev-fusion-de-ingeteam\\\/#breadcrumb\"},\"inLanguage\":\"ca\",\"potentialAction\":[{\"@type\":\"ReadAction\",\"target\":[\"https:\\\/\\\/etecnic.es\\\/ca\\\/noticies\\\/nou-punt-de-recarrega-a-alcover-ingerev-fusion-de-ingeteam\\\/\"]}]},{\"@type\":\"ImageObject\",\"inLanguage\":\"ca\",\"@id\":\"https:\\\/\\\/etecnic.es\\\/ca\\\/noticies\\\/nou-punt-de-recarrega-a-alcover-ingerev-fusion-de-ingeteam\\\/#primaryimage\",\"url\":\"https:\\\/\\\/etecnic.es\\\/wp-content\\\/uploads\\\/2018\\\/12\\\/WhatsApp-Image-2018-11-29-at-12.46.43.jpeg\",\"contentUrl\":\"https:\\\/\\\/etecnic.es\\\/wp-content\\\/uploads\\\/2018\\\/12\\\/WhatsApp-Image-2018-11-29-at-12.46.43.jpeg\",\"width\":1600,\"height\":1200},{\"@type\":\"BreadcrumbList\",\"@id\":\"https:\\\/\\\/etecnic.es\\\/ca\\\/noticies\\\/nou-punt-de-recarrega-a-alcover-ingerev-fusion-de-ingeteam\\\/#breadcrumb\",\"itemListElement\":[{\"@type\":\"ListItem\",\"position\":1,\"name\":\"Portada\",\"item\":\"https:\\\/\\\/etecnic.es\\\/ca\\\/\"},{\"@type\":\"ListItem\",\"position\":2,\"name\":\"Nou punt de rec\u00e0rrega a Alcover \\\/ INGEREV FUSION de INGETEAM\"}]},{\"@type\":\"WebSite\",\"@id\":\"https:\\\/\\\/etecnic.es\\\/#website\",\"url\":\"https:\\\/\\\/etecnic.es\\\/\",\"name\":\"Etecnic - Delivering End-to-end charging solution for electric vehicles\",\"description\":\"EVcharge is the software platform that allows you to manage and operate your smart charging points to scale your business. Comprehensive control software and App solution.\",\"potentialAction\":[{\"@type\":\"SearchAction\",\"target\":{\"@type\":\"EntryPoint\",\"urlTemplate\":\"https:\\\/\\\/etecnic.es\\\/?s={search_term_string}\"},\"query-input\":{\"@type\":\"PropertyValueSpecification\",\"valueRequired\":true,\"valueName\":\"search_term_string\"}}],\"inLanguage\":\"ca\"},{\"@type\":\"Person\",\"@id\":\"https:\\\/\\\/etecnic.es\\\/#\\\/schema\\\/person\\\/f9d89d791b5f70d806250a61e52bb741\",\"name\":\"adminetecnic\",\"image\":{\"@type\":\"ImageObject\",\"inLanguage\":\"ca\",\"@id\":\"https:\\\/\\\/secure.gravatar.com\\\/avatar\\\/ea24b8f7949137f0763045d98d115a3f8ee890a1d9b469c9aecac3c563866de5?s=96&d=mm&r=g\",\"url\":\"https:\\\/\\\/secure.gravatar.com\\\/avatar\\\/ea24b8f7949137f0763045d98d115a3f8ee890a1d9b469c9aecac3c563866de5?s=96&d=mm&r=g\",\"contentUrl\":\"https:\\\/\\\/secure.gravatar.com\\\/avatar\\\/ea24b8f7949137f0763045d98d115a3f8ee890a1d9b469c9aecac3c563866de5?s=96&d=mm&r=g\",\"caption\":\"adminetecnic\"},\"url\":\"https:\\\/\\\/etecnic.es\\\/ca\\\/author\\\/adminetecnic\\\/\"}]}<\/script>\n<!-- \/ Yoast SEO plugin. -->","yoast_head_json":{"title":"Nou punt de rec\u00e0rrega a Alcover \/ INGEREV FUSION de INGETEAM","description":"Alcover ja disposa d'un punt de rec\u00e0rrega per a vehicles el\u00e8ctrics.Etecnic va assistir a la presentaci\u00f3 dels nous carregadors INGEREV FUSION de\u00a0Ingeteam.","robots":{"index":"index","follow":"follow","max-snippet":"max-snippet:-1","max-image-preview":"max-image-preview:large","max-video-preview":"max-video-preview:-1"},"canonical":"https:\/\/etecnic.es\/ca\/noticies\/nou-punt-de-recarrega-a-alcover-ingerev-fusion-de-ingeteam\/","og_locale":"ca_ES","og_type":"article","og_title":"Nou punt de rec\u00e0rrega a Alcover \/ INGEREV FUSION de INGETEAM","og_description":"Alcover ja disposa d'un punt de rec\u00e0rrega per a vehicles el\u00e8ctrics.Etecnic va assistir a la presentaci\u00f3 dels nous carregadors INGEREV FUSION de\u00a0Ingeteam.","og_url":"https:\/\/etecnic.es\/ca\/noticies\/nou-punt-de-recarrega-a-alcover-ingerev-fusion-de-ingeteam\/","og_site_name":"Etecnic - Delivering End-to-end charging solution for electric vehicles","article_publisher":"https:\/\/www.facebook.com\/etecnic?fref=ts%2f","article_published_time":"2018-12-01T11:05:10+00:00","article_modified_time":"2023-05-31T11:13:07+00:00","og_image":[{"width":1600,"height":1200,"url":"https:\/\/etecnic.es\/wp-content\/uploads\/2018\/12\/WhatsApp-Image-2018-11-29-at-12.46.43.jpeg","type":"image\/jpeg"}],"author":"adminetecnic","twitter_card":"summary_large_image","twitter_creator":"@etecnic","twitter_site":"@etecnic","twitter_misc":{"Escrit per":"adminetecnic","Temps estimat de lectura":"3 minutes"},"schema":{"@context":"https:\/\/schema.org","@graph":[{"@type":"Article","@id":"https:\/\/etecnic.es\/ca\/noticies\/nou-punt-de-recarrega-a-alcover-ingerev-fusion-de-ingeteam\/#article","isPartOf":{"@id":"https:\/\/etecnic.es\/ca\/noticies\/nou-punt-de-recarrega-a-alcover-ingerev-fusion-de-ingeteam\/"},"author":{"name":"adminetecnic","@id":"https:\/\/etecnic.es\/#\/schema\/person\/f9d89d791b5f70d806250a61e52bb741"},"headline":"Nou punt de rec\u00e0rrega a Alcover \/ INGEREV FUSION de INGETEAM","datePublished":"2018-12-01T11:05:10+00:00","dateModified":"2023-05-31T11:13:07+00:00","mainEntityOfPage":{"@id":"https:\/\/etecnic.es\/ca\/noticies\/nou-punt-de-recarrega-a-alcover-ingerev-fusion-de-ingeteam\/"},"wordCount":407,"image":{"@id":"https:\/\/etecnic.es\/ca\/noticies\/nou-punt-de-recarrega-a-alcover-ingerev-fusion-de-ingeteam\/#primaryimage"},"thumbnailUrl":"https:\/\/etecnic.es\/wp-content\/uploads\/2018\/12\/WhatsApp-Image-2018-11-29-at-12.46.43.jpeg","keywords":["ACM","efici\u00e8ncia energ\u00e8tica","ETECNIC","infraestructura de rec\u00e0rrega","Ingeteam","mobilitat el\u00e8ctrica","mobilitat sostenible","punts de rec\u00e0rrega","Smart Energy Manager","vehicles electrics"],"articleSection":["Not\u00edcies","Productes","Z-Puntos de recarga"],"inLanguage":"ca"},{"@type":"WebPage","@id":"https:\/\/etecnic.es\/ca\/noticies\/nou-punt-de-recarrega-a-alcover-ingerev-fusion-de-ingeteam\/","url":"https:\/\/etecnic.es\/ca\/noticies\/nou-punt-de-recarrega-a-alcover-ingerev-fusion-de-ingeteam\/","name":"Nou punt de rec\u00e0rrega a Alcover \/ INGEREV FUSION de INGETEAM","isPartOf":{"@id":"https:\/\/etecnic.es\/#website"},"primaryImageOfPage":{"@id":"https:\/\/etecnic.es\/ca\/noticies\/nou-punt-de-recarrega-a-alcover-ingerev-fusion-de-ingeteam\/#primaryimage"},"image":{"@id":"https:\/\/etecnic.es\/ca\/noticies\/nou-punt-de-recarrega-a-alcover-ingerev-fusion-de-ingeteam\/#primaryimage"},"thumbnailUrl":"https:\/\/etecnic.es\/wp-content\/uploads\/2018\/12\/WhatsApp-Image-2018-11-29-at-12.46.43.jpeg","datePublished":"2018-12-01T11:05:10+00:00","dateModified":"2023-05-31T11:13:07+00:00","author":{"@id":"https:\/\/etecnic.es\/#\/schema\/person\/f9d89d791b5f70d806250a61e52bb741"},"description":"Alcover ja disposa d'un punt de rec\u00e0rrega per a vehicles el\u00e8ctrics.Etecnic va assistir a la presentaci\u00f3 dels nous carregadors INGEREV FUSION de\u00a0Ingeteam.","breadcrumb":{"@id":"https:\/\/etecnic.es\/ca\/noticies\/nou-punt-de-recarrega-a-alcover-ingerev-fusion-de-ingeteam\/#breadcrumb"},"inLanguage":"ca","potentialAction":[{"@type":"ReadAction","target":["https:\/\/etecnic.es\/ca\/noticies\/nou-punt-de-recarrega-a-alcover-ingerev-fusion-de-ingeteam\/"]}]},{"@type":"ImageObject","inLanguage":"ca","@id":"https:\/\/etecnic.es\/ca\/noticies\/nou-punt-de-recarrega-a-alcover-ingerev-fusion-de-ingeteam\/#primaryimage","url":"https:\/\/etecnic.es\/wp-content\/uploads\/2018\/12\/WhatsApp-Image-2018-11-29-at-12.46.43.jpeg","contentUrl":"https:\/\/etecnic.es\/wp-content\/uploads\/2018\/12\/WhatsApp-Image-2018-11-29-at-12.46.43.jpeg","width":1600,"height":1200},{"@type":"BreadcrumbList","@id":"https:\/\/etecnic.es\/ca\/noticies\/nou-punt-de-recarrega-a-alcover-ingerev-fusion-de-ingeteam\/#breadcrumb","itemListElement":[{"@type":"ListItem","position":1,"name":"Portada","item":"https:\/\/etecnic.es\/ca\/"},{"@type":"ListItem","position":2,"name":"Nou punt de rec\u00e0rrega a Alcover \/ INGEREV FUSION de INGETEAM"}]},{"@type":"WebSite","@id":"https:\/\/etecnic.es\/#website","url":"https:\/\/etecnic.es\/","name":"Etecnic - Delivering End-to-end charging solution for electric vehicles","description":"EVcharge is the software platform that allows you to manage and operate your smart charging points to scale your business. Comprehensive control software and App solution.","potentialAction":[{"@type":"SearchAction","target":{"@type":"EntryPoint","urlTemplate":"https:\/\/etecnic.es\/?s={search_term_string}"},"query-input":{"@type":"PropertyValueSpecification","valueRequired":true,"valueName":"search_term_string"}}],"inLanguage":"ca"},{"@type":"Person","@id":"https:\/\/etecnic.es\/#\/schema\/person\/f9d89d791b5f70d806250a61e52bb741","name":"adminetecnic","image":{"@type":"ImageObject","inLanguage":"ca","@id":"https:\/\/secure.gravatar.com\/avatar\/ea24b8f7949137f0763045d98d115a3f8ee890a1d9b469c9aecac3c563866de5?s=96&d=mm&r=g","url":"https:\/\/secure.gravatar.com\/avatar\/ea24b8f7949137f0763045d98d115a3f8ee890a1d9b469c9aecac3c563866de5?s=96&d=mm&r=g","contentUrl":"https:\/\/secure.gravatar.com\/avatar\/ea24b8f7949137f0763045d98d115a3f8ee890a1d9b469c9aecac3c563866de5?s=96&d=mm&r=g","caption":"adminetecnic"},"url":"https:\/\/etecnic.es\/ca\/author\/adminetecnic\/"}]}},"_links":{"self":[{"href":"https:\/\/etecnic.es\/ca\/wp-json\/wp\/v2\/posts\/6774","targetHints":{"allow":["GET"]}}],"collection":[{"href":"https:\/\/etecnic.es\/ca\/wp-json\/wp\/v2\/posts"}],"about":[{"href":"https:\/\/etecnic.es\/ca\/wp-json\/wp\/v2\/types\/post"}],"author":[{"embeddable":true,"href":"https:\/\/etecnic.es\/ca\/wp-json\/wp\/v2\/users\/4"}],"replies":[{"embeddable":true,"href":"https:\/\/etecnic.es\/ca\/wp-json\/wp\/v2\/comments?post=6774"}],"version-history":[{"count":3,"href":"https:\/\/etecnic.es\/ca\/wp-json\/wp\/v2\/posts\/6774\/revisions"}],"predecessor-version":[{"id":19277,"href":"https:\/\/etecnic.es\/ca\/wp-json\/wp\/v2\/posts\/6774\/revisions\/19277"}],"wp:featuredmedia":[{"embeddable":true,"href":"https:\/\/etecnic.es\/ca\/wp-json\/wp\/v2\/media\/6769"}],"wp:attachment":[{"href":"https:\/\/etecnic.es\/ca\/wp-json\/wp\/v2\/media?parent=6774"}],"wp:term":[{"taxonomy":"category","embeddable":true,"href":"https:\/\/etecnic.es\/ca\/wp-json\/wp\/v2\/categories?post=6774"},{"taxonomy":"post_tag","embeddable":true,"href":"https:\/\/etecnic.es\/ca\/wp-json\/wp\/v2\/tags?post=6774"}],"curies":[{"name":"wp","href":"https:\/\/api.w.org\/{rel}","templated":true}]}}