{"id":6606,"date":"2018-06-25T08:20:51","date_gmt":"2018-06-25T08:20:51","guid":{"rendered":"http:\/\/etecnic.etecnic.org\/ca\/sin-categoria-ca\/acuerdo-racc-etecnic-para-hacer-mas-sostenibles-las-flotas-de-vehiculos\/"},"modified":"2019-12-17T07:29:38","modified_gmt":"2019-12-17T07:29:38","slug":"acord-racc-etecnic-per-fer-mes-sostenibles-les-flotes-de-vehicles","status":"publish","type":"post","link":"https:\/\/etecnic.es\/ca\/viu-etecnic-z\/acord-racc-etecnic-per-fer-mes-sostenibles-les-flotes-de-vehicles\/","title":{"rendered":"Acord RACC-Etecnic per fer m\u00e9s sostenibles les flotes de vehicles"},"content":{"rendered":"<h2 style=\"text-align: center;\"><strong>EL RACC (Real Autom\u00f2bil Club de Catalunya) i Etecnic energy &amp; mobility\u00a0<\/strong><strong>signen un acord de col\u00b7laboraci\u00f3 per facilitar a les empreses i administracions tota la informaci\u00f3 i experi\u00e8ncia necess\u00e0ria entorn a la instal\u00b7laci\u00f3 i \u00fas d\u2019infraestructura i vehicles el\u00e8ctrics.<\/strong><\/h2>\n<p style=\"text-align: center;\">Com a l\u00edder en serveis de mobilitat per empreses a Catalunya i l\u2019Estat, el <a href=\"https:\/\/www.racc.es\/\"><strong>RACC <\/strong><\/a>aporta la seva experi\u00e8ncia i coneixement obtingut en la seva participaci\u00f3 en projectes d\u2019\u00e0mbit europeu per incentivar l\u2019\u00fas de vehicles m\u00e9s sostenibles. Per la seva part <strong>Etecnic energy &amp; mobility<\/strong>, com a principal operador de <strong>mobilitat el\u00e8ctrica<\/strong> a Catalunya, aporta la seva traject\u00f2ria com a empresa capdavantera en instal\u00b7laci\u00f3, gesti\u00f3 i manteniment de punts de rec\u00e0rrega per a vehicles el\u00e8ctrics. Ambdues empreses doncs, signen un <span style=\"color: #0000ff;\"><a style=\"color: #0000ff;\" href=\"https:\/\/fundacio.racc.cat\/assessorament\">acord per oferir un servei integral de <strong>mobilitat sostenible<\/strong><\/a><\/span>, apostant per la <strong>descarbonitzaci\u00f3 de flotes<\/strong> i <strong>implantaci\u00f3 del vehicle el\u00e8ctric<\/strong>, a aquelles empreses i administracions que ho desitgin.<\/p>\n","protected":false},"excerpt":{"rendered":"<p>EL RACC (Real Autom\u00f2bil Club de Catalunya) i Etecnic energy &amp; mobility\u00a0signen un acord de col\u00b7laboraci\u00f3 per facilitar a les empreses i administracions tota la informaci\u00f3 i experi\u00e8ncia necess\u00e0ria entorn a la instal\u00b7laci\u00f3 i \u00fas d\u2019infraestructura i vehicles el\u00e8ctrics. Com a l\u00edder en serveis de mobilitat per empreses a Catalunya i l\u2019Estat, el RACC aporta la seva experi\u00e8ncia i coneixement obtingut en la  [&#8230;]<\/p>\n","protected":false},"author":4,"featured_media":11310,"comment_status":"closed","ping_status":"closed","sticky":false,"template":"","format":"standard","meta":{"footnotes":"","_links_to":"","_links_to_target":""},"categories":[689,705,684,44],"tags":[337,340,332,276,267,316,342,339,331,333,351,354],"class_list":["post-6606","post","type-post","status-publish","format-standard","has-post-thumbnail","hentry","category-acords","category-empresa-ca","category-ingenieria-i-consultoria","category-viu-etecnic-z","tag-descarbonizacion-de-flotas","tag-descarbonizacion-de-flotas-ca","tag-etecnic-ca","tag-etecnic","tag-movilidad-electrica","tag-movilidad-electrica-ca","tag-movilidad-sostenible-ca","tag-movilidad-sostenible","tag-puntos-de-recarga","tag-puntos-de-recarga-ca","tag-racc","tag-racc-ca"],"yoast_head":"<!-- This site is optimized with the Yoast SEO plugin v28.4 - https:\/\/yoast.com\/product\/yoast-seo-wordpress\/ -->\n<title>Acord RACC-Etecnic per fer m\u00e9s sostenibles les flotes de vehicles Etecnic - Delivering End-to-end charging solution for electric vehicles<\/title>\n<meta name=\"description\" content=\"EL RACC y Etecnic signen un acord de col\u00b7laboraci\u00f3 per facilitar a les empreses i administracions la mobilitat sostenible i el vehicle el\u00e8ctric\" \/>\n<meta name=\"robots\" content=\"index, follow, max-snippet:-1, max-image-preview:large, max-video-preview:-1\" \/>\n<link rel=\"canonical\" href=\"https:\/\/etecnic.es\/ca\/viu-etecnic-z\/acord-racc-etecnic-per-fer-mes-sostenibles-les-flotes-de-vehicles\/\" \/>\n<meta property=\"og:locale\" content=\"ca_ES\" \/>\n<meta property=\"og:type\" content=\"article\" \/>\n<meta property=\"og:title\" content=\"Acord RACC-Etecnic per fer m\u00e9s sostenibles les flotes de vehicles Etecnic - Delivering End-to-end charging solution for electric vehicles\" \/>\n<meta property=\"og:description\" content=\"EL RACC y Etecnic signen un acord de col\u00b7laboraci\u00f3 per facilitar a les empreses i administracions la mobilitat sostenible i el vehicle el\u00e8ctric\" \/>\n<meta property=\"og:url\" content=\"https:\/\/etecnic.es\/ca\/viu-etecnic-z\/acord-racc-etecnic-per-fer-mes-sostenibles-les-flotes-de-vehicles\/\" \/>\n<meta property=\"og:site_name\" content=\"Etecnic - Delivering End-to-end charging solution for electric vehicles\" \/>\n<meta property=\"article:publisher\" content=\"https:\/\/www.facebook.com\/etecnic?fref=ts%2f\" \/>\n<meta property=\"article:published_time\" content=\"2018-06-25T08:20:51+00:00\" \/>\n<meta property=\"article:modified_time\" content=\"2019-12-17T07:29:38+00:00\" \/>\n<meta property=\"og:image\" content=\"https:\/\/etecnic.es\/wp-content\/uploads\/2018\/06\/racc.jpg\" \/>\n\t<meta property=\"og:image:width\" content=\"1200\" \/>\n\t<meta property=\"og:image:height\" content=\"800\" \/>\n\t<meta property=\"og:image:type\" content=\"image\/jpeg\" \/>\n<meta name=\"author\" content=\"adminetecnic\" \/>\n<meta name=\"twitter:card\" content=\"summary_large_image\" \/>\n<meta name=\"twitter:creator\" content=\"@etecnic\" \/>\n<meta name=\"twitter:site\" content=\"@etecnic\" \/>\n<meta name=\"twitter:label1\" content=\"Escrit per\" \/>\n\t<meta name=\"twitter:data1\" content=\"adminetecnic\" \/>\n\t<meta name=\"twitter:label2\" content=\"Temps estimat de lectura\" \/>\n\t<meta name=\"twitter:data2\" content=\"1 minute\" \/>\n<script type=\"application\/ld+json\" class=\"yoast-schema-graph\">{\"@context\":\"https:\\\/\\\/schema.org\",\"@graph\":[{\"@type\":\"Article\",\"@id\":\"https:\\\/\\\/etecnic.es\\\/ca\\\/viu-etecnic-z\\\/acord-racc-etecnic-per-fer-mes-sostenibles-les-flotes-de-vehicles\\\/#article\",\"isPartOf\":{\"@id\":\"https:\\\/\\\/etecnic.es\\\/ca\\\/viu-etecnic-z\\\/acord-racc-etecnic-per-fer-mes-sostenibles-les-flotes-de-vehicles\\\/\"},\"author\":{\"name\":\"adminetecnic\",\"@id\":\"https:\\\/\\\/etecnic.es\\\/#\\\/schema\\\/person\\\/f9d89d791b5f70d806250a61e52bb741\"},\"headline\":\"Acord RACC-Etecnic per fer m\u00e9s sostenibles les flotes de vehicles\",\"datePublished\":\"2018-06-25T08:20:51+00:00\",\"dateModified\":\"2019-12-17T07:29:38+00:00\",\"mainEntityOfPage\":{\"@id\":\"https:\\\/\\\/etecnic.es\\\/ca\\\/viu-etecnic-z\\\/acord-racc-etecnic-per-fer-mes-sostenibles-les-flotes-de-vehicles\\\/\"},\"wordCount\":178,\"image\":{\"@id\":\"https:\\\/\\\/etecnic.es\\\/ca\\\/viu-etecnic-z\\\/acord-racc-etecnic-per-fer-mes-sostenibles-les-flotes-de-vehicles\\\/#primaryimage\"},\"thumbnailUrl\":\"https:\\\/\\\/etecnic.es\\\/wp-content\\\/uploads\\\/2018\\\/06\\\/racc.jpg\",\"keywords\":[\"Descarbonizaci\u00f3n de flotas\",\"Descarbonizaci\u00f3n de flotas\",\"ETECNIC\",\"ETECNIC\",\"Movilidad el\u00e9ctrica\",\"Movilidad el\u00e9ctrica\",\"movilidad sostenible\",\"movilidad sostenible\",\"Puntos de recarga\",\"puntos de recarga\",\"RACC\",\"RACC\"],\"articleSection\":[\"Acords\",\"Empresa\",\"Z-Ingenieria i Consultoria\",\"Z-Viu etecnic\"],\"inLanguage\":\"ca\"},{\"@type\":\"WebPage\",\"@id\":\"https:\\\/\\\/etecnic.es\\\/ca\\\/viu-etecnic-z\\\/acord-racc-etecnic-per-fer-mes-sostenibles-les-flotes-de-vehicles\\\/\",\"url\":\"https:\\\/\\\/etecnic.es\\\/ca\\\/viu-etecnic-z\\\/acord-racc-etecnic-per-fer-mes-sostenibles-les-flotes-de-vehicles\\\/\",\"name\":\"Acord RACC-Etecnic per fer m\u00e9s sostenibles les flotes de vehicles Etecnic - Delivering End-to-end charging solution for electric vehicles\",\"isPartOf\":{\"@id\":\"https:\\\/\\\/etecnic.es\\\/#website\"},\"primaryImageOfPage\":{\"@id\":\"https:\\\/\\\/etecnic.es\\\/ca\\\/viu-etecnic-z\\\/acord-racc-etecnic-per-fer-mes-sostenibles-les-flotes-de-vehicles\\\/#primaryimage\"},\"image\":{\"@id\":\"https:\\\/\\\/etecnic.es\\\/ca\\\/viu-etecnic-z\\\/acord-racc-etecnic-per-fer-mes-sostenibles-les-flotes-de-vehicles\\\/#primaryimage\"},\"thumbnailUrl\":\"https:\\\/\\\/etecnic.es\\\/wp-content\\\/uploads\\\/2018\\\/06\\\/racc.jpg\",\"datePublished\":\"2018-06-25T08:20:51+00:00\",\"dateModified\":\"2019-12-17T07:29:38+00:00\",\"author\":{\"@id\":\"https:\\\/\\\/etecnic.es\\\/#\\\/schema\\\/person\\\/f9d89d791b5f70d806250a61e52bb741\"},\"description\":\"EL RACC y Etecnic signen un acord de col\u00b7laboraci\u00f3 per facilitar a les empreses i administracions la mobilitat sostenible i el vehicle el\u00e8ctric\",\"breadcrumb\":{\"@id\":\"https:\\\/\\\/etecnic.es\\\/ca\\\/viu-etecnic-z\\\/acord-racc-etecnic-per-fer-mes-sostenibles-les-flotes-de-vehicles\\\/#breadcrumb\"},\"inLanguage\":\"ca\",\"potentialAction\":[{\"@type\":\"ReadAction\",\"target\":[\"https:\\\/\\\/etecnic.es\\\/ca\\\/viu-etecnic-z\\\/acord-racc-etecnic-per-fer-mes-sostenibles-les-flotes-de-vehicles\\\/\"]}]},{\"@type\":\"ImageObject\",\"inLanguage\":\"ca\",\"@id\":\"https:\\\/\\\/etecnic.es\\\/ca\\\/viu-etecnic-z\\\/acord-racc-etecnic-per-fer-mes-sostenibles-les-flotes-de-vehicles\\\/#primaryimage\",\"url\":\"https:\\\/\\\/etecnic.es\\\/wp-content\\\/uploads\\\/2018\\\/06\\\/racc.jpg\",\"contentUrl\":\"https:\\\/\\\/etecnic.es\\\/wp-content\\\/uploads\\\/2018\\\/06\\\/racc.jpg\",\"width\":1200,\"height\":800},{\"@type\":\"BreadcrumbList\",\"@id\":\"https:\\\/\\\/etecnic.es\\\/ca\\\/viu-etecnic-z\\\/acord-racc-etecnic-per-fer-mes-sostenibles-les-flotes-de-vehicles\\\/#breadcrumb\",\"itemListElement\":[{\"@type\":\"ListItem\",\"position\":1,\"name\":\"Portada\",\"item\":\"https:\\\/\\\/etecnic.es\\\/ca\\\/\"},{\"@type\":\"ListItem\",\"position\":2,\"name\":\"Acord RACC-Etecnic per fer m\u00e9s sostenibles les flotes de vehicles\"}]},{\"@type\":\"WebSite\",\"@id\":\"https:\\\/\\\/etecnic.es\\\/#website\",\"url\":\"https:\\\/\\\/etecnic.es\\\/\",\"name\":\"Etecnic - Delivering End-to-end charging solution for electric vehicles\",\"description\":\"EVcharge is the software platform that allows you to manage and operate your smart charging points to scale your business. Comprehensive control software and App solution.\",\"potentialAction\":[{\"@type\":\"SearchAction\",\"target\":{\"@type\":\"EntryPoint\",\"urlTemplate\":\"https:\\\/\\\/etecnic.es\\\/?s={search_term_string}\"},\"query-input\":{\"@type\":\"PropertyValueSpecification\",\"valueRequired\":true,\"valueName\":\"search_term_string\"}}],\"inLanguage\":\"ca\"},{\"@type\":\"Person\",\"@id\":\"https:\\\/\\\/etecnic.es\\\/#\\\/schema\\\/person\\\/f9d89d791b5f70d806250a61e52bb741\",\"name\":\"adminetecnic\",\"image\":{\"@type\":\"ImageObject\",\"inLanguage\":\"ca\",\"@id\":\"https:\\\/\\\/secure.gravatar.com\\\/avatar\\\/ea24b8f7949137f0763045d98d115a3f8ee890a1d9b469c9aecac3c563866de5?s=96&d=mm&r=g\",\"url\":\"https:\\\/\\\/secure.gravatar.com\\\/avatar\\\/ea24b8f7949137f0763045d98d115a3f8ee890a1d9b469c9aecac3c563866de5?s=96&d=mm&r=g\",\"contentUrl\":\"https:\\\/\\\/secure.gravatar.com\\\/avatar\\\/ea24b8f7949137f0763045d98d115a3f8ee890a1d9b469c9aecac3c563866de5?s=96&d=mm&r=g\",\"caption\":\"adminetecnic\"},\"url\":\"https:\\\/\\\/etecnic.es\\\/ca\\\/author\\\/adminetecnic\\\/\"}]}<\/script>\n<!-- \/ Yoast SEO plugin. -->","yoast_head_json":{"title":"Acord RACC-Etecnic per fer m\u00e9s sostenibles les flotes de vehicles Etecnic - Delivering End-to-end charging solution for electric vehicles","description":"EL RACC y Etecnic signen un acord de col\u00b7laboraci\u00f3 per facilitar a les empreses i administracions la mobilitat sostenible i el vehicle el\u00e8ctric","robots":{"index":"index","follow":"follow","max-snippet":"max-snippet:-1","max-image-preview":"max-image-preview:large","max-video-preview":"max-video-preview:-1"},"canonical":"https:\/\/etecnic.es\/ca\/viu-etecnic-z\/acord-racc-etecnic-per-fer-mes-sostenibles-les-flotes-de-vehicles\/","og_locale":"ca_ES","og_type":"article","og_title":"Acord RACC-Etecnic per fer m\u00e9s sostenibles les flotes de vehicles Etecnic - Delivering End-to-end charging solution for electric vehicles","og_description":"EL RACC y Etecnic signen un acord de col\u00b7laboraci\u00f3 per facilitar a les empreses i administracions la mobilitat sostenible i el vehicle el\u00e8ctric","og_url":"https:\/\/etecnic.es\/ca\/viu-etecnic-z\/acord-racc-etecnic-per-fer-mes-sostenibles-les-flotes-de-vehicles\/","og_site_name":"Etecnic - Delivering End-to-end charging solution for electric vehicles","article_publisher":"https:\/\/www.facebook.com\/etecnic?fref=ts%2f","article_published_time":"2018-06-25T08:20:51+00:00","article_modified_time":"2019-12-17T07:29:38+00:00","og_image":[{"width":1200,"height":800,"url":"https:\/\/etecnic.es\/wp-content\/uploads\/2018\/06\/racc.jpg","type":"image\/jpeg"}],"author":"adminetecnic","twitter_card":"summary_large_image","twitter_creator":"@etecnic","twitter_site":"@etecnic","twitter_misc":{"Escrit per":"adminetecnic","Temps estimat de lectura":"1 minute"},"schema":{"@context":"https:\/\/schema.org","@graph":[{"@type":"Article","@id":"https:\/\/etecnic.es\/ca\/viu-etecnic-z\/acord-racc-etecnic-per-fer-mes-sostenibles-les-flotes-de-vehicles\/#article","isPartOf":{"@id":"https:\/\/etecnic.es\/ca\/viu-etecnic-z\/acord-racc-etecnic-per-fer-mes-sostenibles-les-flotes-de-vehicles\/"},"author":{"name":"adminetecnic","@id":"https:\/\/etecnic.es\/#\/schema\/person\/f9d89d791b5f70d806250a61e52bb741"},"headline":"Acord RACC-Etecnic per fer m\u00e9s sostenibles les flotes de vehicles","datePublished":"2018-06-25T08:20:51+00:00","dateModified":"2019-12-17T07:29:38+00:00","mainEntityOfPage":{"@id":"https:\/\/etecnic.es\/ca\/viu-etecnic-z\/acord-racc-etecnic-per-fer-mes-sostenibles-les-flotes-de-vehicles\/"},"wordCount":178,"image":{"@id":"https:\/\/etecnic.es\/ca\/viu-etecnic-z\/acord-racc-etecnic-per-fer-mes-sostenibles-les-flotes-de-vehicles\/#primaryimage"},"thumbnailUrl":"https:\/\/etecnic.es\/wp-content\/uploads\/2018\/06\/racc.jpg","keywords":["Descarbonizaci\u00f3n de flotas","Descarbonizaci\u00f3n de flotas","ETECNIC","ETECNIC","Movilidad el\u00e9ctrica","Movilidad el\u00e9ctrica","movilidad sostenible","movilidad sostenible","Puntos de recarga","puntos de recarga","RACC","RACC"],"articleSection":["Acords","Empresa","Z-Ingenieria i Consultoria","Z-Viu etecnic"],"inLanguage":"ca"},{"@type":"WebPage","@id":"https:\/\/etecnic.es\/ca\/viu-etecnic-z\/acord-racc-etecnic-per-fer-mes-sostenibles-les-flotes-de-vehicles\/","url":"https:\/\/etecnic.es\/ca\/viu-etecnic-z\/acord-racc-etecnic-per-fer-mes-sostenibles-les-flotes-de-vehicles\/","name":"Acord RACC-Etecnic per fer m\u00e9s sostenibles les flotes de vehicles Etecnic - Delivering End-to-end charging solution for electric vehicles","isPartOf":{"@id":"https:\/\/etecnic.es\/#website"},"primaryImageOfPage":{"@id":"https:\/\/etecnic.es\/ca\/viu-etecnic-z\/acord-racc-etecnic-per-fer-mes-sostenibles-les-flotes-de-vehicles\/#primaryimage"},"image":{"@id":"https:\/\/etecnic.es\/ca\/viu-etecnic-z\/acord-racc-etecnic-per-fer-mes-sostenibles-les-flotes-de-vehicles\/#primaryimage"},"thumbnailUrl":"https:\/\/etecnic.es\/wp-content\/uploads\/2018\/06\/racc.jpg","datePublished":"2018-06-25T08:20:51+00:00","dateModified":"2019-12-17T07:29:38+00:00","author":{"@id":"https:\/\/etecnic.es\/#\/schema\/person\/f9d89d791b5f70d806250a61e52bb741"},"description":"EL RACC y Etecnic signen un acord de col\u00b7laboraci\u00f3 per facilitar a les empreses i administracions la mobilitat sostenible i el vehicle el\u00e8ctric","breadcrumb":{"@id":"https:\/\/etecnic.es\/ca\/viu-etecnic-z\/acord-racc-etecnic-per-fer-mes-sostenibles-les-flotes-de-vehicles\/#breadcrumb"},"inLanguage":"ca","potentialAction":[{"@type":"ReadAction","target":["https:\/\/etecnic.es\/ca\/viu-etecnic-z\/acord-racc-etecnic-per-fer-mes-sostenibles-les-flotes-de-vehicles\/"]}]},{"@type":"ImageObject","inLanguage":"ca","@id":"https:\/\/etecnic.es\/ca\/viu-etecnic-z\/acord-racc-etecnic-per-fer-mes-sostenibles-les-flotes-de-vehicles\/#primaryimage","url":"https:\/\/etecnic.es\/wp-content\/uploads\/2018\/06\/racc.jpg","contentUrl":"https:\/\/etecnic.es\/wp-content\/uploads\/2018\/06\/racc.jpg","width":1200,"height":800},{"@type":"BreadcrumbList","@id":"https:\/\/etecnic.es\/ca\/viu-etecnic-z\/acord-racc-etecnic-per-fer-mes-sostenibles-les-flotes-de-vehicles\/#breadcrumb","itemListElement":[{"@type":"ListItem","position":1,"name":"Portada","item":"https:\/\/etecnic.es\/ca\/"},{"@type":"ListItem","position":2,"name":"Acord RACC-Etecnic per fer m\u00e9s sostenibles les flotes de vehicles"}]},{"@type":"WebSite","@id":"https:\/\/etecnic.es\/#website","url":"https:\/\/etecnic.es\/","name":"Etecnic - Delivering End-to-end charging solution for electric vehicles","description":"EVcharge is the software platform that allows you to manage and operate your smart charging points to scale your business. Comprehensive control software and App solution.","potentialAction":[{"@type":"SearchAction","target":{"@type":"EntryPoint","urlTemplate":"https:\/\/etecnic.es\/?s={search_term_string}"},"query-input":{"@type":"PropertyValueSpecification","valueRequired":true,"valueName":"search_term_string"}}],"inLanguage":"ca"},{"@type":"Person","@id":"https:\/\/etecnic.es\/#\/schema\/person\/f9d89d791b5f70d806250a61e52bb741","name":"adminetecnic","image":{"@type":"ImageObject","inLanguage":"ca","@id":"https:\/\/secure.gravatar.com\/avatar\/ea24b8f7949137f0763045d98d115a3f8ee890a1d9b469c9aecac3c563866de5?s=96&d=mm&r=g","url":"https:\/\/secure.gravatar.com\/avatar\/ea24b8f7949137f0763045d98d115a3f8ee890a1d9b469c9aecac3c563866de5?s=96&d=mm&r=g","contentUrl":"https:\/\/secure.gravatar.com\/avatar\/ea24b8f7949137f0763045d98d115a3f8ee890a1d9b469c9aecac3c563866de5?s=96&d=mm&r=g","caption":"adminetecnic"},"url":"https:\/\/etecnic.es\/ca\/author\/adminetecnic\/"}]}},"_links":{"self":[{"href":"https:\/\/etecnic.es\/ca\/wp-json\/wp\/v2\/posts\/6606","targetHints":{"allow":["GET"]}}],"collection":[{"href":"https:\/\/etecnic.es\/ca\/wp-json\/wp\/v2\/posts"}],"about":[{"href":"https:\/\/etecnic.es\/ca\/wp-json\/wp\/v2\/types\/post"}],"author":[{"embeddable":true,"href":"https:\/\/etecnic.es\/ca\/wp-json\/wp\/v2\/users\/4"}],"replies":[{"embeddable":true,"href":"https:\/\/etecnic.es\/ca\/wp-json\/wp\/v2\/comments?post=6606"}],"version-history":[{"count":3,"href":"https:\/\/etecnic.es\/ca\/wp-json\/wp\/v2\/posts\/6606\/revisions"}],"predecessor-version":[{"id":6610,"href":"https:\/\/etecnic.es\/ca\/wp-json\/wp\/v2\/posts\/6606\/revisions\/6610"}],"wp:featuredmedia":[{"embeddable":true,"href":"https:\/\/etecnic.es\/ca\/wp-json\/wp\/v2\/media\/11310"}],"wp:attachment":[{"href":"https:\/\/etecnic.es\/ca\/wp-json\/wp\/v2\/media?parent=6606"}],"wp:term":[{"taxonomy":"category","embeddable":true,"href":"https:\/\/etecnic.es\/ca\/wp-json\/wp\/v2\/categories?post=6606"},{"taxonomy":"post_tag","embeddable":true,"href":"https:\/\/etecnic.es\/ca\/wp-json\/wp\/v2\/tags?post=6606"}],"curies":[{"name":"wp","href":"https:\/\/api.w.org\/{rel}","templated":true}]}}