{"id":6427,"date":"2018-03-23T18:49:24","date_gmt":"2018-03-23T18:49:24","guid":{"rendered":"http:\/\/etecnic.etecnic.org\/ca\/sin-categoria-ca\/descarbonizacion-flotas-infraestructura-recarga-vehiculos-electricos\/"},"modified":"2021-08-03T06:03:53","modified_gmt":"2021-08-03T06:03:53","slug":"descarbonitzacio-de-flotes-i-infraestructura-de-recarrega-per-a-vehicles-electrics","status":"publish","type":"post","link":"https:\/\/etecnic.es\/ca\/noticies\/viu-etecnic\/projectes\/descarbonitzacio-de-flotes-i-infraestructura-de-recarrega-per-a-vehicles-electrics\/","title":{"rendered":"Descarbonitzaci\u00f3 de flotes i infraestructura de rec\u00e0rrega per a vehicles el\u00e8ctrics"},"content":{"rendered":"<h4 style=\"text-align: center;\"><strong>&#8220;Hi ha el risc de no tenir infraestructura preparada per donar suport a l&#8217;imminent desplegament de mercat&#8221;<\/strong><\/h4>\n<p style=\"text-align: center;\">La transici\u00f3 cap a la mobilitat sostenible no \u00e9s casualitat. Europa avisa: els Estats membres hauran d&#8217;aconseguir el 2030 el 35% de vehicles nets en cotxes i furgonetes. A data d&#8217;avui, grans empreses ja estan apostant per la realitzaci\u00f3 d&#8217;estudis de descarbonitzaci\u00f3 de flotes i mobilitat sostenible, aix\u00ed com projectes d&#8217;instal\u00b7laci\u00f3 d&#8217;infraestructura de rec\u00e0rrega per a vehicles el\u00e8ctrics.<\/p>\n<h4 style=\"text-align: center;\"><strong>Parlem sobre el tema amb Jorge Rius, CEO de Etecnic energy &amp; mobility<\/strong><\/h4>\n<p style=\"text-align: center;\"><strong>P.Parece que l&#8217;Ag\u00e8ncia Europea de Medi Ambient (EEA) alerta de la import\u00e0ncia d&#8217;estar preparat per al canvi.<\/strong><\/p>\n<p style=\"text-align: center;\">Aix\u00ed \u00e9s. I hem d&#8217;estar preparats per a aix\u00f2. Europa avisa que l&#8217;impacte de les emissions lligades a al sector de l&#8217;transport \u00e9s molt elevat i ja est\u00e0 prenent mesures per revertir una situaci\u00f3 que afecta greument el medi ambient i la salut de tots nosaltres.<\/p>\n<p style=\"text-align: center;\"><strong>P.\u00bfCu\u00e1l \u00e9s la problem\u00e0tica i l&#8217;impacte real d&#8217;aquestes emissions lligades a l&#8217;transport?<\/strong><\/p>\n<p style=\"text-align: center;\">Durant 2017 i 2018, diverses grans ciutats estan adoptant mesures per limitar la circulaci\u00f3 de vehicles propulsats per energies f\u00f2ssils. I aquestes mesures s&#8217;estan expandint a noves ciutats. Les emissions de CO2 lligades a al sector de l&#8217;transport representen a Europa m\u00e9s d&#8217;un quart de l&#8217;total i amb tend\u00e8ncia creixent. Passa el mateix amb les emissions d&#8217;\u00f2xids de nitrogen i micropart\u00edcules. Tot aix\u00f2 suposa un greu problema mediambiental, ja que la pol\u00b7luci\u00f3 produeix a Europa 400.000 morts prematures cada any. I no nom\u00e9s aix\u00f2, l&#8217;impacte per soroll \u00e9s tamb\u00e9 un problema de salut creixent. Segons la pr\u00f2pia EEA, el soroll contribueix a l&#8217;almenys a 900.000 casos d&#8217;hipertensi\u00f3, 43.000 ingressos hospitalaris addicionals i 10.000 morts prematures cada any. Gaireb\u00e9 el 90% dels impactes de contaminaci\u00f3 ac\u00fastica per exposici\u00f3 a soroll est\u00e0 associat a l&#8217;tr\u00e0nsit.<\/p>\n<p style=\"text-align: center;\"><strong>P.\u00bfQu\u00e9 mesures s&#8217;estan prenent per revertir aquesta situaci\u00f3 en el camp de la mobilitat?<\/strong><\/p>\n<p style=\"text-align: center;\">La Comissi\u00f3 Europea va publicar el 2011 el Llibre Blanc de l&#8217;Transport que va establir uns objectius ambiciosos per a la reducci\u00f3 d&#8217;emissions de gasos d&#8217;efecte hivernacle aix\u00ed com un conjunt d&#8217;iniciatives per a la transformaci\u00f3 de el sector. Els governs tenen un paper clau impulsant pol\u00edtiques que incentivin la mobilitat sostenible i la descarbonitzaci\u00f3 de flotes. Les dades ens demostren que aquesta transici\u00f3 a Europa \u00e9s ja una realitat en pa\u00efsos com Noruega, un 35% de el parc automobil\u00edstic \u00e9s el\u00e8ctric, o Fran\u00e7a, l\u00edder en la venda de vehicles el\u00e8ctrics a Europa. Els conductors de vehicles el\u00e8ctrics noruecs s&#8217;estalvien l&#8217;Impost de el valor afegit de l&#8217;25 per cent. Per la seva banda Fran\u00e7a ofereix una ajuda directa d&#8217;aproximadament 6.300 euros per al comprador d&#8217;un cotxe el\u00e8ctric. A aquesta quantitat se li sumen altres 3.700 euros, en cas de lliurar un cotxe di\u00e8sel de m\u00e9s de 10 anys d&#8217;antiguitat.<\/p>\n<p style=\"text-align: center;\">Encara que amb molt cam\u00ed per rec\u00f3rrer, Espanya tamb\u00e9 ha fet passos importants en aquest sentit amb campanyes com el MOVEA o el MOVALT. Administracions p\u00fabliques i empreses privades de diferents sectors estan apostant amb for\u00e7a per la mobilitat el\u00e8ctrica conscients de la necessitat d&#8217;estar preparats per al canvi. L&#8217;Ajuntament de Barcelona ha publicat recentment l&#8217;Estrat\u00e8gia per a la Mobilitat El\u00e8ctrica 2018-2024 on preveu convertir el 80% de la seva flota en el\u00e8ctrica i ampliar la infraestructura de rec\u00e0rrega de la ciutat.<\/p>\n<p style=\"text-align: center;\"><strong>P.Hablando sobre aquesta transici\u00f3 cap a la mobilitat sostenible i el\u00e8ctrica. Quina \u00e9s la previsi\u00f3 i objectius per als propers anys?<\/strong><\/p>\n<p style=\"text-align: center;\">Europa va a aconseguir en breu la xifra d&#8217;un mili\u00f3 de vehicles el\u00e8ctrics matriculats; tenint en compte que els vehicles el\u00e8ctrics estaven pr\u00e0cticament absents de l&#8217;mercat fa mitja d\u00e8cada, es tracta d&#8217;una fita impressionant. Violeta Bulc, Comiss\u00e0ria de Transport de la Comissi\u00f3 Europea, preveu que en 18 mesos s&#8217;assoleixin els dos milions de matriculacions i un any despr\u00e9s, els 3 milions. Per a cotxes i furgonetes, els Estats membres m\u00e9s avan\u00e7ats hauran d&#8217;aconseguir el 35% de vehicles nets el 2030; per a autobusos l&#8217;objectiu \u00e9s m\u00e9s gran: 75%. Toni Ceba, professor de la Universitat de Standford i estudi\u00f3s dels canvis tecnol\u00f2gics disruptius, parla d&#8217;una transformaci\u00f3 vertiginosa a partir de l&#8217;any 2021.<\/p>\n<p style=\"text-align: center;\"><strong>P.\u00bfQu\u00e9 beneficis t\u00e9 per a les empreses invertir en mobilitat el\u00e8ctrica?<\/strong><\/p>\n<p style=\"text-align: center;\">Estar preparat per a aquesta revoluci\u00f3 no solament \u00e9s necessari; \u00e9s gaireb\u00e9 una obligaci\u00f3. Una flota el\u00e8ctrica \u00e9s garantia d&#8217;una flota m\u00e9s econ\u00f2mica i responsable. Tenir infraestructura de rec\u00e0rrega per a vehicles propis i clients ser\u00e0 necessari per no perdre a el nou usuari de VI. En molts concursos i licitacions, tant p\u00fablics com privats, es comen\u00e7a a requerir la prestaci\u00f3 de serveis amb vehicles el\u00e8ctrics. Cal destacar tamb\u00e9 que l&#8217;aposta per la mobilitat sostenible millorar\u00e0 la imatge de l&#8217;empresa gr\u00e0cies a una major Responsabilitat Social Corporativa.<\/p>\n<p style=\"text-align: center;\">Sense cap dubte, les empreses jugaran un paper clau en l&#8217;impuls de la mobilitat sostenible. De fet moltes empreses (grans, mitjanes o petites) de diferents sectors ja estan treballant en aquest sentit i realitzant estudis de mobilitat sostenible i descarbonitzaci\u00f3 de flotes.<\/p>\n<p style=\"text-align: center;\"><strong>P.\u00bfQu\u00e9 paper juga Etecnic en aquest canvi i que pot aportar a les empreses que vulguin fer el pas?<\/strong><\/p>\n<p style=\"text-align: center;\">Etecnic energy &amp; la mobilitat som pioners en oferir solucions de mobilitat el\u00e8ctrica tant a empreses com a administracions p\u00fabliques. Des de la nostra \u00e0mplia experi\u00e8ncia com a enginyers el\u00e8ctrics, experts en el sector de la mobilitat el\u00e8ctrica, vam realitzar estudis de mobilitat sostenible i descarbonitzaci\u00f3 de flotes, aix\u00ed com projectes d&#8217;instal\u00b7laci\u00f3 de punts de rec\u00e0rrega, gesti\u00f3 remota de les estacions a trav\u00e9s del nostre programari i app Smart Energy Manager i manteniment de la infraestructura. En Etecnic posem l&#8217;accent en l&#8217;efici\u00e8ncia i sufici\u00e8ncia energ\u00e8tica de qualsevol projecte.<\/p>\n<p style=\"text-align: center;\">A Catalunya, liderem la instal\u00b7laci\u00f3 d&#8217;infraestructura de rec\u00e0rrega en via p\u00fablica amb la instal\u00b7laci\u00f3 i posada en marxa fins a la data de m\u00e9s de 150 places de rec\u00e0rrega r\u00e0pida, semir\u00e1pida i vinculada a 45 municipis. A m\u00e9s, aquest 2018 hem signat un acord exclusiu, al costat de 5 empreses m\u00e9s, amb la central de compres de l&#8217;ACM a trav\u00e9s de la qual les administracions p\u00fabliques poden accedir directament a la millor oferta integral de mobilitat el\u00e8ctrica per a infraestructura de rec\u00e0rrega.<\/p>\n<p style=\"text-align: center;\"><strong>P.\u00bfQu\u00e9 empreses treballen o han treballat amb Etecnic en estudis de mobilitat sostenible, descarbonitzaci\u00f3 de flotes o instal\u00b7laci\u00f3 d&#8217;infraestructura de rec\u00e0rrega?<\/strong><\/p>\n<p style=\"text-align: center;\">Etecnic treballa tant amb empreses p\u00fabliques com privades o empreses mixtes. Port Aventura, Generalitat de Catalunya, Ematsa, Cimalsa, Node Garraf i Ajuntament de Matar\u00f3 s\u00f3n alguns dels exemples recents de la feina que realitza la nostra empresa amb estudis de mobilitat sostenible, insfraestructura de rec\u00e0rrega o descarbonitzaci\u00f3 de flotes.<\/p>\n<p style=\"text-align: center;\">Ja en plena expansi\u00f3, hem instal\u00b7lat un primer punt amb Gas Natural a Madrid, hem realitzat instal\u00b7lacions de rec\u00e0rrega a la Comunitat Valenciana i gestionem en remot m\u00e9s de 40 estacions de Celsia a Col\u00f2mbia.<\/p>\n","protected":false},"excerpt":{"rendered":"<p>&#8220;Hi ha el risc de no tenir infraestructura preparada per donar suport a l&#8217;imminent desplegament de mercat&#8221; La transici\u00f3 cap a la mobilitat sostenible no \u00e9s casualitat. Europa avisa: els Estats membres hauran d&#8217;aconseguir el 2030 el 35% de vehicles nets en cotxes i furgonetes. A data d&#8217;avui, grans empreses ja estan apostant per la realitzaci\u00f3 d&#8217;estudis de descarbonitzaci\u00f3 de flotes i mobilitat  [&#8230;]<\/p>\n","protected":false},"author":4,"featured_media":20561,"comment_status":"closed","ping_status":"closed","sticky":false,"template":"","format":"standard","meta":{"footnotes":"","_links_to":"","_links_to_target":""},"categories":[1067,705,774,698,903,24,828,713,684,685],"tags":[340,332,341,316,342,334],"class_list":["post-6427","post","type-post","status-publish","format-standard","has-post-thumbnail","hentry","category-empresa-ca-2","category-empresa-ca","category-enginyeria-consultoria","category-mobilitat-eletrica","category-movilidad-electrica-ca","category-projectes","category-sector-ca-2","category-vehicles-electrics","category-ingenieria-i-consultoria","category-projectes-ca","tag-descarbonizacion-de-flotas-ca","tag-etecnic-ca","tag-infraestructura-de-recarga-ca","tag-movilidad-electrica-ca","tag-movilidad-sostenible-ca","tag-vehiculos-electricos-ca"],"yoast_head":"<!-- This site is optimized with the Yoast SEO plugin v28.4 - https:\/\/yoast.com\/product\/yoast-seo-wordpress\/ -->\n<title>Descarbonizaci\u00f3n de flotas e infraestrucutra de recarga<\/title>\n<meta name=\"description\" content=\"A fecha de hoy, grandes empresas ya est\u00e1n apostando por la realizaci\u00f3n de estudios de descarbonizaci\u00f3n de flotas y movilidad sostenible, as\u00ed como proyectos de instalaci\u00f3n de infraestructura de recarga para veh\u00edculos el\u00e9ctricos.\" \/>\n<meta name=\"robots\" content=\"index, follow, max-snippet:-1, max-image-preview:large, max-video-preview:-1\" \/>\n<link rel=\"canonical\" href=\"https:\/\/etecnic.es\/ca\/noticies\/viu-etecnic\/projectes\/descarbonitzacio-de-flotes-i-infraestructura-de-recarrega-per-a-vehicles-electrics\/\" \/>\n<meta property=\"og:locale\" content=\"ca_ES\" \/>\n<meta property=\"og:type\" content=\"article\" \/>\n<meta property=\"og:title\" content=\"Descarbonizaci\u00f3n de flotas e infraestrucutra de recarga\" \/>\n<meta property=\"og:description\" content=\"A fecha de hoy, grandes empresas ya est\u00e1n apostando por la realizaci\u00f3n de estudios de descarbonizaci\u00f3n de flotas y movilidad sostenible, as\u00ed como proyectos de instalaci\u00f3n de infraestructura de recarga para veh\u00edculos el\u00e9ctricos.\" \/>\n<meta property=\"og:url\" content=\"https:\/\/etecnic.es\/ca\/noticies\/viu-etecnic\/projectes\/descarbonitzacio-de-flotes-i-infraestructura-de-recarrega-per-a-vehicles-electrics\/\" \/>\n<meta property=\"og:site_name\" content=\"Etecnic - Delivering End-to-end charging solution for electric vehicles\" \/>\n<meta property=\"article:publisher\" content=\"https:\/\/www.facebook.com\/etecnic?fref=ts%2f\" \/>\n<meta property=\"article:published_time\" content=\"2018-03-23T18:49:24+00:00\" \/>\n<meta property=\"article:modified_time\" content=\"2021-08-03T06:03:53+00:00\" \/>\n<meta property=\"og:image\" content=\"https:\/\/etecnic.es\/wp-content\/uploads\/2018\/03\/autos-technology-vw-multi-storey-car-park-63294.jpeg\" \/>\n\t<meta property=\"og:image:width\" content=\"2048\" \/>\n\t<meta property=\"og:image:height\" content=\"1536\" \/>\n\t<meta property=\"og:image:type\" content=\"image\/jpeg\" \/>\n<meta name=\"author\" content=\"adminetecnic\" \/>\n<meta name=\"twitter:card\" content=\"summary_large_image\" \/>\n<meta name=\"twitter:creator\" content=\"@etecnic\" \/>\n<meta name=\"twitter:site\" content=\"@etecnic\" \/>\n<meta name=\"twitter:label1\" content=\"Escrit per\" \/>\n\t<meta name=\"twitter:data1\" content=\"adminetecnic\" \/>\n\t<meta name=\"twitter:label2\" content=\"Temps estimat de lectura\" \/>\n\t<meta name=\"twitter:data2\" content=\"5 minutes\" \/>\n<script type=\"application\/ld+json\" class=\"yoast-schema-graph\">{\"@context\":\"https:\\\/\\\/schema.org\",\"@graph\":[{\"@type\":\"Article\",\"@id\":\"https:\\\/\\\/etecnic.es\\\/ca\\\/noticies\\\/viu-etecnic\\\/projectes\\\/descarbonitzacio-de-flotes-i-infraestructura-de-recarrega-per-a-vehicles-electrics\\\/#article\",\"isPartOf\":{\"@id\":\"https:\\\/\\\/etecnic.es\\\/ca\\\/noticies\\\/viu-etecnic\\\/projectes\\\/descarbonitzacio-de-flotes-i-infraestructura-de-recarrega-per-a-vehicles-electrics\\\/\"},\"author\":{\"name\":\"adminetecnic\",\"@id\":\"https:\\\/\\\/etecnic.es\\\/#\\\/schema\\\/person\\\/f9d89d791b5f70d806250a61e52bb741\"},\"headline\":\"Descarbonitzaci\u00f3 de flotes i infraestructura de rec\u00e0rrega per a vehicles el\u00e8ctrics\",\"datePublished\":\"2018-03-23T18:49:24+00:00\",\"dateModified\":\"2021-08-03T06:03:53+00:00\",\"mainEntityOfPage\":{\"@id\":\"https:\\\/\\\/etecnic.es\\\/ca\\\/noticies\\\/viu-etecnic\\\/projectes\\\/descarbonitzacio-de-flotes-i-infraestructura-de-recarrega-per-a-vehicles-electrics\\\/\"},\"wordCount\":1247,\"image\":{\"@id\":\"https:\\\/\\\/etecnic.es\\\/ca\\\/noticies\\\/viu-etecnic\\\/projectes\\\/descarbonitzacio-de-flotes-i-infraestructura-de-recarrega-per-a-vehicles-electrics\\\/#primaryimage\"},\"thumbnailUrl\":\"https:\\\/\\\/etecnic.es\\\/wp-content\\\/uploads\\\/2023\\\/08\\\/instalaciones_web.jpg\",\"keywords\":[\"Descarbonizaci\u00f3n de flotas\",\"ETECNIC\",\"infraestructura de recarga\",\"Movilidad el\u00e9ctrica\",\"movilidad sostenible\",\"vehiculos el\u00e9ctricos\"],\"articleSection\":[\"Empresa\",\"Empresa\",\"Enginyeria i consultoria\",\"Mobilitat el\u00e8ctrica\",\"Movilidad el\u00e9ctrica\",\"Projectes\",\"Sector\",\"Vehicles el\u00e8ctrics\",\"Z-Ingenieria i Consultoria\",\"Z-Projectes\"],\"inLanguage\":\"ca\"},{\"@type\":\"WebPage\",\"@id\":\"https:\\\/\\\/etecnic.es\\\/ca\\\/noticies\\\/viu-etecnic\\\/projectes\\\/descarbonitzacio-de-flotes-i-infraestructura-de-recarrega-per-a-vehicles-electrics\\\/\",\"url\":\"https:\\\/\\\/etecnic.es\\\/ca\\\/noticies\\\/viu-etecnic\\\/projectes\\\/descarbonitzacio-de-flotes-i-infraestructura-de-recarrega-per-a-vehicles-electrics\\\/\",\"name\":\"Descarbonizaci\u00f3n de flotas e infraestrucutra de recarga\",\"isPartOf\":{\"@id\":\"https:\\\/\\\/etecnic.es\\\/#website\"},\"primaryImageOfPage\":{\"@id\":\"https:\\\/\\\/etecnic.es\\\/ca\\\/noticies\\\/viu-etecnic\\\/projectes\\\/descarbonitzacio-de-flotes-i-infraestructura-de-recarrega-per-a-vehicles-electrics\\\/#primaryimage\"},\"image\":{\"@id\":\"https:\\\/\\\/etecnic.es\\\/ca\\\/noticies\\\/viu-etecnic\\\/projectes\\\/descarbonitzacio-de-flotes-i-infraestructura-de-recarrega-per-a-vehicles-electrics\\\/#primaryimage\"},\"thumbnailUrl\":\"https:\\\/\\\/etecnic.es\\\/wp-content\\\/uploads\\\/2023\\\/08\\\/instalaciones_web.jpg\",\"datePublished\":\"2018-03-23T18:49:24+00:00\",\"dateModified\":\"2021-08-03T06:03:53+00:00\",\"author\":{\"@id\":\"https:\\\/\\\/etecnic.es\\\/#\\\/schema\\\/person\\\/f9d89d791b5f70d806250a61e52bb741\"},\"description\":\"A fecha de hoy, grandes empresas ya est\u00e1n apostando por la realizaci\u00f3n de estudios de descarbonizaci\u00f3n de flotas y movilidad sostenible, as\u00ed como proyectos de instalaci\u00f3n de infraestructura de recarga para veh\u00edculos el\u00e9ctricos.\",\"breadcrumb\":{\"@id\":\"https:\\\/\\\/etecnic.es\\\/ca\\\/noticies\\\/viu-etecnic\\\/projectes\\\/descarbonitzacio-de-flotes-i-infraestructura-de-recarrega-per-a-vehicles-electrics\\\/#breadcrumb\"},\"inLanguage\":\"ca\",\"potentialAction\":[{\"@type\":\"ReadAction\",\"target\":[\"https:\\\/\\\/etecnic.es\\\/ca\\\/noticies\\\/viu-etecnic\\\/projectes\\\/descarbonitzacio-de-flotes-i-infraestructura-de-recarrega-per-a-vehicles-electrics\\\/\"]}]},{\"@type\":\"ImageObject\",\"inLanguage\":\"ca\",\"@id\":\"https:\\\/\\\/etecnic.es\\\/ca\\\/noticies\\\/viu-etecnic\\\/projectes\\\/descarbonitzacio-de-flotes-i-infraestructura-de-recarrega-per-a-vehicles-electrics\\\/#primaryimage\",\"url\":\"https:\\\/\\\/etecnic.es\\\/wp-content\\\/uploads\\\/2023\\\/08\\\/instalaciones_web.jpg\",\"contentUrl\":\"https:\\\/\\\/etecnic.es\\\/wp-content\\\/uploads\\\/2023\\\/08\\\/instalaciones_web.jpg\",\"width\":1200,\"height\":900},{\"@type\":\"BreadcrumbList\",\"@id\":\"https:\\\/\\\/etecnic.es\\\/ca\\\/noticies\\\/viu-etecnic\\\/projectes\\\/descarbonitzacio-de-flotes-i-infraestructura-de-recarrega-per-a-vehicles-electrics\\\/#breadcrumb\",\"itemListElement\":[{\"@type\":\"ListItem\",\"position\":1,\"name\":\"Portada\",\"item\":\"https:\\\/\\\/etecnic.es\\\/ca\\\/\"},{\"@type\":\"ListItem\",\"position\":2,\"name\":\"Descarbonitzaci\u00f3 de flotes i infraestructura de rec\u00e0rrega per a vehicles el\u00e8ctrics\"}]},{\"@type\":\"WebSite\",\"@id\":\"https:\\\/\\\/etecnic.es\\\/#website\",\"url\":\"https:\\\/\\\/etecnic.es\\\/\",\"name\":\"Etecnic - Delivering End-to-end charging solution for electric vehicles\",\"description\":\"EVcharge is the software platform that allows you to manage and operate your smart charging points to scale your business. Comprehensive control software and App solution.\",\"potentialAction\":[{\"@type\":\"SearchAction\",\"target\":{\"@type\":\"EntryPoint\",\"urlTemplate\":\"https:\\\/\\\/etecnic.es\\\/?s={search_term_string}\"},\"query-input\":{\"@type\":\"PropertyValueSpecification\",\"valueRequired\":true,\"valueName\":\"search_term_string\"}}],\"inLanguage\":\"ca\"},{\"@type\":\"Person\",\"@id\":\"https:\\\/\\\/etecnic.es\\\/#\\\/schema\\\/person\\\/f9d89d791b5f70d806250a61e52bb741\",\"name\":\"adminetecnic\",\"image\":{\"@type\":\"ImageObject\",\"inLanguage\":\"ca\",\"@id\":\"https:\\\/\\\/secure.gravatar.com\\\/avatar\\\/ea24b8f7949137f0763045d98d115a3f8ee890a1d9b469c9aecac3c563866de5?s=96&d=mm&r=g\",\"url\":\"https:\\\/\\\/secure.gravatar.com\\\/avatar\\\/ea24b8f7949137f0763045d98d115a3f8ee890a1d9b469c9aecac3c563866de5?s=96&d=mm&r=g\",\"contentUrl\":\"https:\\\/\\\/secure.gravatar.com\\\/avatar\\\/ea24b8f7949137f0763045d98d115a3f8ee890a1d9b469c9aecac3c563866de5?s=96&d=mm&r=g\",\"caption\":\"adminetecnic\"},\"url\":\"https:\\\/\\\/etecnic.es\\\/ca\\\/author\\\/adminetecnic\\\/\"}]}<\/script>\n<!-- \/ Yoast SEO plugin. -->","yoast_head_json":{"title":"Descarbonizaci\u00f3n de flotas e infraestrucutra de recarga","description":"A fecha de hoy, grandes empresas ya est\u00e1n apostando por la realizaci\u00f3n de estudios de descarbonizaci\u00f3n de flotas y movilidad sostenible, as\u00ed como proyectos de instalaci\u00f3n de infraestructura de recarga para veh\u00edculos el\u00e9ctricos.","robots":{"index":"index","follow":"follow","max-snippet":"max-snippet:-1","max-image-preview":"max-image-preview:large","max-video-preview":"max-video-preview:-1"},"canonical":"https:\/\/etecnic.es\/ca\/noticies\/viu-etecnic\/projectes\/descarbonitzacio-de-flotes-i-infraestructura-de-recarrega-per-a-vehicles-electrics\/","og_locale":"ca_ES","og_type":"article","og_title":"Descarbonizaci\u00f3n de flotas e infraestrucutra de recarga","og_description":"A fecha de hoy, grandes empresas ya est\u00e1n apostando por la realizaci\u00f3n de estudios de descarbonizaci\u00f3n de flotas y movilidad sostenible, as\u00ed como proyectos de instalaci\u00f3n de infraestructura de recarga para veh\u00edculos el\u00e9ctricos.","og_url":"https:\/\/etecnic.es\/ca\/noticies\/viu-etecnic\/projectes\/descarbonitzacio-de-flotes-i-infraestructura-de-recarrega-per-a-vehicles-electrics\/","og_site_name":"Etecnic - Delivering End-to-end charging solution for electric vehicles","article_publisher":"https:\/\/www.facebook.com\/etecnic?fref=ts%2f","article_published_time":"2018-03-23T18:49:24+00:00","article_modified_time":"2021-08-03T06:03:53+00:00","og_image":[{"width":2048,"height":1536,"url":"https:\/\/etecnic.es\/wp-content\/uploads\/2018\/03\/autos-technology-vw-multi-storey-car-park-63294.jpeg","type":"image\/jpeg"}],"author":"adminetecnic","twitter_card":"summary_large_image","twitter_creator":"@etecnic","twitter_site":"@etecnic","twitter_misc":{"Escrit per":"adminetecnic","Temps estimat de lectura":"5 minutes"},"schema":{"@context":"https:\/\/schema.org","@graph":[{"@type":"Article","@id":"https:\/\/etecnic.es\/ca\/noticies\/viu-etecnic\/projectes\/descarbonitzacio-de-flotes-i-infraestructura-de-recarrega-per-a-vehicles-electrics\/#article","isPartOf":{"@id":"https:\/\/etecnic.es\/ca\/noticies\/viu-etecnic\/projectes\/descarbonitzacio-de-flotes-i-infraestructura-de-recarrega-per-a-vehicles-electrics\/"},"author":{"name":"adminetecnic","@id":"https:\/\/etecnic.es\/#\/schema\/person\/f9d89d791b5f70d806250a61e52bb741"},"headline":"Descarbonitzaci\u00f3 de flotes i infraestructura de rec\u00e0rrega per a vehicles el\u00e8ctrics","datePublished":"2018-03-23T18:49:24+00:00","dateModified":"2021-08-03T06:03:53+00:00","mainEntityOfPage":{"@id":"https:\/\/etecnic.es\/ca\/noticies\/viu-etecnic\/projectes\/descarbonitzacio-de-flotes-i-infraestructura-de-recarrega-per-a-vehicles-electrics\/"},"wordCount":1247,"image":{"@id":"https:\/\/etecnic.es\/ca\/noticies\/viu-etecnic\/projectes\/descarbonitzacio-de-flotes-i-infraestructura-de-recarrega-per-a-vehicles-electrics\/#primaryimage"},"thumbnailUrl":"https:\/\/etecnic.es\/wp-content\/uploads\/2023\/08\/instalaciones_web.jpg","keywords":["Descarbonizaci\u00f3n de flotas","ETECNIC","infraestructura de recarga","Movilidad el\u00e9ctrica","movilidad sostenible","vehiculos el\u00e9ctricos"],"articleSection":["Empresa","Empresa","Enginyeria i consultoria","Mobilitat el\u00e8ctrica","Movilidad el\u00e9ctrica","Projectes","Sector","Vehicles el\u00e8ctrics","Z-Ingenieria i Consultoria","Z-Projectes"],"inLanguage":"ca"},{"@type":"WebPage","@id":"https:\/\/etecnic.es\/ca\/noticies\/viu-etecnic\/projectes\/descarbonitzacio-de-flotes-i-infraestructura-de-recarrega-per-a-vehicles-electrics\/","url":"https:\/\/etecnic.es\/ca\/noticies\/viu-etecnic\/projectes\/descarbonitzacio-de-flotes-i-infraestructura-de-recarrega-per-a-vehicles-electrics\/","name":"Descarbonizaci\u00f3n de flotas e infraestrucutra de recarga","isPartOf":{"@id":"https:\/\/etecnic.es\/#website"},"primaryImageOfPage":{"@id":"https:\/\/etecnic.es\/ca\/noticies\/viu-etecnic\/projectes\/descarbonitzacio-de-flotes-i-infraestructura-de-recarrega-per-a-vehicles-electrics\/#primaryimage"},"image":{"@id":"https:\/\/etecnic.es\/ca\/noticies\/viu-etecnic\/projectes\/descarbonitzacio-de-flotes-i-infraestructura-de-recarrega-per-a-vehicles-electrics\/#primaryimage"},"thumbnailUrl":"https:\/\/etecnic.es\/wp-content\/uploads\/2023\/08\/instalaciones_web.jpg","datePublished":"2018-03-23T18:49:24+00:00","dateModified":"2021-08-03T06:03:53+00:00","author":{"@id":"https:\/\/etecnic.es\/#\/schema\/person\/f9d89d791b5f70d806250a61e52bb741"},"description":"A fecha de hoy, grandes empresas ya est\u00e1n apostando por la realizaci\u00f3n de estudios de descarbonizaci\u00f3n de flotas y movilidad sostenible, as\u00ed como proyectos de instalaci\u00f3n de infraestructura de recarga para veh\u00edculos el\u00e9ctricos.","breadcrumb":{"@id":"https:\/\/etecnic.es\/ca\/noticies\/viu-etecnic\/projectes\/descarbonitzacio-de-flotes-i-infraestructura-de-recarrega-per-a-vehicles-electrics\/#breadcrumb"},"inLanguage":"ca","potentialAction":[{"@type":"ReadAction","target":["https:\/\/etecnic.es\/ca\/noticies\/viu-etecnic\/projectes\/descarbonitzacio-de-flotes-i-infraestructura-de-recarrega-per-a-vehicles-electrics\/"]}]},{"@type":"ImageObject","inLanguage":"ca","@id":"https:\/\/etecnic.es\/ca\/noticies\/viu-etecnic\/projectes\/descarbonitzacio-de-flotes-i-infraestructura-de-recarrega-per-a-vehicles-electrics\/#primaryimage","url":"https:\/\/etecnic.es\/wp-content\/uploads\/2023\/08\/instalaciones_web.jpg","contentUrl":"https:\/\/etecnic.es\/wp-content\/uploads\/2023\/08\/instalaciones_web.jpg","width":1200,"height":900},{"@type":"BreadcrumbList","@id":"https:\/\/etecnic.es\/ca\/noticies\/viu-etecnic\/projectes\/descarbonitzacio-de-flotes-i-infraestructura-de-recarrega-per-a-vehicles-electrics\/#breadcrumb","itemListElement":[{"@type":"ListItem","position":1,"name":"Portada","item":"https:\/\/etecnic.es\/ca\/"},{"@type":"ListItem","position":2,"name":"Descarbonitzaci\u00f3 de flotes i infraestructura de rec\u00e0rrega per a vehicles el\u00e8ctrics"}]},{"@type":"WebSite","@id":"https:\/\/etecnic.es\/#website","url":"https:\/\/etecnic.es\/","name":"Etecnic - Delivering End-to-end charging solution for electric vehicles","description":"EVcharge is the software platform that allows you to manage and operate your smart charging points to scale your business. Comprehensive control software and App solution.","potentialAction":[{"@type":"SearchAction","target":{"@type":"EntryPoint","urlTemplate":"https:\/\/etecnic.es\/?s={search_term_string}"},"query-input":{"@type":"PropertyValueSpecification","valueRequired":true,"valueName":"search_term_string"}}],"inLanguage":"ca"},{"@type":"Person","@id":"https:\/\/etecnic.es\/#\/schema\/person\/f9d89d791b5f70d806250a61e52bb741","name":"adminetecnic","image":{"@type":"ImageObject","inLanguage":"ca","@id":"https:\/\/secure.gravatar.com\/avatar\/ea24b8f7949137f0763045d98d115a3f8ee890a1d9b469c9aecac3c563866de5?s=96&d=mm&r=g","url":"https:\/\/secure.gravatar.com\/avatar\/ea24b8f7949137f0763045d98d115a3f8ee890a1d9b469c9aecac3c563866de5?s=96&d=mm&r=g","contentUrl":"https:\/\/secure.gravatar.com\/avatar\/ea24b8f7949137f0763045d98d115a3f8ee890a1d9b469c9aecac3c563866de5?s=96&d=mm&r=g","caption":"adminetecnic"},"url":"https:\/\/etecnic.es\/ca\/author\/adminetecnic\/"}]}},"_links":{"self":[{"href":"https:\/\/etecnic.es\/ca\/wp-json\/wp\/v2\/posts\/6427","targetHints":{"allow":["GET"]}}],"collection":[{"href":"https:\/\/etecnic.es\/ca\/wp-json\/wp\/v2\/posts"}],"about":[{"href":"https:\/\/etecnic.es\/ca\/wp-json\/wp\/v2\/types\/post"}],"author":[{"embeddable":true,"href":"https:\/\/etecnic.es\/ca\/wp-json\/wp\/v2\/users\/4"}],"replies":[{"embeddable":true,"href":"https:\/\/etecnic.es\/ca\/wp-json\/wp\/v2\/comments?post=6427"}],"version-history":[{"count":6,"href":"https:\/\/etecnic.es\/ca\/wp-json\/wp\/v2\/posts\/6427\/revisions"}],"predecessor-version":[{"id":13771,"href":"https:\/\/etecnic.es\/ca\/wp-json\/wp\/v2\/posts\/6427\/revisions\/13771"}],"wp:featuredmedia":[{"embeddable":true,"href":"https:\/\/etecnic.es\/ca\/wp-json\/wp\/v2\/media\/20561"}],"wp:attachment":[{"href":"https:\/\/etecnic.es\/ca\/wp-json\/wp\/v2\/media?parent=6427"}],"wp:term":[{"taxonomy":"category","embeddable":true,"href":"https:\/\/etecnic.es\/ca\/wp-json\/wp\/v2\/categories?post=6427"},{"taxonomy":"post_tag","embeddable":true,"href":"https:\/\/etecnic.es\/ca\/wp-json\/wp\/v2\/tags?post=6427"}],"curies":[{"name":"wp","href":"https:\/\/api.w.org\/{rel}","templated":true}]}}