{"id":28476,"date":"2025-08-14T10:13:27","date_gmt":"2025-08-14T10:13:27","guid":{"rendered":"https:\/\/etecnic.es\/?p=28476"},"modified":"2025-09-05T06:16:14","modified_gmt":"2025-09-05T06:16:14","slug":"modul-smart-pricing-la-nova-eina-per-recomanar-tarifes-smart","status":"publish","type":"post","link":"https:\/\/etecnic.es\/ca\/noticies\/modul-smart-pricing-la-nova-eina-per-recomanar-tarifes-smart\/","title":{"rendered":"M\u00f2dul Smart Pricing: la nova eina per recomanar tarifes SMART"},"content":{"rendered":"<p><div class=\"fusion-fullwidth fullwidth-box fusion-builder-row-1 fusion-flex-container nonhundred-percent-fullwidth non-hundred-percent-height-scrolling\" style=\"--awb-border-radius-top-left:0px;--awb-border-radius-top-right:0px;--awb-border-radius-bottom-right:0px;--awb-border-radius-bottom-left:0px;--awb-flex-wrap:wrap;\" ><div class=\"fusion-builder-row fusion-row fusion-flex-align-items-flex-start fusion-flex-content-wrap\" style=\"max-width:1331.2px;margin-left: calc(-4% \/ 2 );margin-right: calc(-4% \/ 2 );\"><div class=\"fusion-layout-column fusion_builder_column fusion-builder-column-0 fusion_builder_column_1_1 1_1 fusion-flex-column\" style=\"--awb-bg-size:cover;--awb-width-large:100%;--awb-margin-top-large:0px;--awb-spacing-right-large:1.92%;--awb-margin-bottom-large:0px;--awb-spacing-left-large:1.92%;--awb-width-medium:100%;--awb-order-medium:0;--awb-spacing-right-medium:1.92%;--awb-spacing-left-medium:1.92%;--awb-width-small:100%;--awb-order-small:0;--awb-spacing-right-small:1.92%;--awb-spacing-left-small:1.92%;\"><div class=\"fusion-column-wrapper fusion-column-has-shadow fusion-flex-justify-content-flex-start fusion-content-layout-column\"><div class=\"fusion-text fusion-text-1\"><h2><strong>En qu\u00e8 consisteix el m\u00f2dul Smart Pricing?<\/strong><\/h2>\n<\/div><div class=\"fusion-text fusion-text-2\"><p><strong>Smart Pricing<\/strong> \u00e9s la soluci\u00f3 que permet als propietaris dels punts de rec\u00e0rrega la generaci\u00f3 de tarifes din\u00e0miques i intel\u00b7ligents (<strong>SMART<\/strong>), en temps real, considerant m\u00faltiples factors com ara l\u2019ocupaci\u00f3 dels seus carregadors, el cost de la xarxa el\u00e8ctrica, la generaci\u00f3 solar i l\u2019estat de c\u00e0rrega de les bateries de l\u2019estaci\u00f3.<\/p>\n<p>Gr\u00e0cies al seu algoritme, el sistema permet recomanar promocions personalitzades que poden ser validades i posteriorment publicades per que els usuaris puguin fer \u00fas a trav\u00e9s de l\u2019app d\u2019<a href=\"http:\/\/evcharge.net\">EVcharge<\/a>.<\/p>\n<p>Des del punt de vista de l\u2019usuari, aquest es beneficia de trobar bons preus de rec\u00e0rrega en temps real,\u00a0la qual cosa li permet ajustar la seva despesa de rec\u00e0rrega fora del seu domicili, mentre que des del punt de vista del propietari, es fomenta l\u2019\u00fas dels seus punts de rec\u00e0rrega, permetent consolidar no solament el model de negoci, sin\u00f3 potenciar altres vies de fidelitzaci\u00f3, incorporant tecnologies avan\u00e7ades per estudiar els patrons de consum i h\u00e0bits del seu territori.<\/p>\n<\/div><div class=\"fusion-separator fusion-full-width-sep\" style=\"align-self: center;margin-left: auto;margin-right: auto;margin-top:3%;margin-bottom:3px;width:100%;\"><\/div><div class=\"fusion-title title fusion-title-1 fusion-sep-none fusion-title-text fusion-title-size-three\" style=\"--awb-margin-top-small:0px;--awb-margin-right-small:0px;--awb-margin-bottom-small:20px;--awb-margin-left-small:0px;\"><h3 class=\"fusion-title-heading title-heading-left fusion-responsive-typography-calculated\" style=\"margin:0;--fontSize:26;line-height:1.1;\"><h2><strong>El m\u00f2dul Smart Pricing permet\u2026<\/strong><\/h2><\/h3><\/div><\/div><\/div><div class=\"fusion-layout-column fusion_builder_column fusion-builder-column-1 fusion_builder_column_1_2 1_2 fusion-flex-column\" style=\"--awb-bg-size:cover;--awb-width-large:50%;--awb-margin-top-large:0px;--awb-spacing-right-large:3.84%;--awb-margin-bottom-large:0px;--awb-spacing-left-large:3.84%;--awb-width-medium:100%;--awb-order-medium:0;--awb-spacing-right-medium:1.92%;--awb-spacing-left-medium:1.92%;--awb-width-small:100%;--awb-order-small:0;--awb-spacing-right-small:1.92%;--awb-spacing-left-small:1.92%;\"><div class=\"fusion-column-wrapper fusion-column-has-shadow fusion-flex-justify-content-flex-start fusion-content-layout-column\"><div class=\"fusion-image-element\" style=\"--awb-caption-title-font-family:var(--h2_typography-font-family);--awb-caption-title-font-weight:var(--h2_typography-font-weight);--awb-caption-title-font-style:var(--h2_typography-font-style);--awb-caption-title-size:var(--h2_typography-font-size);--awb-caption-title-transform:var(--h2_typography-text-transform);--awb-caption-title-line-height:var(--h2_typography-line-height);--awb-caption-title-letter-spacing:var(--h2_typography-letter-spacing);\"><span class=\" fusion-imageframe imageframe-none imageframe-1 hover-type-none\"><img decoding=\"async\" width=\"768\" height=\"1024\" title=\"IMG_1316giradaweb\" src=\"https:\/\/etecnic.es\/wp-content\/uploads\/2025\/08\/IMG_1316giradaweb-768x1024.jpg\" alt class=\"img-responsive wp-image-28479\" srcset=\"https:\/\/etecnic.es\/wp-content\/uploads\/2025\/08\/IMG_1316giradaweb-200x267.jpg 200w, https:\/\/etecnic.es\/wp-content\/uploads\/2025\/08\/IMG_1316giradaweb-400x533.jpg 400w, https:\/\/etecnic.es\/wp-content\/uploads\/2025\/08\/IMG_1316giradaweb-600x800.jpg 600w, https:\/\/etecnic.es\/wp-content\/uploads\/2025\/08\/IMG_1316giradaweb-800x1067.jpg 800w, https:\/\/etecnic.es\/wp-content\/uploads\/2025\/08\/IMG_1316giradaweb.jpg 1200w\" sizes=\"(max-width: 1024px) 100vw, (max-width: 640px) 100vw, 800px\" \/><\/span><\/div><\/div><\/div><div class=\"fusion-layout-column fusion_builder_column fusion-builder-column-2 fusion_builder_column_1_2 1_2 fusion-flex-column\" style=\"--awb-bg-size:cover;--awb-width-large:50%;--awb-margin-top-large:0px;--awb-spacing-right-large:3.84%;--awb-margin-bottom-large:0px;--awb-spacing-left-large:3.84%;--awb-width-medium:100%;--awb-order-medium:0;--awb-spacing-right-medium:1.92%;--awb-spacing-left-medium:1.92%;--awb-width-small:100%;--awb-order-small:0;--awb-spacing-right-small:1.92%;--awb-spacing-left-small:1.92%;\"><div class=\"fusion-column-wrapper fusion-column-has-shadow fusion-flex-justify-content-flex-start fusion-content-layout-column\"><div class=\"fusion-text fusion-text-3\"><ul>\n<li>Equilibrar patrons de comportament en l\u2019\u00fas dels punts de rec\u00e0rrega<\/li>\n<li>Aplicar intel\u00b7lig\u00e8ncia artificial per optimitzar consum i rendibilitat<\/li>\n<li>Maximitzar l\u2019efici\u00e8ncia energ\u00e8tica i la integraci\u00f3 de les renovables<\/li>\n<li>Augmentar l\u2019ocupaci\u00f3 dels carregadors i millorar el retorn de la inversi\u00f3<\/li>\n<li>Fomentar tecnologies disruptives: energia distribu\u00efda, bateries d\u2019emmagatzematge, intel\u00b7lig\u00e8ncia artificial, big data\u2026.<\/li>\n<li>Accelerar el model de negoci dels punts de rec\u00e0rrega propis sense haver de cedir-los a tercers<\/li>\n<\/ul>\n<\/div><\/div><\/div><\/div><\/div><div class=\"fusion-fullwidth fullwidth-box fusion-builder-row-2 fusion-flex-container has-pattern-background has-mask-background nonhundred-percent-fullwidth non-hundred-percent-height-scrolling\" style=\"--awb-border-radius-top-left:0px;--awb-border-radius-top-right:0px;--awb-border-radius-bottom-right:0px;--awb-border-radius-bottom-left:0px;--awb-flex-wrap:wrap;\" ><div class=\"fusion-builder-row fusion-row fusion-flex-align-items-flex-start fusion-flex-content-wrap\" style=\"max-width:1331.2px;margin-left: calc(-4% \/ 2 );margin-right: calc(-4% \/ 2 );\"><div class=\"fusion-layout-column fusion_builder_column fusion-builder-column-3 fusion_builder_column_1_1 1_1 fusion-flex-column\" style=\"--awb-bg-size:cover;--awb-width-large:100%;--awb-margin-top-large:0px;--awb-spacing-right-large:1.92%;--awb-margin-bottom-large:0px;--awb-spacing-left-large:1.92%;--awb-width-medium:100%;--awb-order-medium:0;--awb-spacing-right-medium:1.92%;--awb-spacing-left-medium:1.92%;--awb-width-small:100%;--awb-order-small:0;--awb-spacing-right-small:1.92%;--awb-spacing-left-small:1.92%;\"><div class=\"fusion-column-wrapper fusion-column-has-shadow fusion-flex-justify-content-flex-start fusion-content-layout-column\"><div class=\"fusion-title title fusion-title-2 fusion-sep-none fusion-title-text fusion-title-size-three\" style=\"--awb-margin-top-small:0px;--awb-margin-right-small:0px;--awb-margin-bottom-small:20px;--awb-margin-left-small:0px;\"><h3 class=\"fusion-title-heading title-heading-left fusion-responsive-typography-calculated\" style=\"margin:0;--fontSize:26;line-height:1.1;\"><h3><strong>Evoluci\u00f3 i comprom\u00eds<\/strong><\/h3><\/h3><\/div><div class=\"fusion-text fusion-text-4\"><p>L\u2019any 2023, a trav\u00e9s del Programa MOVES Singulares II, gestionat per l\u2019IDAE (Instituto para la Diversificaci\u00f3n y Ahorro de la Energ\u00eda), amb una dotaci\u00f3 de 100 milions d\u2019euros, Etecnic va ser un dels 90 candidats seleccionats per poder elaborar la seva iniciativa, on vam poder instal\u00b7lar fins a tres punts de rec\u00e0rrega (semi r\u00e0pida, r\u00e0pida i ultra r\u00e0pida), una planta solar fotovoltaica de 50 kW i un sistema d\u2019emmagatzematge amb una capacitat de 160kWh a les nostres instal\u00b7lacions, amb l\u2019objectiu de poder analitzar i optimitzar costos d\u2019operaci\u00f3 per entendre les prefer\u00e8ncies dels usuaris. Gr\u00e0cies a la simulaci\u00f3 de les condicions d\u2019una estaci\u00f3 amb servei real, vam ser capa\u00e7os de millorar la rendibilitat dels operadors aix\u00ed com proporcionar als usuaris finals uns preus m\u00e9s assequibles, fomentant aix\u00ed una millor adopci\u00f3 dels vehicles el\u00e8ctrics. Per a m\u00e9s informaci\u00f3, pots consultar el nostre <a href=\"https:\/\/etecnic.es\/viu-etecnic-2\/finalizacion-del-proyecto-smart-pricing-para-puntos-de-recarga-en-estaciones-de-servicio\/\">blog<\/a>.<\/p>\n<p>L\u2019any 2024, aprofitant els resultats del projecte anterior, i gr\u00e0cies al suport d\u2019ACCI\u00d3 dins el marc dels seus projectes d\u2019innovaci\u00f3 oberta i disruptiva, vam decidir presentar el projecte Smart Pricing. Una iniciativa totalment disruptiva que te com a objectiu poder validar l\u2019impacte d\u2019aquesta eina a les estacions del nostre col\u00b7laborador <a href=\"https:\/\/etecnic.es\/noticias\/etecnic-y-weiderauto-electric-inauguran-el-hub-de-recarga-ultrarrapida-sostenible-de-referencia-en-cataluna\/\">Weiderauto Electric<\/a> a Tarragona, equipades amb nou carregadors ultra r\u00e0pids i una planta solar de 360 kW. L\u2019objectiu del projecte pret\u00e9n estudiar els h\u00e0bits de consum dels usuaris de l\u2019estaci\u00f3 per avaluar l\u2019impacte de les recomanacions al territori.<\/p>\n<p>Aquest estudi ens permetr\u00e0 seguir millorant la funcionalitat per incorporar noves variables com poden ser; el tr\u00e0fic, la geolocalitzaci\u00f3, el comportament dels usuaris, les tend\u00e8ncies de consum vs. les promocions per temps, i altres tipus de variables promocionals.<\/p>\n<p>Segueix atent a les nostres xarxes socials per seguir l\u2019evoluci\u00f3 del projecte aix\u00ed com els seus resultats.<\/p>\n<\/div><\/div><\/div><\/div><\/div><div class=\"fusion-fullwidth fullwidth-box fusion-builder-row-3 fusion-flex-container has-pattern-background has-mask-background nonhundred-percent-fullwidth non-hundred-percent-height-scrolling\" style=\"--awb-border-radius-top-left:0px;--awb-border-radius-top-right:0px;--awb-border-radius-bottom-right:0px;--awb-border-radius-bottom-left:0px;--awb-flex-wrap:wrap;\" ><div class=\"fusion-builder-row fusion-row fusion-flex-align-items-flex-start fusion-flex-content-wrap\" style=\"max-width:1331.2px;margin-left: calc(-4% \/ 2 );margin-right: calc(-4% \/ 2 );\"><div class=\"fusion-layout-column fusion_builder_column fusion-builder-column-4 fusion_builder_column_1_1 1_1 fusion-flex-column\" style=\"--awb-bg-size:cover;--awb-width-large:100%;--awb-margin-top-large:0px;--awb-spacing-right-large:1.92%;--awb-margin-bottom-large:0px;--awb-spacing-left-large:1.92%;--awb-width-medium:100%;--awb-order-medium:0;--awb-spacing-right-medium:1.92%;--awb-spacing-left-medium:1.92%;--awb-width-small:100%;--awb-order-small:0;--awb-spacing-right-small:1.92%;--awb-spacing-left-small:1.92%;\"><div class=\"fusion-column-wrapper fusion-column-has-shadow fusion-flex-justify-content-flex-start fusion-content-layout-column\"><div class=\"fusion-image-element\" style=\"--awb-caption-title-font-family:var(--h2_typography-font-family);--awb-caption-title-font-weight:var(--h2_typography-font-weight);--awb-caption-title-font-style:var(--h2_typography-font-style);--awb-caption-title-size:var(--h2_typography-font-size);--awb-caption-title-transform:var(--h2_typography-text-transform);--awb-caption-title-line-height:var(--h2_typography-line-height);--awb-caption-title-letter-spacing:var(--h2_typography-letter-spacing);\"><span class=\" fusion-imageframe imageframe-none imageframe-2 hover-type-none\"><img decoding=\"async\" width=\"700\" height=\"200\" title=\"logos weider accio etecnic\" src=\"https:\/\/etecnic.es\/wp-content\/uploads\/2025\/08\/logos-weider-accio-etecnic.png\" alt class=\"img-responsive wp-image-28492\" srcset=\"https:\/\/etecnic.es\/wp-content\/uploads\/2025\/08\/logos-weider-accio-etecnic-200x57.png 200w, https:\/\/etecnic.es\/wp-content\/uploads\/2025\/08\/logos-weider-accio-etecnic-400x114.png 400w, https:\/\/etecnic.es\/wp-content\/uploads\/2025\/08\/logos-weider-accio-etecnic-600x171.png 600w, https:\/\/etecnic.es\/wp-content\/uploads\/2025\/08\/logos-weider-accio-etecnic.png 700w\" sizes=\"(max-width: 1024px) 100vw, (max-width: 640px) 100vw, 700px\" \/><\/span><\/div><\/div><\/div><\/div><\/div><div class=\"fusion-fullwidth fullwidth-box fusion-builder-row-4 fusion-flex-container has-pattern-background has-mask-background nonhundred-percent-fullwidth non-hundred-percent-height-scrolling\" style=\"--awb-border-radius-top-left:0px;--awb-border-radius-top-right:0px;--awb-border-radius-bottom-right:0px;--awb-border-radius-bottom-left:0px;--awb-flex-wrap:wrap;\" ><div class=\"fusion-builder-row fusion-row fusion-flex-align-items-flex-start fusion-flex-content-wrap\" style=\"max-width:1331.2px;margin-left: calc(-4% \/ 2 );margin-right: calc(-4% \/ 2 );\"><div class=\"fusion-layout-column fusion_builder_column fusion-builder-column-5 fusion_builder_column_1_1 1_1 fusion-flex-column\" style=\"--awb-bg-size:cover;--awb-width-large:100%;--awb-margin-top-large:0px;--awb-spacing-right-large:1.92%;--awb-margin-bottom-large:0px;--awb-spacing-left-large:1.92%;--awb-width-medium:100%;--awb-order-medium:0;--awb-spacing-right-medium:1.92%;--awb-spacing-left-medium:1.92%;--awb-width-small:100%;--awb-order-small:0;--awb-spacing-right-small:1.92%;--awb-spacing-left-small:1.92%;\"><div class=\"fusion-column-wrapper fusion-column-has-shadow fusion-flex-justify-content-flex-start fusion-content-layout-column\"><div class=\"fusion-separator fusion-full-width-sep\" style=\"align-self: center;margin-left: auto;margin-right: auto;margin-top:3%;margin-bottom:3px;width:100%;\"><\/div><div class=\"fusion-text fusion-text-5\"><h3><strong>Qu\u00e8 pot fer\u00a0<\/strong><a href=\"https:\/\/etecnic.es\/ca\/\"><strong>ETECNIC<\/strong><\/a><strong>\u00a0per la teva empresa?<\/strong><\/h3>\n<\/div><div class=\"fusion-text fusion-text-6\"><p>Estem conven\u00e7uts del gran repte energ\u00e8tic que suposar\u00e0 l\u2019adopci\u00f3 massiva del vehicle el\u00e8ctric. Com a empresa tecnol\u00f2gica especialitzada en mobilitat el\u00e8ctrica, infraestructura de rec\u00e0rrega i gesti\u00f3 energ\u00e8tica, apostem per un futur en el qual l\u2019energia es gestionar\u00e0 com avui es gestionen les dades.<\/p>\n<p>A <strong>Etecnic<\/strong> centrem els nostres esfor\u00e7os en la <strong>innovaci\u00f3 i digitalitzaci\u00f3 de solucions operatives i energ\u00e8tiques entorn a la mobilitat sostenible<\/strong>. Si tens un projecte en curs que necessiti complementar-se amb un partner amb experi\u00e8ncia en noves tecnologies de rec\u00e0rrega, fotovoltaica, bateries o V2G, \u2026<\/p>\n<\/div><div class=\"fusion-separator fusion-full-width-sep\" style=\"align-self: center;margin-left: auto;margin-right: auto;margin-top:3%;margin-bottom:3px;width:100%;\"><\/div><\/div><\/div><\/div><\/div><div class=\"fusion-fullwidth fullwidth-box fusion-builder-row-5 fusion-flex-container has-pattern-background has-mask-background nonhundred-percent-fullwidth non-hundred-percent-height-scrolling\" style=\"--awb-border-radius-top-left:0px;--awb-border-radius-top-right:0px;--awb-border-radius-bottom-right:0px;--awb-border-radius-bottom-left:0px;--awb-flex-wrap:wrap;\" ><div class=\"fusion-builder-row fusion-row fusion-flex-align-items-flex-start fusion-flex-content-wrap\" style=\"max-width:1331.2px;margin-left: calc(-4% \/ 2 );margin-right: calc(-4% \/ 2 );\"><div class=\"fusion-layout-column fusion_builder_column fusion-builder-column-6 fusion_builder_column_1_1 1_1 fusion-flex-column\" style=\"--awb-bg-size:cover;--awb-width-large:100%;--awb-margin-top-large:0px;--awb-spacing-right-large:1.92%;--awb-margin-bottom-large:0px;--awb-spacing-left-large:1.92%;--awb-width-medium:100%;--awb-order-medium:0;--awb-spacing-right-medium:1.92%;--awb-spacing-left-medium:1.92%;--awb-width-small:100%;--awb-order-small:0;--awb-spacing-right-small:1.92%;--awb-spacing-left-small:1.92%;\"><div class=\"fusion-column-wrapper fusion-column-has-shadow fusion-flex-justify-content-flex-start fusion-content-layout-column\"><div class=\"fusion-separator fusion-full-width-sep\" style=\"align-self: center;margin-left: auto;margin-right: auto;margin-top:3%;margin-bottom:3px;width:100%;\"><\/div><div class=\"fusion-separator fusion-full-width-sep\" style=\"align-self: center;margin-left: auto;margin-right: auto;margin-top:3%;margin-bottom:3px;width:100%;\"><\/div><div class=\"fusion-separator fusion-full-width-sep\" style=\"align-self: center;margin-left: auto;margin-right: auto;margin-top:3%;margin-bottom:3px;width:100%;\"><\/div><div class=\"fusion-separator fusion-full-width-sep\" style=\"align-self: center;margin-left: auto;margin-right: auto;margin-top:3%;margin-bottom:3px;width:100%;\"><\/div><div id=\"zf_div_HCjqJFhmE214Ddkqh2SBg90jjdnvEFCoDCZbgpMXtV8\"><\/div><script type=\"text\/javascript\">(function() {\ntry{\nvar f = document.createElement(\"iframe\");   \nf.src = 'https:\/\/forms.zohopublic.com\/marketing351\/form\/ETECNICMOVES\/formperma\/HCjqJFhmE214Ddkqh2SBg90jjdnvEFCoDCZbgpMXtV8?zf_rszfm=1';\nf.style.border=\"none\";                                           \nf.style.height=\"700px\";\nf.style.width=\"100%\";\nf.style.transition=\"all 0.5s ease\";\/\/ No I18N\nvar d = document.getElementById(\"zf_div_HCjqJFhmE214Ddkqh2SBg90jjdnvEFCoDCZbgpMXtV8\");\nd.appendChild(f);\nwindow.addEventListener('message', function (){\nvar zf_ifrm_data = event.data.split(\"|\");\nvar zf_perma = zf_ifrm_data[0];\nvar zf_ifrm_ht_nw = ( parseInt(zf_ifrm_data[1], 10) + 15 ) + \"px\";\nvar iframe = document.getElementById(\"zf_div_HCjqJFhmE214Ddkqh2SBg90jjdnvEFCoDCZbgpMXtV8\").getElementsByTagName(\"iframe\")[0];\nif ( (iframe.src).indexOf('formperma') > 0 && (iframe.src).indexOf(zf_perma) > 0 ) {\nvar prevIframeHeight = iframe.style.height;\nif ( prevIframeHeight != zf_ifrm_ht_nw ) {\niframe.style.height = zf_ifrm_ht_nw;\n}   \n}\n}, false);\n}catch(e){}\n})();<\/script><div class=\"fusion-separator fusion-full-width-sep\" style=\"align-self: center;margin-left: auto;margin-right: auto;margin-top:3%;margin-bottom:3px;width:100%;\"><\/div><div class=\"fusion-image-element\" style=\"--awb-caption-title-font-family:var(--h2_typography-font-family);--awb-caption-title-font-weight:var(--h2_typography-font-weight);--awb-caption-title-font-style:var(--h2_typography-font-style);--awb-caption-title-size:var(--h2_typography-font-size);--awb-caption-title-transform:var(--h2_typography-text-transform);--awb-caption-title-line-height:var(--h2_typography-line-height);--awb-caption-title-letter-spacing:var(--h2_typography-letter-spacing);\"><span class=\" fusion-imageframe imageframe-none imageframe-3 hover-type-none\"><img decoding=\"async\" width=\"1024\" height=\"341\" title=\"banner anna per landing (2)\" src=\"https:\/\/etecnic.es\/wp-content\/uploads\/2025\/06\/banner-anna-per-landing-2-1024x341.png\" alt class=\"img-responsive wp-image-28020\" srcset=\"https:\/\/etecnic.es\/wp-content\/uploads\/2025\/06\/banner-anna-per-landing-2-200x67.png 200w, https:\/\/etecnic.es\/wp-content\/uploads\/2025\/06\/banner-anna-per-landing-2-400x133.png 400w, https:\/\/etecnic.es\/wp-content\/uploads\/2025\/06\/banner-anna-per-landing-2-600x200.png 600w, https:\/\/etecnic.es\/wp-content\/uploads\/2025\/06\/banner-anna-per-landing-2-800x267.png 800w, https:\/\/etecnic.es\/wp-content\/uploads\/2025\/06\/banner-anna-per-landing-2-1200x400.png 1200w, https:\/\/etecnic.es\/wp-content\/uploads\/2025\/06\/banner-anna-per-landing-2.png 1500w\" sizes=\"(max-width: 1024px) 100vw, (max-width: 640px) 100vw, 1024px\" \/><\/span><\/div><\/div><\/div><\/div><\/div><\/p>\n","protected":false},"excerpt":{"rendered":"","protected":false},"author":261,"featured_media":28488,"comment_status":"closed","ping_status":"closed","sticky":false,"template":"","format":"standard","meta":{"footnotes":"","_links_to":"","_links_to_target":""},"categories":[687,901,903,22,718],"tags":[332,1098,323,316],"class_list":["post-28476","post","type-post","status-publish","format-standard","has-post-thumbnail","hentry","category-viu-etecnic","category-vive-etecnic-ca","category-movilidad-electrica-ca","category-noticies","category-premsa","tag-etecnic-ca","tag-evcharge-ca","tag-mobilitat-electrica-ca","tag-movilidad-electrica-ca"],"yoast_head":"<!-- This site is optimized with the Yoast SEO plugin v28.4 - https:\/\/yoast.com\/product\/yoast-seo-wordpress\/ -->\n<title>M\u00f2dul Smart Pricing: la nova eina per recomanar tarifes SMART<\/title>\n<meta name=\"description\" content=\"Smart Pricing \u00e9s la soluci\u00f3 que permet als propietaris dels punts de rec\u00e0rrega la generaci\u00f3 de tarifes din\u00e0miques i intel\u00b7ligents (SMART), en temps real,\" \/>\n<meta name=\"robots\" content=\"index, follow, max-snippet:-1, max-image-preview:large, max-video-preview:-1\" \/>\n<link rel=\"canonical\" href=\"https:\/\/etecnic.es\/ca\/noticies\/modul-smart-pricing-la-nova-eina-per-recomanar-tarifes-smart\/\" \/>\n<meta property=\"og:locale\" content=\"ca_ES\" \/>\n<meta property=\"og:type\" content=\"article\" \/>\n<meta property=\"og:title\" content=\"M\u00f2dul Smart Pricing: la nova eina per recomanar tarifes SMART\" \/>\n<meta property=\"og:description\" content=\"Smart Pricing \u00e9s la soluci\u00f3 que permet als propietaris dels punts de rec\u00e0rrega la generaci\u00f3 de tarifes din\u00e0miques i intel\u00b7ligents (SMART), en temps real, considerant m\u00faltiples factors com ara l\u2019ocupaci\u00f3 dels seus carregadors, el cost de la xarxa el\u00e8ctrica, la generaci\u00f3 solar i l\u2019estat de c\u00e0rrega de les bateries de l\u2019estaci\u00f3.\" \/>\n<meta property=\"og:url\" content=\"https:\/\/etecnic.es\/ca\/noticies\/modul-smart-pricing-la-nova-eina-per-recomanar-tarifes-smart\/\" \/>\n<meta property=\"og:site_name\" content=\"Etecnic - Delivering End-to-end charging solution for electric vehicles\" \/>\n<meta property=\"article:publisher\" content=\"https:\/\/www.facebook.com\/etecnic?fref=ts%2f\" \/>\n<meta property=\"article:published_time\" content=\"2025-08-14T10:13:27+00:00\" \/>\n<meta property=\"article:modified_time\" content=\"2025-09-05T06:16:14+00:00\" \/>\n<meta property=\"og:image\" content=\"https:\/\/etecnic.es\/wp-content\/uploads\/2025\/08\/Blog-modulo-smart-pricing.jpg\" \/>\n\t<meta property=\"og:image:width\" content=\"1110\" \/>\n\t<meta property=\"og:image:height\" content=\"720\" \/>\n\t<meta property=\"og:image:type\" content=\"image\/jpeg\" \/>\n<meta name=\"author\" content=\"Fran Caselles\" \/>\n<meta name=\"twitter:card\" content=\"summary_large_image\" \/>\n<meta name=\"twitter:creator\" content=\"@etecnic\" \/>\n<meta name=\"twitter:site\" content=\"@etecnic\" \/>\n<meta name=\"twitter:label1\" content=\"Escrit per\" \/>\n\t<meta name=\"twitter:data1\" content=\"Fran Caselles\" \/>\n\t<meta name=\"twitter:label2\" content=\"Temps estimat de lectura\" \/>\n\t<meta name=\"twitter:data2\" content=\"4 minutes\" \/>\n<script type=\"application\/ld+json\" class=\"yoast-schema-graph\">{\"@context\":\"https:\\\/\\\/schema.org\",\"@graph\":[{\"@type\":\"Article\",\"@id\":\"https:\\\/\\\/etecnic.es\\\/ca\\\/noticies\\\/modul-smart-pricing-la-nova-eina-per-recomanar-tarifes-smart\\\/#article\",\"isPartOf\":{\"@id\":\"https:\\\/\\\/etecnic.es\\\/ca\\\/noticies\\\/modul-smart-pricing-la-nova-eina-per-recomanar-tarifes-smart\\\/\"},\"author\":{\"name\":\"Fran Caselles\",\"@id\":\"https:\\\/\\\/etecnic.es\\\/#\\\/schema\\\/person\\\/9468062d01c8046cb9eb8a4c446a05fc\"},\"headline\":\"M\u00f2dul Smart Pricing: la nova eina per recomanar tarifes SMART\",\"datePublished\":\"2025-08-14T10:13:27+00:00\",\"dateModified\":\"2025-09-05T06:16:14+00:00\",\"mainEntityOfPage\":{\"@id\":\"https:\\\/\\\/etecnic.es\\\/ca\\\/noticies\\\/modul-smart-pricing-la-nova-eina-per-recomanar-tarifes-smart\\\/\"},\"wordCount\":8443,\"image\":{\"@id\":\"https:\\\/\\\/etecnic.es\\\/ca\\\/noticies\\\/modul-smart-pricing-la-nova-eina-per-recomanar-tarifes-smart\\\/#primaryimage\"},\"thumbnailUrl\":\"https:\\\/\\\/etecnic.es\\\/wp-content\\\/uploads\\\/2025\\\/08\\\/Blog-modulo-smart-pricing.jpg\",\"keywords\":[\"ETECNIC\",\"EVCharge\",\"mobilitat el\u00e8ctrica\",\"Movilidad el\u00e9ctrica\"],\"articleSection\":[\"Etecnic\",\"Etecnic\",\"Movilidad el\u00e9ctrica\",\"Not\u00edcies\",\"Premsa\"],\"inLanguage\":\"ca\"},{\"@type\":\"WebPage\",\"@id\":\"https:\\\/\\\/etecnic.es\\\/ca\\\/noticies\\\/modul-smart-pricing-la-nova-eina-per-recomanar-tarifes-smart\\\/\",\"url\":\"https:\\\/\\\/etecnic.es\\\/ca\\\/noticies\\\/modul-smart-pricing-la-nova-eina-per-recomanar-tarifes-smart\\\/\",\"name\":\"M\u00f2dul Smart Pricing: la nova eina per recomanar tarifes SMART\",\"isPartOf\":{\"@id\":\"https:\\\/\\\/etecnic.es\\\/#website\"},\"primaryImageOfPage\":{\"@id\":\"https:\\\/\\\/etecnic.es\\\/ca\\\/noticies\\\/modul-smart-pricing-la-nova-eina-per-recomanar-tarifes-smart\\\/#primaryimage\"},\"image\":{\"@id\":\"https:\\\/\\\/etecnic.es\\\/ca\\\/noticies\\\/modul-smart-pricing-la-nova-eina-per-recomanar-tarifes-smart\\\/#primaryimage\"},\"thumbnailUrl\":\"https:\\\/\\\/etecnic.es\\\/wp-content\\\/uploads\\\/2025\\\/08\\\/Blog-modulo-smart-pricing.jpg\",\"datePublished\":\"2025-08-14T10:13:27+00:00\",\"dateModified\":\"2025-09-05T06:16:14+00:00\",\"author\":{\"@id\":\"https:\\\/\\\/etecnic.es\\\/#\\\/schema\\\/person\\\/9468062d01c8046cb9eb8a4c446a05fc\"},\"description\":\"Smart Pricing \u00e9s la soluci\u00f3 que permet als propietaris dels punts de rec\u00e0rrega la generaci\u00f3 de tarifes din\u00e0miques i intel\u00b7ligents (SMART), en temps real,\",\"breadcrumb\":{\"@id\":\"https:\\\/\\\/etecnic.es\\\/ca\\\/noticies\\\/modul-smart-pricing-la-nova-eina-per-recomanar-tarifes-smart\\\/#breadcrumb\"},\"inLanguage\":\"ca\",\"potentialAction\":[{\"@type\":\"ReadAction\",\"target\":[\"https:\\\/\\\/etecnic.es\\\/ca\\\/noticies\\\/modul-smart-pricing-la-nova-eina-per-recomanar-tarifes-smart\\\/\"]}]},{\"@type\":\"ImageObject\",\"inLanguage\":\"ca\",\"@id\":\"https:\\\/\\\/etecnic.es\\\/ca\\\/noticies\\\/modul-smart-pricing-la-nova-eina-per-recomanar-tarifes-smart\\\/#primaryimage\",\"url\":\"https:\\\/\\\/etecnic.es\\\/wp-content\\\/uploads\\\/2025\\\/08\\\/Blog-modulo-smart-pricing.jpg\",\"contentUrl\":\"https:\\\/\\\/etecnic.es\\\/wp-content\\\/uploads\\\/2025\\\/08\\\/Blog-modulo-smart-pricing.jpg\",\"width\":1110,\"height\":720},{\"@type\":\"BreadcrumbList\",\"@id\":\"https:\\\/\\\/etecnic.es\\\/ca\\\/noticies\\\/modul-smart-pricing-la-nova-eina-per-recomanar-tarifes-smart\\\/#breadcrumb\",\"itemListElement\":[{\"@type\":\"ListItem\",\"position\":1,\"name\":\"Portada\",\"item\":\"https:\\\/\\\/etecnic.es\\\/ca\\\/\"},{\"@type\":\"ListItem\",\"position\":2,\"name\":\"M\u00f2dul Smart Pricing: la nova eina per recomanar tarifes SMART\"}]},{\"@type\":\"WebSite\",\"@id\":\"https:\\\/\\\/etecnic.es\\\/#website\",\"url\":\"https:\\\/\\\/etecnic.es\\\/\",\"name\":\"Etecnic - Delivering End-to-end charging solution for electric vehicles\",\"description\":\"EVcharge is the software platform that allows you to manage and operate your smart charging points to scale your business. Comprehensive control software and App solution.\",\"potentialAction\":[{\"@type\":\"SearchAction\",\"target\":{\"@type\":\"EntryPoint\",\"urlTemplate\":\"https:\\\/\\\/etecnic.es\\\/?s={search_term_string}\"},\"query-input\":{\"@type\":\"PropertyValueSpecification\",\"valueRequired\":true,\"valueName\":\"search_term_string\"}}],\"inLanguage\":\"ca\"},{\"@type\":\"Person\",\"@id\":\"https:\\\/\\\/etecnic.es\\\/#\\\/schema\\\/person\\\/9468062d01c8046cb9eb8a4c446a05fc\",\"name\":\"Fran Caselles\",\"image\":{\"@type\":\"ImageObject\",\"inLanguage\":\"ca\",\"@id\":\"https:\\\/\\\/secure.gravatar.com\\\/avatar\\\/e437cd9671286bc6c3c1dd795037181569ad67553469290c6c33733c9069b493?s=96&d=mm&r=g\",\"url\":\"https:\\\/\\\/secure.gravatar.com\\\/avatar\\\/e437cd9671286bc6c3c1dd795037181569ad67553469290c6c33733c9069b493?s=96&d=mm&r=g\",\"contentUrl\":\"https:\\\/\\\/secure.gravatar.com\\\/avatar\\\/e437cd9671286bc6c3c1dd795037181569ad67553469290c6c33733c9069b493?s=96&d=mm&r=g\",\"caption\":\"Fran Caselles\"},\"url\":\"https:\\\/\\\/etecnic.es\\\/ca\\\/author\\\/fran\\\/\"}]}<\/script>\n<!-- \/ Yoast SEO plugin. -->","yoast_head_json":{"title":"M\u00f2dul Smart Pricing: la nova eina per recomanar tarifes SMART","description":"Smart Pricing \u00e9s la soluci\u00f3 que permet als propietaris dels punts de rec\u00e0rrega la generaci\u00f3 de tarifes din\u00e0miques i intel\u00b7ligents (SMART), en temps real,","robots":{"index":"index","follow":"follow","max-snippet":"max-snippet:-1","max-image-preview":"max-image-preview:large","max-video-preview":"max-video-preview:-1"},"canonical":"https:\/\/etecnic.es\/ca\/noticies\/modul-smart-pricing-la-nova-eina-per-recomanar-tarifes-smart\/","og_locale":"ca_ES","og_type":"article","og_title":"M\u00f2dul Smart Pricing: la nova eina per recomanar tarifes SMART","og_description":"Smart Pricing \u00e9s la soluci\u00f3 que permet als propietaris dels punts de rec\u00e0rrega la generaci\u00f3 de tarifes din\u00e0miques i intel\u00b7ligents (SMART), en temps real, considerant m\u00faltiples factors com ara l\u2019ocupaci\u00f3 dels seus carregadors, el cost de la xarxa el\u00e8ctrica, la generaci\u00f3 solar i l\u2019estat de c\u00e0rrega de les bateries de l\u2019estaci\u00f3.","og_url":"https:\/\/etecnic.es\/ca\/noticies\/modul-smart-pricing-la-nova-eina-per-recomanar-tarifes-smart\/","og_site_name":"Etecnic - Delivering End-to-end charging solution for electric vehicles","article_publisher":"https:\/\/www.facebook.com\/etecnic?fref=ts%2f","article_published_time":"2025-08-14T10:13:27+00:00","article_modified_time":"2025-09-05T06:16:14+00:00","og_image":[{"width":1110,"height":720,"url":"https:\/\/etecnic.es\/wp-content\/uploads\/2025\/08\/Blog-modulo-smart-pricing.jpg","type":"image\/jpeg"}],"author":"Fran Caselles","twitter_card":"summary_large_image","twitter_creator":"@etecnic","twitter_site":"@etecnic","twitter_misc":{"Escrit per":"Fran Caselles","Temps estimat de lectura":"4 minutes"},"schema":{"@context":"https:\/\/schema.org","@graph":[{"@type":"Article","@id":"https:\/\/etecnic.es\/ca\/noticies\/modul-smart-pricing-la-nova-eina-per-recomanar-tarifes-smart\/#article","isPartOf":{"@id":"https:\/\/etecnic.es\/ca\/noticies\/modul-smart-pricing-la-nova-eina-per-recomanar-tarifes-smart\/"},"author":{"name":"Fran Caselles","@id":"https:\/\/etecnic.es\/#\/schema\/person\/9468062d01c8046cb9eb8a4c446a05fc"},"headline":"M\u00f2dul Smart Pricing: la nova eina per recomanar tarifes SMART","datePublished":"2025-08-14T10:13:27+00:00","dateModified":"2025-09-05T06:16:14+00:00","mainEntityOfPage":{"@id":"https:\/\/etecnic.es\/ca\/noticies\/modul-smart-pricing-la-nova-eina-per-recomanar-tarifes-smart\/"},"wordCount":8443,"image":{"@id":"https:\/\/etecnic.es\/ca\/noticies\/modul-smart-pricing-la-nova-eina-per-recomanar-tarifes-smart\/#primaryimage"},"thumbnailUrl":"https:\/\/etecnic.es\/wp-content\/uploads\/2025\/08\/Blog-modulo-smart-pricing.jpg","keywords":["ETECNIC","EVCharge","mobilitat el\u00e8ctrica","Movilidad el\u00e9ctrica"],"articleSection":["Etecnic","Etecnic","Movilidad el\u00e9ctrica","Not\u00edcies","Premsa"],"inLanguage":"ca"},{"@type":"WebPage","@id":"https:\/\/etecnic.es\/ca\/noticies\/modul-smart-pricing-la-nova-eina-per-recomanar-tarifes-smart\/","url":"https:\/\/etecnic.es\/ca\/noticies\/modul-smart-pricing-la-nova-eina-per-recomanar-tarifes-smart\/","name":"M\u00f2dul Smart Pricing: la nova eina per recomanar tarifes SMART","isPartOf":{"@id":"https:\/\/etecnic.es\/#website"},"primaryImageOfPage":{"@id":"https:\/\/etecnic.es\/ca\/noticies\/modul-smart-pricing-la-nova-eina-per-recomanar-tarifes-smart\/#primaryimage"},"image":{"@id":"https:\/\/etecnic.es\/ca\/noticies\/modul-smart-pricing-la-nova-eina-per-recomanar-tarifes-smart\/#primaryimage"},"thumbnailUrl":"https:\/\/etecnic.es\/wp-content\/uploads\/2025\/08\/Blog-modulo-smart-pricing.jpg","datePublished":"2025-08-14T10:13:27+00:00","dateModified":"2025-09-05T06:16:14+00:00","author":{"@id":"https:\/\/etecnic.es\/#\/schema\/person\/9468062d01c8046cb9eb8a4c446a05fc"},"description":"Smart Pricing \u00e9s la soluci\u00f3 que permet als propietaris dels punts de rec\u00e0rrega la generaci\u00f3 de tarifes din\u00e0miques i intel\u00b7ligents (SMART), en temps real,","breadcrumb":{"@id":"https:\/\/etecnic.es\/ca\/noticies\/modul-smart-pricing-la-nova-eina-per-recomanar-tarifes-smart\/#breadcrumb"},"inLanguage":"ca","potentialAction":[{"@type":"ReadAction","target":["https:\/\/etecnic.es\/ca\/noticies\/modul-smart-pricing-la-nova-eina-per-recomanar-tarifes-smart\/"]}]},{"@type":"ImageObject","inLanguage":"ca","@id":"https:\/\/etecnic.es\/ca\/noticies\/modul-smart-pricing-la-nova-eina-per-recomanar-tarifes-smart\/#primaryimage","url":"https:\/\/etecnic.es\/wp-content\/uploads\/2025\/08\/Blog-modulo-smart-pricing.jpg","contentUrl":"https:\/\/etecnic.es\/wp-content\/uploads\/2025\/08\/Blog-modulo-smart-pricing.jpg","width":1110,"height":720},{"@type":"BreadcrumbList","@id":"https:\/\/etecnic.es\/ca\/noticies\/modul-smart-pricing-la-nova-eina-per-recomanar-tarifes-smart\/#breadcrumb","itemListElement":[{"@type":"ListItem","position":1,"name":"Portada","item":"https:\/\/etecnic.es\/ca\/"},{"@type":"ListItem","position":2,"name":"M\u00f2dul Smart Pricing: la nova eina per recomanar tarifes SMART"}]},{"@type":"WebSite","@id":"https:\/\/etecnic.es\/#website","url":"https:\/\/etecnic.es\/","name":"Etecnic - Delivering End-to-end charging solution for electric vehicles","description":"EVcharge is the software platform that allows you to manage and operate your smart charging points to scale your business. Comprehensive control software and App solution.","potentialAction":[{"@type":"SearchAction","target":{"@type":"EntryPoint","urlTemplate":"https:\/\/etecnic.es\/?s={search_term_string}"},"query-input":{"@type":"PropertyValueSpecification","valueRequired":true,"valueName":"search_term_string"}}],"inLanguage":"ca"},{"@type":"Person","@id":"https:\/\/etecnic.es\/#\/schema\/person\/9468062d01c8046cb9eb8a4c446a05fc","name":"Fran Caselles","image":{"@type":"ImageObject","inLanguage":"ca","@id":"https:\/\/secure.gravatar.com\/avatar\/e437cd9671286bc6c3c1dd795037181569ad67553469290c6c33733c9069b493?s=96&d=mm&r=g","url":"https:\/\/secure.gravatar.com\/avatar\/e437cd9671286bc6c3c1dd795037181569ad67553469290c6c33733c9069b493?s=96&d=mm&r=g","contentUrl":"https:\/\/secure.gravatar.com\/avatar\/e437cd9671286bc6c3c1dd795037181569ad67553469290c6c33733c9069b493?s=96&d=mm&r=g","caption":"Fran Caselles"},"url":"https:\/\/etecnic.es\/ca\/author\/fran\/"}]}},"_links":{"self":[{"href":"https:\/\/etecnic.es\/ca\/wp-json\/wp\/v2\/posts\/28476","targetHints":{"allow":["GET"]}}],"collection":[{"href":"https:\/\/etecnic.es\/ca\/wp-json\/wp\/v2\/posts"}],"about":[{"href":"https:\/\/etecnic.es\/ca\/wp-json\/wp\/v2\/types\/post"}],"author":[{"embeddable":true,"href":"https:\/\/etecnic.es\/ca\/wp-json\/wp\/v2\/users\/261"}],"replies":[{"embeddable":true,"href":"https:\/\/etecnic.es\/ca\/wp-json\/wp\/v2\/comments?post=28476"}],"version-history":[{"count":4,"href":"https:\/\/etecnic.es\/ca\/wp-json\/wp\/v2\/posts\/28476\/revisions"}],"predecessor-version":[{"id":28498,"href":"https:\/\/etecnic.es\/ca\/wp-json\/wp\/v2\/posts\/28476\/revisions\/28498"}],"wp:featuredmedia":[{"embeddable":true,"href":"https:\/\/etecnic.es\/ca\/wp-json\/wp\/v2\/media\/28488"}],"wp:attachment":[{"href":"https:\/\/etecnic.es\/ca\/wp-json\/wp\/v2\/media?parent=28476"}],"wp:term":[{"taxonomy":"category","embeddable":true,"href":"https:\/\/etecnic.es\/ca\/wp-json\/wp\/v2\/categories?post=28476"},{"taxonomy":"post_tag","embeddable":true,"href":"https:\/\/etecnic.es\/ca\/wp-json\/wp\/v2\/tags?post=28476"}],"curies":[{"name":"wp","href":"https:\/\/api.w.org\/{rel}","templated":true}]}}