{"id":28131,"date":"2025-06-27T10:37:33","date_gmt":"2025-06-27T10:37:33","guid":{"rendered":"https:\/\/etecnic.es\/?p=28131"},"modified":"2025-06-27T11:58:37","modified_gmt":"2025-06-27T11:58:37","slug":"etecnic-participa-en-la-celebracion-del-40o-aniversario-del-icf","status":"publish","type":"post","link":"https:\/\/etecnic.es\/ca\/noticies\/etecnic-participa-en-la-celebracion-del-40o-aniversario-del-icf\/","title":{"rendered":"Etecnic participa en la celebraci\u00f3 del 40\u00e8 aniversari de l\u2019ICF"},"content":{"rendered":"<p><div class=\"fusion-fullwidth fullwidth-box fusion-builder-row-1 fusion-flex-container has-pattern-background has-mask-background nonhundred-percent-fullwidth non-hundred-percent-height-scrolling\" style=\"--awb-border-radius-top-left:0px;--awb-border-radius-top-right:0px;--awb-border-radius-bottom-right:0px;--awb-border-radius-bottom-left:0px;--awb-flex-wrap:wrap;\" ><div class=\"fusion-builder-row fusion-row fusion-flex-align-items-flex-start fusion-flex-content-wrap\" style=\"max-width:1331.2px;margin-left: calc(-4% \/ 2 );margin-right: calc(-4% \/ 2 );\"><div class=\"fusion-layout-column fusion_builder_column fusion-builder-column-0 fusion_builder_column_1_1 1_1 fusion-flex-column\" style=\"--awb-bg-size:cover;--awb-width-large:100%;--awb-margin-top-large:0px;--awb-spacing-right-large:1.92%;--awb-margin-bottom-large:0px;--awb-spacing-left-large:1.92%;--awb-width-medium:100%;--awb-order-medium:0;--awb-spacing-right-medium:1.92%;--awb-spacing-left-medium:1.92%;--awb-width-small:100%;--awb-order-small:0;--awb-spacing-right-small:1.92%;--awb-spacing-left-small:1.92%;\"><div class=\"fusion-column-wrapper fusion-column-has-shadow fusion-flex-justify-content-flex-start fusion-content-layout-column\"><div class=\"fusion-text fusion-text-1\"><p>El passat\u00a0<strong>25 de juny<\/strong>, <a href=\"https:\/\/etecnic.es\/ca\/\">Etecnic<\/a> va tenir l\u2019honor de participar en l\u2019acte commemoratiu del\u00a0<strong>40\u00e8 aniversari de l\u2019<a href=\"https:\/\/www.icf.cat\/ca\/actualitat\/noticies\/2025\/acte-celebracio-40-aniversari\">Institut Catal\u00e0 de Finances <\/a>(ICF)<\/strong>, celebrat al\u00a0<strong>Palau de Pedralbes<\/strong>. La nostra directora general,\u00a0<strong>Ramona Mart\u00ednez<\/strong>, va intervenir com a ponent a la taula rodona\u00a0<strong>\u201cICF, passat, present i futur\u201d<\/strong>, compartint escenari amb destacades figures del m\u00f3n econ\u00f2mic i institucional.<\/p>\n<\/div><div class=\"fusion-text fusion-text-2\"><h3>Una jornada clau per al finan\u00e7ament p\u00fablic a Catalunya<\/h3>\n<\/div><div class=\"fusion-text fusion-text-3\"><p>L\u2019acte, que va reunir m\u00e9s de\u00a0<strong>300 assistents<\/strong>, va estar presidit pel\u00a0<strong>Molt Honorable Sr. Salvador Illa<\/strong>, president de la Generalitat, qui va subratllar la import\u00e0ncia del sistema financer amb una declaraci\u00f3 contundent:<\/p>\n<blockquote>\n<p><em>\u201cSi no hi ha un bon sistema financer, no hi ha economia que funcioni.\u201d<\/em><\/p>\n<\/blockquote>\n<p>Per la seva banda, la\u00a0<strong>consellera d\u2019Economia i Finances<\/strong>,\u00a0<strong>Al\u00edcia Romero<\/strong>, va posar en valor el paper de l\u2019ICF com a\u00a0<strong>\u201cpalanca de transformaci\u00f3\u201d<\/strong>\u00a0i va anunciar que\u00a0<strong>1.817 joves ja s\u2019han interessat en els nous Pr\u00e9stecs Emancipaci\u00f3<\/strong>, una l\u00ednia recentment activada per facilitar l&#8217;acc\u00e9s al primer habitatge.<\/p>\n<\/div><div class=\"fusion-text fusion-text-4\"><h3>Etecnic, exemple de transformaci\u00f3 verda i innovaci\u00f3 empresarial<\/h3>\n<\/div><div class=\"fusion-text fusion-text-5\"><p>Durant la taula rodona, Ramona Mart\u00ednez va exposar l\u2019experi\u00e8ncia d\u2019Etecnic com a empresa referent en mobilitat el\u00e8ctrica i transici\u00f3 energ\u00e8tica, destacant el suport estrat\u00e8gic de l\u2019ICF en projectes d\u2019innovaci\u00f3. Va recordar que Etecnic va rebre finan\u00e7ament per impulsar una xarxa pr\u00f2pia que permet testejar nous programes d\u2019innovaci\u00f3 desenvolupats internament per l\u2019equip t\u00e8cnic.<\/p>\n<p>Aquesta col\u00b7laboraci\u00f3 ha estat clau per al desenvolupament de projectes tecnol\u00f2gicament avan\u00e7ats i per consolidar el lideratge d\u2019Etecnic en solucions integrals de rec\u00e0rrega per a vehicles el\u00e8ctrics, continuant aix\u00ed el cam\u00ed cap a una mobilitat m\u00e9s intel\u00b7ligent, sostenible i eficient.<\/p>\n<blockquote>\n<p><em>\u201cLa innovaci\u00f3 \u00e9s un element essencial per a les PIMES, i el suport financer \u00e9s vital per fer-la realitat\u201d<\/em>, va concloure Mart\u00ednez.<\/p>\n<\/blockquote>\n<\/div><div class=\"fusion-text fusion-text-6\"><h3>40 anys d\u2019impacte financer i social<\/h3>\n<\/div><div class=\"fusion-text fusion-text-7\"><p>Amb m\u00e9s de\u00a0<strong>37.000 empreses i entitats finan\u00e7ades<\/strong>\u00a0i un volum de m\u00e9s de\u00a0<strong>16.000 milions d\u2019euros<\/strong>\u00a0en pr\u00e9stecs, avals i capital risc, l\u2019ICF ha estat durant quatre d\u00e8cades un actor fonamental per al creixement econ\u00f2mic, la cohesi\u00f3 territorial i l\u2019impuls de projectes transformadors a Catalunya.<\/p>\n<p>Des d\u2019Etecnic, agra\u00efm el\u00a0<strong>suport de l\u2019ICF als nostres projectes d\u2019innovaci\u00f3 a llarg termini<\/strong>\u00a0vinculats a la mobilitat el\u00e8ctrica, i celebrem formar part d\u2019aquesta traject\u00f2ria conjunta cap a una economia catalana m\u00e9s\u00a0<strong>competitiva, verda i inclusiva<\/strong>.<\/p>\n<\/div><\/div><\/div><\/div><\/div><div class=\"fusion-fullwidth fullwidth-box fusion-builder-row-2 fusion-flex-container has-pattern-background has-mask-background nonhundred-percent-fullwidth non-hundred-percent-height-scrolling\" style=\"--awb-border-radius-top-left:0px;--awb-border-radius-top-right:0px;--awb-border-radius-bottom-right:0px;--awb-border-radius-bottom-left:0px;--awb-flex-wrap:wrap;\" ><div class=\"fusion-builder-row fusion-row fusion-flex-align-items-flex-start fusion-flex-content-wrap\" style=\"max-width:1331.2px;margin-left: calc(-4% \/ 2 );margin-right: calc(-4% \/ 2 );\"><div class=\"fusion-layout-column fusion_builder_column fusion-builder-column-1 fusion_builder_column_1_2 1_2 fusion-flex-column\" style=\"--awb-bg-size:cover;--awb-width-large:50%;--awb-margin-top-large:0px;--awb-spacing-right-large:3.84%;--awb-margin-bottom-large:0px;--awb-spacing-left-large:3.84%;--awb-width-medium:100%;--awb-order-medium:0;--awb-spacing-right-medium:1.92%;--awb-spacing-left-medium:1.92%;--awb-width-small:100%;--awb-order-small:0;--awb-spacing-right-small:1.92%;--awb-spacing-left-small:1.92%;\"><div class=\"fusion-column-wrapper fusion-column-has-shadow fusion-flex-justify-content-flex-start fusion-content-layout-column\"><div class=\"fusion-image-element\" style=\"--awb-caption-title-font-family:var(--h2_typography-font-family);--awb-caption-title-font-weight:var(--h2_typography-font-weight);--awb-caption-title-font-style:var(--h2_typography-font-style);--awb-caption-title-size:var(--h2_typography-font-size);--awb-caption-title-transform:var(--h2_typography-text-transform);--awb-caption-title-line-height:var(--h2_typography-line-height);--awb-caption-title-letter-spacing:var(--h2_typography-letter-spacing);\"><span class=\" fusion-imageframe imageframe-none imageframe-1 hover-type-none\"><img decoding=\"async\" width=\"2560\" height=\"1707\" title=\"2E2A5282\" src=\"https:\/\/etecnic.es\/wp-content\/uploads\/2025\/06\/2E2A5282-scaled.jpg\" alt class=\"img-responsive wp-image-28151\" srcset=\"https:\/\/etecnic.es\/wp-content\/uploads\/2025\/06\/2E2A5282-200x133.jpg 200w, https:\/\/etecnic.es\/wp-content\/uploads\/2025\/06\/2E2A5282-400x267.jpg 400w, https:\/\/etecnic.es\/wp-content\/uploads\/2025\/06\/2E2A5282-600x400.jpg 600w, https:\/\/etecnic.es\/wp-content\/uploads\/2025\/06\/2E2A5282-800x533.jpg 800w, https:\/\/etecnic.es\/wp-content\/uploads\/2025\/06\/2E2A5282-1200x800.jpg 1200w, https:\/\/etecnic.es\/wp-content\/uploads\/2025\/06\/2E2A5282-scaled.jpg 2560w\" sizes=\"(max-width: 1024px) 100vw, (max-width: 640px) 100vw, 800px\" \/><\/span><\/div><div class=\"fusion-separator fusion-full-width-sep\" style=\"align-self: center;margin-left: auto;margin-right: auto;width:100%;\"><div class=\"fusion-separator-border sep-single sep-solid\" style=\"--awb-height:20px;--awb-amount:20px;border-color:#e0dede;border-top-width:1px;\"><\/div><\/div><\/div><\/div><div class=\"fusion-layout-column fusion_builder_column fusion-builder-column-2 fusion_builder_column_1_2 1_2 fusion-flex-column\" style=\"--awb-bg-size:cover;--awb-width-large:50%;--awb-margin-top-large:0px;--awb-spacing-right-large:3.84%;--awb-margin-bottom-large:0px;--awb-spacing-left-large:3.84%;--awb-width-medium:100%;--awb-order-medium:0;--awb-spacing-right-medium:1.92%;--awb-spacing-left-medium:1.92%;--awb-width-small:100%;--awb-order-small:0;--awb-spacing-right-small:1.92%;--awb-spacing-left-small:1.92%;\"><div class=\"fusion-column-wrapper fusion-column-has-shadow fusion-flex-justify-content-flex-start fusion-content-layout-column\"><div class=\"fusion-image-element\" style=\"--awb-caption-title-font-family:var(--h2_typography-font-family);--awb-caption-title-font-weight:var(--h2_typography-font-weight);--awb-caption-title-font-style:var(--h2_typography-font-style);--awb-caption-title-size:var(--h2_typography-font-size);--awb-caption-title-transform:var(--h2_typography-text-transform);--awb-caption-title-line-height:var(--h2_typography-line-height);--awb-caption-title-letter-spacing:var(--h2_typography-letter-spacing);\"><span class=\" fusion-imageframe imageframe-none imageframe-2 hover-type-none\"><img decoding=\"async\" width=\"2560\" height=\"1707\" title=\"2E2A5292\" src=\"https:\/\/etecnic.es\/wp-content\/uploads\/2025\/06\/2E2A5292-scaled.jpg\" alt class=\"img-responsive wp-image-28154\" srcset=\"https:\/\/etecnic.es\/wp-content\/uploads\/2025\/06\/2E2A5292-200x133.jpg 200w, https:\/\/etecnic.es\/wp-content\/uploads\/2025\/06\/2E2A5292-400x267.jpg 400w, https:\/\/etecnic.es\/wp-content\/uploads\/2025\/06\/2E2A5292-600x400.jpg 600w, https:\/\/etecnic.es\/wp-content\/uploads\/2025\/06\/2E2A5292-800x533.jpg 800w, https:\/\/etecnic.es\/wp-content\/uploads\/2025\/06\/2E2A5292-1200x800.jpg 1200w, https:\/\/etecnic.es\/wp-content\/uploads\/2025\/06\/2E2A5292-scaled.jpg 2560w\" sizes=\"(max-width: 1024px) 100vw, (max-width: 640px) 100vw, 800px\" \/><\/span><\/div><div class=\"fusion-separator fusion-full-width-sep\" style=\"align-self: center;margin-left: auto;margin-right: auto;width:100%;\"><div class=\"fusion-separator-border sep-single sep-solid\" style=\"--awb-height:20px;--awb-amount:20px;border-color:#e0dede;border-top-width:1px;\"><\/div><\/div><\/div><\/div><\/div><\/div><div class=\"fusion-fullwidth fullwidth-box fusion-builder-row-3 fusion-flex-container has-pattern-background has-mask-background nonhundred-percent-fullwidth non-hundred-percent-height-scrolling\" style=\"--awb-border-radius-top-left:0px;--awb-border-radius-top-right:0px;--awb-border-radius-bottom-right:0px;--awb-border-radius-bottom-left:0px;--awb-flex-wrap:wrap;\" ><div class=\"fusion-builder-row fusion-row fusion-flex-align-items-flex-start fusion-flex-content-wrap\" style=\"max-width:1331.2px;margin-left: calc(-4% \/ 2 );margin-right: calc(-4% \/ 2 );\"><div class=\"fusion-layout-column fusion_builder_column fusion-builder-column-3 fusion_builder_column_1_1 1_1 fusion-flex-column\" style=\"--awb-bg-size:cover;--awb-width-large:100%;--awb-margin-top-large:0px;--awb-spacing-right-large:1.92%;--awb-margin-bottom-large:0px;--awb-spacing-left-large:1.92%;--awb-width-medium:100%;--awb-order-medium:0;--awb-spacing-right-medium:1.92%;--awb-spacing-left-medium:1.92%;--awb-width-small:100%;--awb-order-small:0;--awb-spacing-right-small:1.92%;--awb-spacing-left-small:1.92%;\"><div class=\"fusion-column-wrapper fusion-column-has-shadow fusion-flex-justify-content-flex-start fusion-content-layout-column\"><div class=\"fusion-text fusion-text-8\"><p><strong>Font d&#8217;informaci\u00f3 <a href=\"https:\/\/www.icf.cat\/ca\/actualitat\/noticies\/2025\/acte-celebracio-40-aniversari\">ICF.es<\/a><\/strong><\/p>\n<\/div><div class=\"fusion-separator fusion-full-width-sep\" style=\"align-self: center;margin-left: auto;margin-right: auto;width:100%;\"><\/div><div class=\"fusion-separator fusion-full-width-sep\" style=\"align-self: center;margin-left: auto;margin-right: auto;width:100%;\"><div class=\"fusion-separator-border sep-single sep-solid\" style=\"--awb-height:20px;--awb-amount:20px;border-color:#e0dede;border-top-width:1px;\"><\/div><\/div><div class=\"fusion-image-element fusion-no-medium-visibility\" style=\"--awb-caption-title-font-family:var(--h2_typography-font-family);--awb-caption-title-font-weight:var(--h2_typography-font-weight);--awb-caption-title-font-style:var(--h2_typography-font-style);--awb-caption-title-size:var(--h2_typography-font-size);--awb-caption-title-transform:var(--h2_typography-text-transform);--awb-caption-title-line-height:var(--h2_typography-line-height);--awb-caption-title-letter-spacing:var(--h2_typography-letter-spacing);\"><span class=\" fusion-imageframe imageframe-none imageframe-3 hover-type-none\"><a class=\"fusion-no-lightbox\" href=\"https:\/\/etecnic.es\/ca\/noticies\/etecnic-premiada-a-millor-pime-de-la-5a-edicio-dels-premis-internacionals-de-mobilitat\/\" target=\"_self\" aria-label=\"banner anna per landing (1)\"><img decoding=\"async\" width=\"1500\" height=\"500\" src=\"https:\/\/etecnic.es\/wp-content\/uploads\/2025\/06\/banner-anna-per-landing-1.jpg\" alt class=\"img-responsive wp-image-28023\" srcset=\"https:\/\/etecnic.es\/wp-content\/uploads\/2025\/06\/banner-anna-per-landing-1-200x67.jpg 200w, https:\/\/etecnic.es\/wp-content\/uploads\/2025\/06\/banner-anna-per-landing-1-400x133.jpg 400w, https:\/\/etecnic.es\/wp-content\/uploads\/2025\/06\/banner-anna-per-landing-1-600x200.jpg 600w, https:\/\/etecnic.es\/wp-content\/uploads\/2025\/06\/banner-anna-per-landing-1-800x267.jpg 800w, https:\/\/etecnic.es\/wp-content\/uploads\/2025\/06\/banner-anna-per-landing-1-1200x400.jpg 1200w, https:\/\/etecnic.es\/wp-content\/uploads\/2025\/06\/banner-anna-per-landing-1.jpg 1500w\" sizes=\"(max-width: 1024px) 100vw, (max-width: 640px) 100vw, 1500px\" \/><\/a><\/span><\/div><div class=\"fusion-separator fusion-full-width-sep\" style=\"align-self: center;margin-left: auto;margin-right: auto;width:100%;\"><\/div><\/div><\/div><\/div><\/div><\/p>\n","protected":false},"excerpt":{"rendered":"","protected":false},"author":257,"featured_media":28147,"comment_status":"closed","ping_status":"closed","sticky":false,"template":"","format":"standard","meta":{"footnotes":"","_links_to":"","_links_to_target":""},"categories":[687,901,698,903,22,685],"tags":[],"class_list":["post-28131","post","type-post","status-publish","format-standard","has-post-thumbnail","hentry","category-viu-etecnic","category-vive-etecnic-ca","category-mobilitat-eletrica","category-movilidad-electrica-ca","category-noticies","category-projectes-ca"],"yoast_head":"<!-- This site is optimized with the Yoast SEO plugin v28.4 - https:\/\/yoast.com\/product\/yoast-seo-wordpress\/ -->\n<title>Etecnic participa en la celebraci\u00f3 del 40\u00e8 aniversari de l\u2019ICF<\/title>\n<meta name=\"description\" content=\"El passat 25 de juny, Etecnic va tenir l\u2019honor de participar en l\u2019acte commemoratiu del 40\u00e8 aniversari de l\u2019Institut Catal\u00e0 de Finances (ICF), celebrat al Palau de Pedralbes\" \/>\n<meta name=\"robots\" content=\"index, follow, max-snippet:-1, max-image-preview:large, max-video-preview:-1\" \/>\n<link rel=\"canonical\" href=\"https:\/\/etecnic.es\/ca\/noticies\/etecnic-participa-en-la-celebracion-del-40o-aniversario-del-icf\/\" \/>\n<meta property=\"og:locale\" content=\"ca_ES\" \/>\n<meta property=\"og:type\" content=\"article\" \/>\n<meta property=\"og:title\" content=\"Etecnic participa en la celebraci\u00f3 del 40\u00e8 aniversari de l\u2019ICF\" \/>\n<meta property=\"og:description\" content=\"El passat 25 de juny, Etecnic va tenir l\u2019honor de participar en l\u2019acte commemoratiu del 40\u00e8 aniversari de l\u2019Institut Catal\u00e0 de Finances (ICF), celebrat al Palau de Pedralbes\" \/>\n<meta property=\"og:url\" content=\"https:\/\/etecnic.es\/ca\/noticies\/etecnic-participa-en-la-celebracion-del-40o-aniversario-del-icf\/\" \/>\n<meta property=\"og:site_name\" content=\"Etecnic - Delivering End-to-end charging solution for electric vehicles\" \/>\n<meta property=\"article:publisher\" content=\"https:\/\/www.facebook.com\/etecnic?fref=ts%2f\" \/>\n<meta property=\"article:published_time\" content=\"2025-06-27T10:37:33+00:00\" \/>\n<meta property=\"article:modified_time\" content=\"2025-06-27T11:58:37+00:00\" \/>\n<meta property=\"og:image\" content=\"https:\/\/etecnic.es\/wp-content\/uploads\/2025\/06\/Blog-MOVES-III-1.jpg\" \/>\n\t<meta property=\"og:image:width\" content=\"1110\" \/>\n\t<meta property=\"og:image:height\" content=\"720\" \/>\n\t<meta property=\"og:image:type\" content=\"image\/jpeg\" \/>\n<meta name=\"author\" content=\"Marketing\" \/>\n<meta name=\"twitter:card\" content=\"summary_large_image\" \/>\n<meta name=\"twitter:creator\" content=\"@etecnic\" \/>\n<meta name=\"twitter:site\" content=\"@etecnic\" \/>\n<meta name=\"twitter:label1\" content=\"Escrit per\" \/>\n\t<meta name=\"twitter:data1\" content=\"Marketing\" \/>\n\t<meta name=\"twitter:label2\" content=\"Temps estimat de lectura\" \/>\n\t<meta name=\"twitter:data2\" content=\"3 minutes\" \/>\n<script type=\"application\/ld+json\" class=\"yoast-schema-graph\">{\"@context\":\"https:\\\/\\\/schema.org\",\"@graph\":[{\"@type\":\"Article\",\"@id\":\"https:\\\/\\\/etecnic.es\\\/ca\\\/noticies\\\/etecnic-participa-en-la-celebracion-del-40o-aniversario-del-icf\\\/#article\",\"isPartOf\":{\"@id\":\"https:\\\/\\\/etecnic.es\\\/ca\\\/noticies\\\/etecnic-participa-en-la-celebracion-del-40o-aniversario-del-icf\\\/\"},\"author\":{\"name\":\"Marketing\",\"@id\":\"https:\\\/\\\/etecnic.es\\\/#\\\/schema\\\/person\\\/098e0213961f2a6b384c8b540dc67de6\"},\"headline\":\"Etecnic participa en la celebraci\u00f3 del 40\u00e8 aniversari de l\u2019ICF\",\"datePublished\":\"2025-06-27T10:37:33+00:00\",\"dateModified\":\"2025-06-27T11:58:37+00:00\",\"mainEntityOfPage\":{\"@id\":\"https:\\\/\\\/etecnic.es\\\/ca\\\/noticies\\\/etecnic-participa-en-la-celebracion-del-40o-aniversario-del-icf\\\/\"},\"wordCount\":5637,\"image\":{\"@id\":\"https:\\\/\\\/etecnic.es\\\/ca\\\/noticies\\\/etecnic-participa-en-la-celebracion-del-40o-aniversario-del-icf\\\/#primaryimage\"},\"thumbnailUrl\":\"https:\\\/\\\/etecnic.es\\\/wp-content\\\/uploads\\\/2025\\\/06\\\/Blog-MOVES-III-1.jpg\",\"articleSection\":[\"Etecnic\",\"Etecnic\",\"Mobilitat el\u00e8ctrica\",\"Movilidad el\u00e9ctrica\",\"Not\u00edcies\",\"Z-Projectes\"],\"inLanguage\":\"ca\"},{\"@type\":\"WebPage\",\"@id\":\"https:\\\/\\\/etecnic.es\\\/ca\\\/noticies\\\/etecnic-participa-en-la-celebracion-del-40o-aniversario-del-icf\\\/\",\"url\":\"https:\\\/\\\/etecnic.es\\\/ca\\\/noticies\\\/etecnic-participa-en-la-celebracion-del-40o-aniversario-del-icf\\\/\",\"name\":\"Etecnic participa en la celebraci\u00f3 del 40\u00e8 aniversari de l\u2019ICF\",\"isPartOf\":{\"@id\":\"https:\\\/\\\/etecnic.es\\\/#website\"},\"primaryImageOfPage\":{\"@id\":\"https:\\\/\\\/etecnic.es\\\/ca\\\/noticies\\\/etecnic-participa-en-la-celebracion-del-40o-aniversario-del-icf\\\/#primaryimage\"},\"image\":{\"@id\":\"https:\\\/\\\/etecnic.es\\\/ca\\\/noticies\\\/etecnic-participa-en-la-celebracion-del-40o-aniversario-del-icf\\\/#primaryimage\"},\"thumbnailUrl\":\"https:\\\/\\\/etecnic.es\\\/wp-content\\\/uploads\\\/2025\\\/06\\\/Blog-MOVES-III-1.jpg\",\"datePublished\":\"2025-06-27T10:37:33+00:00\",\"dateModified\":\"2025-06-27T11:58:37+00:00\",\"author\":{\"@id\":\"https:\\\/\\\/etecnic.es\\\/#\\\/schema\\\/person\\\/098e0213961f2a6b384c8b540dc67de6\"},\"description\":\"El passat 25 de juny, Etecnic va tenir l\u2019honor de participar en l\u2019acte commemoratiu del 40\u00e8 aniversari de l\u2019Institut Catal\u00e0 de Finances (ICF), celebrat al Palau de Pedralbes\",\"breadcrumb\":{\"@id\":\"https:\\\/\\\/etecnic.es\\\/ca\\\/noticies\\\/etecnic-participa-en-la-celebracion-del-40o-aniversario-del-icf\\\/#breadcrumb\"},\"inLanguage\":\"ca\",\"potentialAction\":[{\"@type\":\"ReadAction\",\"target\":[\"https:\\\/\\\/etecnic.es\\\/ca\\\/noticies\\\/etecnic-participa-en-la-celebracion-del-40o-aniversario-del-icf\\\/\"]}]},{\"@type\":\"ImageObject\",\"inLanguage\":\"ca\",\"@id\":\"https:\\\/\\\/etecnic.es\\\/ca\\\/noticies\\\/etecnic-participa-en-la-celebracion-del-40o-aniversario-del-icf\\\/#primaryimage\",\"url\":\"https:\\\/\\\/etecnic.es\\\/wp-content\\\/uploads\\\/2025\\\/06\\\/Blog-MOVES-III-1.jpg\",\"contentUrl\":\"https:\\\/\\\/etecnic.es\\\/wp-content\\\/uploads\\\/2025\\\/06\\\/Blog-MOVES-III-1.jpg\",\"width\":1110,\"height\":720},{\"@type\":\"BreadcrumbList\",\"@id\":\"https:\\\/\\\/etecnic.es\\\/ca\\\/noticies\\\/etecnic-participa-en-la-celebracion-del-40o-aniversario-del-icf\\\/#breadcrumb\",\"itemListElement\":[{\"@type\":\"ListItem\",\"position\":1,\"name\":\"Portada\",\"item\":\"https:\\\/\\\/etecnic.es\\\/ca\\\/\"},{\"@type\":\"ListItem\",\"position\":2,\"name\":\"Etecnic participa en la celebraci\u00f3 del 40\u00e8 aniversari de l\u2019ICF\"}]},{\"@type\":\"WebSite\",\"@id\":\"https:\\\/\\\/etecnic.es\\\/#website\",\"url\":\"https:\\\/\\\/etecnic.es\\\/\",\"name\":\"Etecnic - Delivering End-to-end charging solution for electric vehicles\",\"description\":\"EVcharge is the software platform that allows you to manage and operate your smart charging points to scale your business. Comprehensive control software and App solution.\",\"potentialAction\":[{\"@type\":\"SearchAction\",\"target\":{\"@type\":\"EntryPoint\",\"urlTemplate\":\"https:\\\/\\\/etecnic.es\\\/?s={search_term_string}\"},\"query-input\":{\"@type\":\"PropertyValueSpecification\",\"valueRequired\":true,\"valueName\":\"search_term_string\"}}],\"inLanguage\":\"ca\"},{\"@type\":\"Person\",\"@id\":\"https:\\\/\\\/etecnic.es\\\/#\\\/schema\\\/person\\\/098e0213961f2a6b384c8b540dc67de6\",\"name\":\"Marketing\",\"image\":{\"@type\":\"ImageObject\",\"inLanguage\":\"ca\",\"@id\":\"https:\\\/\\\/secure.gravatar.com\\\/avatar\\\/8893cde4078bf784c34f2c9a78b148d59bc5e99d95417bf12d7303730e468e73?s=96&d=mm&r=g\",\"url\":\"https:\\\/\\\/secure.gravatar.com\\\/avatar\\\/8893cde4078bf784c34f2c9a78b148d59bc5e99d95417bf12d7303730e468e73?s=96&d=mm&r=g\",\"contentUrl\":\"https:\\\/\\\/secure.gravatar.com\\\/avatar\\\/8893cde4078bf784c34f2c9a78b148d59bc5e99d95417bf12d7303730e468e73?s=96&d=mm&r=g\",\"caption\":\"Marketing\"},\"url\":\"https:\\\/\\\/etecnic.es\\\/ca\\\/author\\\/marketing\\\/\"}]}<\/script>\n<!-- \/ Yoast SEO plugin. -->","yoast_head_json":{"title":"Etecnic participa en la celebraci\u00f3 del 40\u00e8 aniversari de l\u2019ICF","description":"El passat 25 de juny, Etecnic va tenir l\u2019honor de participar en l\u2019acte commemoratiu del 40\u00e8 aniversari de l\u2019Institut Catal\u00e0 de Finances (ICF), celebrat al Palau de Pedralbes","robots":{"index":"index","follow":"follow","max-snippet":"max-snippet:-1","max-image-preview":"max-image-preview:large","max-video-preview":"max-video-preview:-1"},"canonical":"https:\/\/etecnic.es\/ca\/noticies\/etecnic-participa-en-la-celebracion-del-40o-aniversario-del-icf\/","og_locale":"ca_ES","og_type":"article","og_title":"Etecnic participa en la celebraci\u00f3 del 40\u00e8 aniversari de l\u2019ICF","og_description":"El passat 25 de juny, Etecnic va tenir l\u2019honor de participar en l\u2019acte commemoratiu del 40\u00e8 aniversari de l\u2019Institut Catal\u00e0 de Finances (ICF), celebrat al Palau de Pedralbes","og_url":"https:\/\/etecnic.es\/ca\/noticies\/etecnic-participa-en-la-celebracion-del-40o-aniversario-del-icf\/","og_site_name":"Etecnic - Delivering End-to-end charging solution for electric vehicles","article_publisher":"https:\/\/www.facebook.com\/etecnic?fref=ts%2f","article_published_time":"2025-06-27T10:37:33+00:00","article_modified_time":"2025-06-27T11:58:37+00:00","og_image":[{"width":1110,"height":720,"url":"https:\/\/etecnic.es\/wp-content\/uploads\/2025\/06\/Blog-MOVES-III-1.jpg","type":"image\/jpeg"}],"author":"Marketing","twitter_card":"summary_large_image","twitter_creator":"@etecnic","twitter_site":"@etecnic","twitter_misc":{"Escrit per":"Marketing","Temps estimat de lectura":"3 minutes"},"schema":{"@context":"https:\/\/schema.org","@graph":[{"@type":"Article","@id":"https:\/\/etecnic.es\/ca\/noticies\/etecnic-participa-en-la-celebracion-del-40o-aniversario-del-icf\/#article","isPartOf":{"@id":"https:\/\/etecnic.es\/ca\/noticies\/etecnic-participa-en-la-celebracion-del-40o-aniversario-del-icf\/"},"author":{"name":"Marketing","@id":"https:\/\/etecnic.es\/#\/schema\/person\/098e0213961f2a6b384c8b540dc67de6"},"headline":"Etecnic participa en la celebraci\u00f3 del 40\u00e8 aniversari de l\u2019ICF","datePublished":"2025-06-27T10:37:33+00:00","dateModified":"2025-06-27T11:58:37+00:00","mainEntityOfPage":{"@id":"https:\/\/etecnic.es\/ca\/noticies\/etecnic-participa-en-la-celebracion-del-40o-aniversario-del-icf\/"},"wordCount":5637,"image":{"@id":"https:\/\/etecnic.es\/ca\/noticies\/etecnic-participa-en-la-celebracion-del-40o-aniversario-del-icf\/#primaryimage"},"thumbnailUrl":"https:\/\/etecnic.es\/wp-content\/uploads\/2025\/06\/Blog-MOVES-III-1.jpg","articleSection":["Etecnic","Etecnic","Mobilitat el\u00e8ctrica","Movilidad el\u00e9ctrica","Not\u00edcies","Z-Projectes"],"inLanguage":"ca"},{"@type":"WebPage","@id":"https:\/\/etecnic.es\/ca\/noticies\/etecnic-participa-en-la-celebracion-del-40o-aniversario-del-icf\/","url":"https:\/\/etecnic.es\/ca\/noticies\/etecnic-participa-en-la-celebracion-del-40o-aniversario-del-icf\/","name":"Etecnic participa en la celebraci\u00f3 del 40\u00e8 aniversari de l\u2019ICF","isPartOf":{"@id":"https:\/\/etecnic.es\/#website"},"primaryImageOfPage":{"@id":"https:\/\/etecnic.es\/ca\/noticies\/etecnic-participa-en-la-celebracion-del-40o-aniversario-del-icf\/#primaryimage"},"image":{"@id":"https:\/\/etecnic.es\/ca\/noticies\/etecnic-participa-en-la-celebracion-del-40o-aniversario-del-icf\/#primaryimage"},"thumbnailUrl":"https:\/\/etecnic.es\/wp-content\/uploads\/2025\/06\/Blog-MOVES-III-1.jpg","datePublished":"2025-06-27T10:37:33+00:00","dateModified":"2025-06-27T11:58:37+00:00","author":{"@id":"https:\/\/etecnic.es\/#\/schema\/person\/098e0213961f2a6b384c8b540dc67de6"},"description":"El passat 25 de juny, Etecnic va tenir l\u2019honor de participar en l\u2019acte commemoratiu del 40\u00e8 aniversari de l\u2019Institut Catal\u00e0 de Finances (ICF), celebrat al Palau de Pedralbes","breadcrumb":{"@id":"https:\/\/etecnic.es\/ca\/noticies\/etecnic-participa-en-la-celebracion-del-40o-aniversario-del-icf\/#breadcrumb"},"inLanguage":"ca","potentialAction":[{"@type":"ReadAction","target":["https:\/\/etecnic.es\/ca\/noticies\/etecnic-participa-en-la-celebracion-del-40o-aniversario-del-icf\/"]}]},{"@type":"ImageObject","inLanguage":"ca","@id":"https:\/\/etecnic.es\/ca\/noticies\/etecnic-participa-en-la-celebracion-del-40o-aniversario-del-icf\/#primaryimage","url":"https:\/\/etecnic.es\/wp-content\/uploads\/2025\/06\/Blog-MOVES-III-1.jpg","contentUrl":"https:\/\/etecnic.es\/wp-content\/uploads\/2025\/06\/Blog-MOVES-III-1.jpg","width":1110,"height":720},{"@type":"BreadcrumbList","@id":"https:\/\/etecnic.es\/ca\/noticies\/etecnic-participa-en-la-celebracion-del-40o-aniversario-del-icf\/#breadcrumb","itemListElement":[{"@type":"ListItem","position":1,"name":"Portada","item":"https:\/\/etecnic.es\/ca\/"},{"@type":"ListItem","position":2,"name":"Etecnic participa en la celebraci\u00f3 del 40\u00e8 aniversari de l\u2019ICF"}]},{"@type":"WebSite","@id":"https:\/\/etecnic.es\/#website","url":"https:\/\/etecnic.es\/","name":"Etecnic - Delivering End-to-end charging solution for electric vehicles","description":"EVcharge is the software platform that allows you to manage and operate your smart charging points to scale your business. Comprehensive control software and App solution.","potentialAction":[{"@type":"SearchAction","target":{"@type":"EntryPoint","urlTemplate":"https:\/\/etecnic.es\/?s={search_term_string}"},"query-input":{"@type":"PropertyValueSpecification","valueRequired":true,"valueName":"search_term_string"}}],"inLanguage":"ca"},{"@type":"Person","@id":"https:\/\/etecnic.es\/#\/schema\/person\/098e0213961f2a6b384c8b540dc67de6","name":"Marketing","image":{"@type":"ImageObject","inLanguage":"ca","@id":"https:\/\/secure.gravatar.com\/avatar\/8893cde4078bf784c34f2c9a78b148d59bc5e99d95417bf12d7303730e468e73?s=96&d=mm&r=g","url":"https:\/\/secure.gravatar.com\/avatar\/8893cde4078bf784c34f2c9a78b148d59bc5e99d95417bf12d7303730e468e73?s=96&d=mm&r=g","contentUrl":"https:\/\/secure.gravatar.com\/avatar\/8893cde4078bf784c34f2c9a78b148d59bc5e99d95417bf12d7303730e468e73?s=96&d=mm&r=g","caption":"Marketing"},"url":"https:\/\/etecnic.es\/ca\/author\/marketing\/"}]}},"_links":{"self":[{"href":"https:\/\/etecnic.es\/ca\/wp-json\/wp\/v2\/posts\/28131","targetHints":{"allow":["GET"]}}],"collection":[{"href":"https:\/\/etecnic.es\/ca\/wp-json\/wp\/v2\/posts"}],"about":[{"href":"https:\/\/etecnic.es\/ca\/wp-json\/wp\/v2\/types\/post"}],"author":[{"embeddable":true,"href":"https:\/\/etecnic.es\/ca\/wp-json\/wp\/v2\/users\/257"}],"replies":[{"embeddable":true,"href":"https:\/\/etecnic.es\/ca\/wp-json\/wp\/v2\/comments?post=28131"}],"version-history":[{"count":22,"href":"https:\/\/etecnic.es\/ca\/wp-json\/wp\/v2\/posts\/28131\/revisions"}],"predecessor-version":[{"id":28170,"href":"https:\/\/etecnic.es\/ca\/wp-json\/wp\/v2\/posts\/28131\/revisions\/28170"}],"wp:featuredmedia":[{"embeddable":true,"href":"https:\/\/etecnic.es\/ca\/wp-json\/wp\/v2\/media\/28147"}],"wp:attachment":[{"href":"https:\/\/etecnic.es\/ca\/wp-json\/wp\/v2\/media?parent=28131"}],"wp:term":[{"taxonomy":"category","embeddable":true,"href":"https:\/\/etecnic.es\/ca\/wp-json\/wp\/v2\/categories?post=28131"},{"taxonomy":"post_tag","embeddable":true,"href":"https:\/\/etecnic.es\/ca\/wp-json\/wp\/v2\/tags?post=28131"}],"curies":[{"name":"wp","href":"https:\/\/api.w.org\/{rel}","templated":true}]}}