{"id":28110,"date":"2025-06-25T12:56:11","date_gmt":"2025-06-25T12:56:11","guid":{"rendered":"https:\/\/etecnic.es\/?p=28110"},"modified":"2025-06-27T06:15:58","modified_gmt":"2025-06-27T06:15:58","slug":"servei-consultoria-mobilitat-electrica","status":"publish","type":"post","link":"https:\/\/etecnic.es\/ca\/noticies\/servei-consultoria-mobilitat-electrica\/","title":{"rendered":"Servei de Consultoria per a Mobilitat El\u00e8ctrica | Etecnic"},"content":{"rendered":"<div class=\"fusion-fullwidth fullwidth-box fusion-builder-row-1 fusion-flex-container has-pattern-background has-mask-background nonhundred-percent-fullwidth non-hundred-percent-height-scrolling\" style=\"--awb-border-radius-top-left:0px;--awb-border-radius-top-right:0px;--awb-border-radius-bottom-right:0px;--awb-border-radius-bottom-left:0px;--awb-flex-wrap:wrap;\" ><div class=\"fusion-builder-row fusion-row fusion-flex-align-items-flex-start fusion-flex-content-wrap\" style=\"max-width:1331.2px;margin-left: calc(-4% \/ 2 );margin-right: calc(-4% \/ 2 );\"><div class=\"fusion-layout-column fusion_builder_column fusion-builder-column-0 fusion_builder_column_1_1 1_1 fusion-flex-column\" style=\"--awb-bg-size:cover;--awb-width-large:100%;--awb-margin-top-large:0px;--awb-spacing-right-large:1.92%;--awb-margin-bottom-large:0px;--awb-spacing-left-large:1.92%;--awb-width-medium:100%;--awb-order-medium:0;--awb-spacing-right-medium:1.92%;--awb-spacing-left-medium:1.92%;--awb-width-small:100%;--awb-order-small:0;--awb-spacing-right-small:1.92%;--awb-spacing-left-small:1.92%;\"><div class=\"fusion-column-wrapper fusion-column-has-shadow fusion-flex-justify-content-flex-start fusion-content-layout-column\"><div class=\"fusion-text fusion-text-1\"><h1>Servei de consultoria per a Mobilitat El\u00e8ctrica | Etecnic<\/h1>\n<\/div><div class=\"fusion-text fusion-text-2\"><h2>Est\u00e0s pensant a fer el pas cap a la mobilitat el\u00e8ctrica, per\u00f2 no saps per on comen\u00e7ar?<\/h2>\n<\/div><div class=\"fusion-text fusion-text-3\"><p>Si t\u2019est\u00e0s plantejant fer la transici\u00f3 cap a la mobilitat el\u00e8ctrica per\u00f2 tens dubtes sobre com fer-ho o quin tipus de projecte s\u2019adapta millor a les teves necessitats, a <strong>Etecnic360<\/strong> et podem ajudar. Som una empresa l\u00edder en solucions de mobilitat sostenible i posem al teu abast el nostre servei especialitzat de<strong> consultoria per a mobilitat el\u00e8ctrica.<\/strong><\/p>\n<p>A Etecnic360 oferim un servei complet que abasta totes les fases del projecte: consultoria personalitzada, enginyeria, instal\u00b7laci\u00f3 de punts de rec\u00e0rrega, gesti\u00f3 centralitzada a trav\u00e9s de la plataforma EVcharge, App per a usuaris amb opci\u00f3 de cobrament, teleassist\u00e8ncia 24\/7 i manteniment de la xarxa de rec\u00e0rrega.<\/p>\n<p><br data-start=\"1233\" data-end=\"1236\" \/>El nostre equip de consultors analitzar\u00e0 les particularitats del teu negoci, siguis una empresa privada o una administraci\u00f3 p\u00fablica, per dissenyar un projecte de mobilitat el\u00e8ctrica <strong>eficient, personalitzat i alineat amb les teves necessitats reals.<\/strong><\/p>\n<\/div><div class=\"fusion-text fusion-text-4\"><h2>La consultoria, la clau perqu\u00e8 un projecte tingui \u00e8xit<\/h2>\n<\/div><div class=\"fusion-text fusion-text-5\"><p data-start=\"1559\" data-end=\"2407\">Moltes vegades, els clients abans de comen\u00e7ar un projecte, es pregunten:<\/p>\n<ul>\n<li data-start=\"1559\" data-end=\"2407\">Quants punts de rec\u00e0rrega necessito? T\u00e9 sentit invertir en punts de rec\u00e0rrega r\u00e0pids i ultrar\u00e0pids a les estacions de servei? Em conv\u00e9 cedir la inversi\u00f3 i la gesti\u00f3 a un CPO extern?<\/li>\n<li data-start=\"1559\" data-end=\"2407\">Com es gestiona una xarxa de punts de rec\u00e0rrega? Quin manteniment necessita?<\/li>\n<li data-start=\"1559\" data-end=\"2407\">Saps si l\u2019energia fotovoltaica pot encaixar en la teva infraestructura actual? Quin percentatge d\u2019energia puc estalviar a l\u2019any?<\/li>\n<li data-start=\"1559\" data-end=\"2407\">Quines s\u00f3n les solucions m\u00e9s habituals en aparcaments comunitaris? Coneixes tota la normativa per a la gesti\u00f3 de rec\u00e0rrega en p\u00e0rquings comunitaris?<\/li>\n<li data-start=\"1559\" data-end=\"2407\">Quant pot costar tot el projecte? Hi ha ajudes o subvencions disponibles?<\/li>\n<li data-start=\"1559\" data-end=\"2407\">Quin pressupost he de preveure per migrar la meva flota de vehicles a el\u00e8ctrics? Quina infraestructura necessito? En quant temps recuperar\u00e9 la inversi\u00f3?<\/li>\n<\/ul>\n<p data-start=\"2409\" data-end=\"2553\">Mitjan\u00e7ant el nostre servei de consultoria per a mobilitat el\u00e8ctrica, escoltarem les teves necessitats per assessorar-te segons el teu objectiu.<\/p>\n<\/div><div class=\"fusion-separator fusion-full-width-sep\" style=\"align-self: center;margin-left: auto;margin-right: auto;width:100%;\"><\/div><div class=\"fusion-image-element fusion-no-medium-visibility\" style=\"--awb-caption-title-font-family:var(--h2_typography-font-family);--awb-caption-title-font-weight:var(--h2_typography-font-weight);--awb-caption-title-font-style:var(--h2_typography-font-style);--awb-caption-title-size:var(--h2_typography-font-size);--awb-caption-title-transform:var(--h2_typography-text-transform);--awb-caption-title-line-height:var(--h2_typography-line-height);--awb-caption-title-letter-spacing:var(--h2_typography-letter-spacing);\"><span class=\" fusion-imageframe imageframe-none imageframe-1 hover-type-none\"><a class=\"fusion-no-lightbox\" href=\"https:\/\/etecnic.es\/ca\/mapa-de-recarga\" target=\"_self\" aria-label=\"banner mapa de recarga CAT\"><img decoding=\"async\" width=\"1500\" height=\"500\" src=\"https:\/\/etecnic.es\/wp-content\/uploads\/2025\/06\/banner-mapa-de-recarga-CAT.jpg\" alt class=\"img-responsive wp-image-28115\" srcset=\"https:\/\/etecnic.es\/wp-content\/uploads\/2025\/06\/banner-mapa-de-recarga-CAT-200x67.jpg 200w, https:\/\/etecnic.es\/wp-content\/uploads\/2025\/06\/banner-mapa-de-recarga-CAT-400x133.jpg 400w, https:\/\/etecnic.es\/wp-content\/uploads\/2025\/06\/banner-mapa-de-recarga-CAT-600x200.jpg 600w, https:\/\/etecnic.es\/wp-content\/uploads\/2025\/06\/banner-mapa-de-recarga-CAT-800x267.jpg 800w, https:\/\/etecnic.es\/wp-content\/uploads\/2025\/06\/banner-mapa-de-recarga-CAT-1200x400.jpg 1200w, https:\/\/etecnic.es\/wp-content\/uploads\/2025\/06\/banner-mapa-de-recarga-CAT.jpg 1500w\" sizes=\"(max-width: 1024px) 100vw, (max-width: 640px) 100vw, 1500px\" \/><\/a><\/span><\/div><div class=\"fusion-separator fusion-full-width-sep\" style=\"align-self: center;margin-left: auto;margin-right: auto;width:100%;\"><\/div><div class=\"fusion-text fusion-text-6\"><h2>Qu\u00e8 inclou el nostre servei de consultoria per a mobilitat el\u00e8ctrica?<\/h2>\n<\/div><div class=\"fusion-text fusion-text-7\"><p>El nostre servei de consultoria per a mobilitat el\u00e8ctrica \u00e9s integral i apte per a qualsevol model de negoci, tant per a empreses com per a entitats p\u00fabliques. Assumim projectes diversos com la descarbonitzaci\u00f3 de flotes per a empreses p\u00fabliques, l\u2019aplicaci\u00f3 d\u2019estrat\u00e8gies de desplegament de punts de rec\u00e0rrega per a diputacions provincials o el disseny de models de negoci per a grups inversors.<\/p>\n<p>El sector de la mobilitat el\u00e8ctrica \u00e9s ampli i, sovint, les normatives poden generar dubtes. A Etecnic t\u2019acompanyem en el teu projecte, atenent sempre les teves necessitats. Estudiem el teu cas i responem totes les teves preguntes de forma totalment personalitzada.<\/p>\n<\/div><div class=\"fusion-text fusion-text-8\"><h2>El nostre enfocament: consultoria integral i personalitzada<\/h2>\n<\/div><div class=\"fusion-text fusion-text-9\"><p data-start=\"3392\" data-end=\"3562\">Seguim un enfocament basat en la consultoria integral i personalitzada. \u00c9s a dir, mitjan\u00e7ant Etecnic360 t\u2019acompanyem i t\u2019assessorem en totes les fases del teu projecte:<\/p>\n<ul data-start=\"3563\" data-end=\"3691\">\n<li data-start=\"3563\" data-end=\"3584\">\n<p data-start=\"3565\" data-end=\"3584\">Estudi i projecte<\/p>\n<\/li>\n<li data-start=\"3585\" data-end=\"3601\">\n<p data-start=\"3587\" data-end=\"3601\">Instal\u00b7laci\u00f3<\/p>\n<\/li>\n<li data-start=\"3602\" data-end=\"3623\">\n<p data-start=\"3604\" data-end=\"3623\">Punt de rec\u00e0rrega<\/p>\n<\/li>\n<li data-start=\"3624\" data-end=\"3648\">\n<p data-start=\"3626\" data-end=\"3648\">Programari de gesti\u00f3<\/p>\n<\/li>\n<li data-start=\"3649\" data-end=\"3691\">\n<p data-start=\"3651\" data-end=\"3691\">Manteniment i teleassist\u00e8ncia a l\u2019usuari<\/p>\n<\/li>\n<\/ul>\n<p data-start=\"3693\" data-end=\"3807\">Estudiem el teu cas de forma sempre individualitzada, perqu\u00e8 sabem que cada empresa o entitat p\u00fablica \u00e9s diferent.<\/p>\n<\/div><div class=\"fusion-text fusion-text-10\"><h2>Per qu\u00e8 escollir Etecnic per a la teva consultoria en mobilitat el\u00e8ctrica?<\/h2>\n<\/div><div class=\"fusion-text fusion-text-11\"><p>A <strong>Etecnic<\/strong> fa m\u00e9s de 10 anys que col\u00b7laborem amb empreses i administracions p\u00fabliques en el desenvolupament de projectes de mobilitat el\u00e8ctrica. La nostra \u00e0mplia experi\u00e8ncia i coneixement profund del sector ens permeten convertir-nos en el teu <strong>partner de confian\u00e7a<\/strong> per impulsar projectes estrat\u00e8gics, rendibles i adaptats a les teves necessitats.<\/p>\n<p><br data-start=\"4247\" data-end=\"4250\" \/>En escollir el nostre servei de consultoria, comptar\u00e0s amb el suport d\u2019un equip expert que t\u2019acompanyar\u00e0 des del principi. \u00c9s un pas clau per <strong>definir una base s\u00f2lida<\/strong>, resoldre tots els dubtes i garantir que el teu projecte sigui <strong>eficient, viable i sostenible.<\/strong><\/p>\n<p><br data-start=\"4509\" data-end=\"4512\" \/><a href=\"https:\/\/etecnic.es\/ca\/contacte\/\"><strong>Contacta amb nosaltres i explica\u2019ns el teu cas.<\/strong> <\/a>Som aqu\u00ed per ajudar-te a fer el salt cap a una mobilitat m\u00e9s intel\u00b7ligent i sostenible.<\/p>\n<\/div><div class=\"fusion-separator fusion-full-width-sep\" style=\"align-self: center;margin-left: auto;margin-right: auto;width:100%;\"><\/div><div class=\"fusion-separator fusion-full-width-sep\" style=\"align-self: center;margin-left: auto;margin-right: auto;width:100%;\"><\/div><div class=\"fusion-separator fusion-full-width-sep\" style=\"align-self: center;margin-left: auto;margin-right: auto;width:100%;\"><\/div><div class=\"fusion-image-element fusion-no-medium-visibility\" style=\"--awb-caption-title-font-family:var(--h2_typography-font-family);--awb-caption-title-font-weight:var(--h2_typography-font-weight);--awb-caption-title-font-style:var(--h2_typography-font-style);--awb-caption-title-size:var(--h2_typography-font-size);--awb-caption-title-transform:var(--h2_typography-text-transform);--awb-caption-title-line-height:var(--h2_typography-line-height);--awb-caption-title-letter-spacing:var(--h2_typography-letter-spacing);\"><span class=\" fusion-imageframe imageframe-none imageframe-2 hover-type-none\"><a class=\"fusion-no-lightbox\" href=\"https:\/\/etecnic.es\/ca\/noticies\/etecnic-premiada-a-millor-pime-de-la-5a-edicio-dels-premis-internacionals-de-mobilitat\/\" target=\"_self\" aria-label=\"banner anna per landing (1)\"><img decoding=\"async\" width=\"1500\" height=\"500\" src=\"https:\/\/etecnic.es\/wp-content\/uploads\/2025\/06\/banner-anna-per-landing-1.jpg\" alt class=\"img-responsive wp-image-28023\" srcset=\"https:\/\/etecnic.es\/wp-content\/uploads\/2025\/06\/banner-anna-per-landing-1-200x67.jpg 200w, https:\/\/etecnic.es\/wp-content\/uploads\/2025\/06\/banner-anna-per-landing-1-400x133.jpg 400w, https:\/\/etecnic.es\/wp-content\/uploads\/2025\/06\/banner-anna-per-landing-1-600x200.jpg 600w, https:\/\/etecnic.es\/wp-content\/uploads\/2025\/06\/banner-anna-per-landing-1-800x267.jpg 800w, https:\/\/etecnic.es\/wp-content\/uploads\/2025\/06\/banner-anna-per-landing-1-1200x400.jpg 1200w, https:\/\/etecnic.es\/wp-content\/uploads\/2025\/06\/banner-anna-per-landing-1.jpg 1500w\" sizes=\"(max-width: 1024px) 100vw, (max-width: 640px) 100vw, 1500px\" \/><\/a><\/span><\/div><div class=\"fusion-separator fusion-full-width-sep\" style=\"align-self: center;margin-left: auto;margin-right: auto;width:100%;\"><\/div><\/div><\/div><\/div><\/div>\n","protected":false},"excerpt":{"rendered":"","protected":false},"author":257,"featured_media":28120,"comment_status":"closed","ping_status":"closed","sticky":false,"template":"","format":"standard","meta":{"footnotes":"","_links_to":"","_links_to_target":""},"categories":[901,687,698,903,22,685],"tags":[],"class_list":["post-28110","post","type-post","status-publish","format-standard","has-post-thumbnail","hentry","category-vive-etecnic-ca","category-viu-etecnic","category-mobilitat-eletrica","category-movilidad-electrica-ca","category-noticies","category-projectes-ca"],"yoast_head":"<!-- This site is optimized with the Yoast SEO plugin v28.4 - https:\/\/yoast.com\/product\/yoast-seo-wordpress\/ -->\n<title>Servicio de Consultor\u00eda para Movilidad El\u00e9ctrica | Etecnic<\/title>\n<meta name=\"description\" content=\"Impulsa el teu negoci amb la nostra consultoria en mobilitat el\u00e8ctrica. A Etecnic t\u2019assessorem en cada fase per a un projecte eficient i rendible.\" \/>\n<meta name=\"robots\" content=\"index, follow, max-snippet:-1, max-image-preview:large, max-video-preview:-1\" \/>\n<link rel=\"canonical\" href=\"https:\/\/etecnic.es\/ca\/noticies\/servei-consultoria-mobilitat-electrica\/\" \/>\n<meta property=\"og:locale\" content=\"ca_ES\" \/>\n<meta property=\"og:type\" content=\"article\" \/>\n<meta property=\"og:title\" content=\"Servei de Consultoria per a Mobilitat El\u00e8ctrica | Etecnic\" \/>\n<meta property=\"og:description\" content=\"Impulsa el teu negoci amb la nostra consultoria en mobilitat el\u00e8ctrica. A Etecnic t\u2019assessorem en cada fase per a un projecte eficient i rendible.\" \/>\n<meta property=\"og:url\" content=\"https:\/\/etecnic.es\/ca\/noticies\/servei-consultoria-mobilitat-electrica\/\" \/>\n<meta property=\"og:site_name\" content=\"Etecnic - Delivering End-to-end charging solution for electric vehicles\" \/>\n<meta property=\"article:publisher\" content=\"https:\/\/www.facebook.com\/etecnic?fref=ts%2f\" \/>\n<meta property=\"article:published_time\" content=\"2025-06-25T12:56:11+00:00\" \/>\n<meta property=\"article:modified_time\" content=\"2025-06-27T06:15:58+00:00\" \/>\n<meta property=\"og:image\" content=\"https:\/\/etecnic.es\/wp-content\/uploads\/2025\/06\/Blog-Berrioplano-1.jpg\" \/>\n\t<meta property=\"og:image:width\" content=\"1110\" \/>\n\t<meta property=\"og:image:height\" content=\"720\" \/>\n\t<meta property=\"og:image:type\" content=\"image\/jpeg\" \/>\n<meta name=\"author\" content=\"Marketing\" \/>\n<meta name=\"twitter:card\" content=\"summary_large_image\" \/>\n<meta name=\"twitter:creator\" content=\"@etecnic\" \/>\n<meta name=\"twitter:site\" content=\"@etecnic\" \/>\n<meta name=\"twitter:label1\" content=\"Escrit per\" \/>\n\t<meta name=\"twitter:data1\" content=\"Marketing\" \/>\n\t<meta name=\"twitter:label2\" content=\"Temps estimat de lectura\" \/>\n\t<meta name=\"twitter:data2\" content=\"4 minutes\" \/>\n<script type=\"application\/ld+json\" class=\"yoast-schema-graph\">{\"@context\":\"https:\\\/\\\/schema.org\",\"@graph\":[{\"@type\":\"Article\",\"@id\":\"https:\\\/\\\/etecnic.es\\\/ca\\\/noticies\\\/servei-consultoria-mobilitat-electrica\\\/#article\",\"isPartOf\":{\"@id\":\"https:\\\/\\\/etecnic.es\\\/ca\\\/noticies\\\/servei-consultoria-mobilitat-electrica\\\/\"},\"author\":{\"name\":\"Marketing\",\"@id\":\"https:\\\/\\\/etecnic.es\\\/#\\\/schema\\\/person\\\/098e0213961f2a6b384c8b540dc67de6\"},\"headline\":\"Servei de Consultoria per a Mobilitat El\u00e8ctrica | Etecnic\",\"datePublished\":\"2025-06-25T12:56:11+00:00\",\"dateModified\":\"2025-06-27T06:15:58+00:00\",\"mainEntityOfPage\":{\"@id\":\"https:\\\/\\\/etecnic.es\\\/ca\\\/noticies\\\/servei-consultoria-mobilitat-electrica\\\/\"},\"wordCount\":3698,\"image\":{\"@id\":\"https:\\\/\\\/etecnic.es\\\/ca\\\/noticies\\\/servei-consultoria-mobilitat-electrica\\\/#primaryimage\"},\"thumbnailUrl\":\"https:\\\/\\\/etecnic.es\\\/wp-content\\\/uploads\\\/2025\\\/06\\\/Blog-Berrioplano-1.jpg\",\"articleSection\":[\"Etecnic\",\"Etecnic\",\"Mobilitat el\u00e8ctrica\",\"Movilidad el\u00e9ctrica\",\"Not\u00edcies\",\"Z-Projectes\"],\"inLanguage\":\"ca\"},{\"@type\":\"WebPage\",\"@id\":\"https:\\\/\\\/etecnic.es\\\/ca\\\/noticies\\\/servei-consultoria-mobilitat-electrica\\\/\",\"url\":\"https:\\\/\\\/etecnic.es\\\/ca\\\/noticies\\\/servei-consultoria-mobilitat-electrica\\\/\",\"name\":\"Servicio de Consultor\u00eda para Movilidad El\u00e9ctrica | Etecnic\",\"isPartOf\":{\"@id\":\"https:\\\/\\\/etecnic.es\\\/#website\"},\"primaryImageOfPage\":{\"@id\":\"https:\\\/\\\/etecnic.es\\\/ca\\\/noticies\\\/servei-consultoria-mobilitat-electrica\\\/#primaryimage\"},\"image\":{\"@id\":\"https:\\\/\\\/etecnic.es\\\/ca\\\/noticies\\\/servei-consultoria-mobilitat-electrica\\\/#primaryimage\"},\"thumbnailUrl\":\"https:\\\/\\\/etecnic.es\\\/wp-content\\\/uploads\\\/2025\\\/06\\\/Blog-Berrioplano-1.jpg\",\"datePublished\":\"2025-06-25T12:56:11+00:00\",\"dateModified\":\"2025-06-27T06:15:58+00:00\",\"author\":{\"@id\":\"https:\\\/\\\/etecnic.es\\\/#\\\/schema\\\/person\\\/098e0213961f2a6b384c8b540dc67de6\"},\"description\":\"Impulsa el teu negoci amb la nostra consultoria en mobilitat el\u00e8ctrica. A Etecnic t\u2019assessorem en cada fase per a un projecte eficient i rendible.\",\"breadcrumb\":{\"@id\":\"https:\\\/\\\/etecnic.es\\\/ca\\\/noticies\\\/servei-consultoria-mobilitat-electrica\\\/#breadcrumb\"},\"inLanguage\":\"ca\",\"potentialAction\":[{\"@type\":\"ReadAction\",\"target\":[\"https:\\\/\\\/etecnic.es\\\/ca\\\/noticies\\\/servei-consultoria-mobilitat-electrica\\\/\"]}]},{\"@type\":\"ImageObject\",\"inLanguage\":\"ca\",\"@id\":\"https:\\\/\\\/etecnic.es\\\/ca\\\/noticies\\\/servei-consultoria-mobilitat-electrica\\\/#primaryimage\",\"url\":\"https:\\\/\\\/etecnic.es\\\/wp-content\\\/uploads\\\/2025\\\/06\\\/Blog-Berrioplano-1.jpg\",\"contentUrl\":\"https:\\\/\\\/etecnic.es\\\/wp-content\\\/uploads\\\/2025\\\/06\\\/Blog-Berrioplano-1.jpg\",\"width\":1110,\"height\":720},{\"@type\":\"BreadcrumbList\",\"@id\":\"https:\\\/\\\/etecnic.es\\\/ca\\\/noticies\\\/servei-consultoria-mobilitat-electrica\\\/#breadcrumb\",\"itemListElement\":[{\"@type\":\"ListItem\",\"position\":1,\"name\":\"Portada\",\"item\":\"https:\\\/\\\/etecnic.es\\\/ca\\\/\"},{\"@type\":\"ListItem\",\"position\":2,\"name\":\"Servei de Consultoria per a Mobilitat El\u00e8ctrica | Etecnic\"}]},{\"@type\":\"WebSite\",\"@id\":\"https:\\\/\\\/etecnic.es\\\/#website\",\"url\":\"https:\\\/\\\/etecnic.es\\\/\",\"name\":\"Etecnic - Delivering End-to-end charging solution for electric vehicles\",\"description\":\"EVcharge is the software platform that allows you to manage and operate your smart charging points to scale your business. Comprehensive control software and App solution.\",\"potentialAction\":[{\"@type\":\"SearchAction\",\"target\":{\"@type\":\"EntryPoint\",\"urlTemplate\":\"https:\\\/\\\/etecnic.es\\\/?s={search_term_string}\"},\"query-input\":{\"@type\":\"PropertyValueSpecification\",\"valueRequired\":true,\"valueName\":\"search_term_string\"}}],\"inLanguage\":\"ca\"},{\"@type\":\"Person\",\"@id\":\"https:\\\/\\\/etecnic.es\\\/#\\\/schema\\\/person\\\/098e0213961f2a6b384c8b540dc67de6\",\"name\":\"Marketing\",\"image\":{\"@type\":\"ImageObject\",\"inLanguage\":\"ca\",\"@id\":\"https:\\\/\\\/secure.gravatar.com\\\/avatar\\\/8893cde4078bf784c34f2c9a78b148d59bc5e99d95417bf12d7303730e468e73?s=96&d=mm&r=g\",\"url\":\"https:\\\/\\\/secure.gravatar.com\\\/avatar\\\/8893cde4078bf784c34f2c9a78b148d59bc5e99d95417bf12d7303730e468e73?s=96&d=mm&r=g\",\"contentUrl\":\"https:\\\/\\\/secure.gravatar.com\\\/avatar\\\/8893cde4078bf784c34f2c9a78b148d59bc5e99d95417bf12d7303730e468e73?s=96&d=mm&r=g\",\"caption\":\"Marketing\"},\"url\":\"https:\\\/\\\/etecnic.es\\\/ca\\\/author\\\/marketing\\\/\"}]}<\/script>\n<!-- \/ Yoast SEO plugin. -->","yoast_head_json":{"title":"Servicio de Consultor\u00eda para Movilidad El\u00e9ctrica | Etecnic","description":"Impulsa el teu negoci amb la nostra consultoria en mobilitat el\u00e8ctrica. A Etecnic t\u2019assessorem en cada fase per a un projecte eficient i rendible.","robots":{"index":"index","follow":"follow","max-snippet":"max-snippet:-1","max-image-preview":"max-image-preview:large","max-video-preview":"max-video-preview:-1"},"canonical":"https:\/\/etecnic.es\/ca\/noticies\/servei-consultoria-mobilitat-electrica\/","og_locale":"ca_ES","og_type":"article","og_title":"Servei de Consultoria per a Mobilitat El\u00e8ctrica | Etecnic","og_description":"Impulsa el teu negoci amb la nostra consultoria en mobilitat el\u00e8ctrica. A Etecnic t\u2019assessorem en cada fase per a un projecte eficient i rendible.","og_url":"https:\/\/etecnic.es\/ca\/noticies\/servei-consultoria-mobilitat-electrica\/","og_site_name":"Etecnic - Delivering End-to-end charging solution for electric vehicles","article_publisher":"https:\/\/www.facebook.com\/etecnic?fref=ts%2f","article_published_time":"2025-06-25T12:56:11+00:00","article_modified_time":"2025-06-27T06:15:58+00:00","og_image":[{"width":1110,"height":720,"url":"https:\/\/etecnic.es\/wp-content\/uploads\/2025\/06\/Blog-Berrioplano-1.jpg","type":"image\/jpeg"}],"author":"Marketing","twitter_card":"summary_large_image","twitter_creator":"@etecnic","twitter_site":"@etecnic","twitter_misc":{"Escrit per":"Marketing","Temps estimat de lectura":"4 minutes"},"schema":{"@context":"https:\/\/schema.org","@graph":[{"@type":"Article","@id":"https:\/\/etecnic.es\/ca\/noticies\/servei-consultoria-mobilitat-electrica\/#article","isPartOf":{"@id":"https:\/\/etecnic.es\/ca\/noticies\/servei-consultoria-mobilitat-electrica\/"},"author":{"name":"Marketing","@id":"https:\/\/etecnic.es\/#\/schema\/person\/098e0213961f2a6b384c8b540dc67de6"},"headline":"Servei de Consultoria per a Mobilitat El\u00e8ctrica | Etecnic","datePublished":"2025-06-25T12:56:11+00:00","dateModified":"2025-06-27T06:15:58+00:00","mainEntityOfPage":{"@id":"https:\/\/etecnic.es\/ca\/noticies\/servei-consultoria-mobilitat-electrica\/"},"wordCount":3698,"image":{"@id":"https:\/\/etecnic.es\/ca\/noticies\/servei-consultoria-mobilitat-electrica\/#primaryimage"},"thumbnailUrl":"https:\/\/etecnic.es\/wp-content\/uploads\/2025\/06\/Blog-Berrioplano-1.jpg","articleSection":["Etecnic","Etecnic","Mobilitat el\u00e8ctrica","Movilidad el\u00e9ctrica","Not\u00edcies","Z-Projectes"],"inLanguage":"ca"},{"@type":"WebPage","@id":"https:\/\/etecnic.es\/ca\/noticies\/servei-consultoria-mobilitat-electrica\/","url":"https:\/\/etecnic.es\/ca\/noticies\/servei-consultoria-mobilitat-electrica\/","name":"Servicio de Consultor\u00eda para Movilidad El\u00e9ctrica | Etecnic","isPartOf":{"@id":"https:\/\/etecnic.es\/#website"},"primaryImageOfPage":{"@id":"https:\/\/etecnic.es\/ca\/noticies\/servei-consultoria-mobilitat-electrica\/#primaryimage"},"image":{"@id":"https:\/\/etecnic.es\/ca\/noticies\/servei-consultoria-mobilitat-electrica\/#primaryimage"},"thumbnailUrl":"https:\/\/etecnic.es\/wp-content\/uploads\/2025\/06\/Blog-Berrioplano-1.jpg","datePublished":"2025-06-25T12:56:11+00:00","dateModified":"2025-06-27T06:15:58+00:00","author":{"@id":"https:\/\/etecnic.es\/#\/schema\/person\/098e0213961f2a6b384c8b540dc67de6"},"description":"Impulsa el teu negoci amb la nostra consultoria en mobilitat el\u00e8ctrica. A Etecnic t\u2019assessorem en cada fase per a un projecte eficient i rendible.","breadcrumb":{"@id":"https:\/\/etecnic.es\/ca\/noticies\/servei-consultoria-mobilitat-electrica\/#breadcrumb"},"inLanguage":"ca","potentialAction":[{"@type":"ReadAction","target":["https:\/\/etecnic.es\/ca\/noticies\/servei-consultoria-mobilitat-electrica\/"]}]},{"@type":"ImageObject","inLanguage":"ca","@id":"https:\/\/etecnic.es\/ca\/noticies\/servei-consultoria-mobilitat-electrica\/#primaryimage","url":"https:\/\/etecnic.es\/wp-content\/uploads\/2025\/06\/Blog-Berrioplano-1.jpg","contentUrl":"https:\/\/etecnic.es\/wp-content\/uploads\/2025\/06\/Blog-Berrioplano-1.jpg","width":1110,"height":720},{"@type":"BreadcrumbList","@id":"https:\/\/etecnic.es\/ca\/noticies\/servei-consultoria-mobilitat-electrica\/#breadcrumb","itemListElement":[{"@type":"ListItem","position":1,"name":"Portada","item":"https:\/\/etecnic.es\/ca\/"},{"@type":"ListItem","position":2,"name":"Servei de Consultoria per a Mobilitat El\u00e8ctrica | Etecnic"}]},{"@type":"WebSite","@id":"https:\/\/etecnic.es\/#website","url":"https:\/\/etecnic.es\/","name":"Etecnic - Delivering End-to-end charging solution for electric vehicles","description":"EVcharge is the software platform that allows you to manage and operate your smart charging points to scale your business. Comprehensive control software and App solution.","potentialAction":[{"@type":"SearchAction","target":{"@type":"EntryPoint","urlTemplate":"https:\/\/etecnic.es\/?s={search_term_string}"},"query-input":{"@type":"PropertyValueSpecification","valueRequired":true,"valueName":"search_term_string"}}],"inLanguage":"ca"},{"@type":"Person","@id":"https:\/\/etecnic.es\/#\/schema\/person\/098e0213961f2a6b384c8b540dc67de6","name":"Marketing","image":{"@type":"ImageObject","inLanguage":"ca","@id":"https:\/\/secure.gravatar.com\/avatar\/8893cde4078bf784c34f2c9a78b148d59bc5e99d95417bf12d7303730e468e73?s=96&d=mm&r=g","url":"https:\/\/secure.gravatar.com\/avatar\/8893cde4078bf784c34f2c9a78b148d59bc5e99d95417bf12d7303730e468e73?s=96&d=mm&r=g","contentUrl":"https:\/\/secure.gravatar.com\/avatar\/8893cde4078bf784c34f2c9a78b148d59bc5e99d95417bf12d7303730e468e73?s=96&d=mm&r=g","caption":"Marketing"},"url":"https:\/\/etecnic.es\/ca\/author\/marketing\/"}]}},"_links":{"self":[{"href":"https:\/\/etecnic.es\/ca\/wp-json\/wp\/v2\/posts\/28110","targetHints":{"allow":["GET"]}}],"collection":[{"href":"https:\/\/etecnic.es\/ca\/wp-json\/wp\/v2\/posts"}],"about":[{"href":"https:\/\/etecnic.es\/ca\/wp-json\/wp\/v2\/types\/post"}],"author":[{"embeddable":true,"href":"https:\/\/etecnic.es\/ca\/wp-json\/wp\/v2\/users\/257"}],"replies":[{"embeddable":true,"href":"https:\/\/etecnic.es\/ca\/wp-json\/wp\/v2\/comments?post=28110"}],"version-history":[{"count":5,"href":"https:\/\/etecnic.es\/ca\/wp-json\/wp\/v2\/posts\/28110\/revisions"}],"predecessor-version":[{"id":28128,"href":"https:\/\/etecnic.es\/ca\/wp-json\/wp\/v2\/posts\/28110\/revisions\/28128"}],"wp:featuredmedia":[{"embeddable":true,"href":"https:\/\/etecnic.es\/ca\/wp-json\/wp\/v2\/media\/28120"}],"wp:attachment":[{"href":"https:\/\/etecnic.es\/ca\/wp-json\/wp\/v2\/media?parent=28110"}],"wp:term":[{"taxonomy":"category","embeddable":true,"href":"https:\/\/etecnic.es\/ca\/wp-json\/wp\/v2\/categories?post=28110"},{"taxonomy":"post_tag","embeddable":true,"href":"https:\/\/etecnic.es\/ca\/wp-json\/wp\/v2\/tags?post=28110"}],"curies":[{"name":"wp","href":"https:\/\/api.w.org\/{rel}","templated":true}]}}