{"id":24891,"date":"2024-09-09T14:04:06","date_gmt":"2024-09-09T14:04:06","guid":{"rendered":"https:\/\/etecnic.es\/sin-categoria-ca\/que-nos-esta-pasando-una-reflexion-sobre-la-movilidad-electrica-en-espana\/"},"modified":"2025-01-07T07:47:47","modified_gmt":"2025-01-07T07:47:47","slug":"que-ens-esta-passant-una-reflexio-sobre-la-mobilitat-electrica-a-espanya","status":"publish","type":"post","link":"https:\/\/etecnic.es\/ca\/noticies\/que-ens-esta-passant-una-reflexio-sobre-la-mobilitat-electrica-a-espanya\/","title":{"rendered":"Article d&#8217;opini\u00f3: Qu\u00e8 ens est\u00e0 passant? Una reflexi\u00f3 sobre la mobilitat el\u00e8ctrica a Espanya"},"content":{"rendered":"<p><div class=\"fusion-fullwidth fullwidth-box fusion-builder-row-1 fusion-flex-container nonhundred-percent-fullwidth non-hundred-percent-height-scrolling\" style=\"--awb-border-radius-top-left:0px;--awb-border-radius-top-right:0px;--awb-border-radius-bottom-right:0px;--awb-border-radius-bottom-left:0px;--awb-flex-wrap:wrap;\" ><div class=\"fusion-builder-row fusion-row fusion-flex-align-items-flex-start fusion-flex-content-wrap\" style=\"max-width:1331.2px;margin-left: calc(-4% \/ 2 );margin-right: calc(-4% \/ 2 );\"><div class=\"fusion-layout-column fusion_builder_column fusion-builder-column-0 fusion_builder_column_1_1 1_1 fusion-flex-column\" style=\"--awb-bg-size:cover;--awb-width-large:100%;--awb-margin-top-large:0px;--awb-spacing-right-large:1.92%;--awb-margin-bottom-large:0px;--awb-spacing-left-large:1.92%;--awb-width-medium:100%;--awb-order-medium:0;--awb-spacing-right-medium:1.92%;--awb-spacing-left-medium:1.92%;--awb-width-small:100%;--awb-order-small:0;--awb-spacing-right-small:1.92%;--awb-spacing-left-small:1.92%;\"><div class=\"fusion-column-wrapper fusion-column-has-shadow fusion-flex-justify-content-flex-start fusion-content-layout-column\"><div class=\"fusion-title title fusion-title-1 fusion-sep-none fusion-title-text fusion-title-size-two\" style=\"--awb-margin-top-small:0px;--awb-margin-right-small:0px;--awb-margin-bottom-small:20px;--awb-margin-left-small:0px;\"><h2 class=\"fusion-title-heading title-heading-left fusion-responsive-typography-calculated\" style=\"margin:0;--fontSize:32;line-height:1.1;\"><h1>Qu\u00e8 ens est\u00e0 passant? Una reflexi\u00f3 sobre la mobilitat el\u00e8ctrica a Espanya<\/h1><\/h2><\/div><div class=\"fusion-text fusion-text-1\"><p>Al pa\u00eds del sol, on la innovaci\u00f3 i el progr\u00e9s tecnol\u00f2gic sempre han estat pilars fonamentals, sorgeix una pregunta inquietant: Qu\u00e8 ens est\u00e0 passant? Per qu\u00e8, en un pa\u00eds que hauria de liderar la transici\u00f3 cap a la mobilitat el\u00e8ctrica, el consumidor medio no ha abra\u00e7at encara aquesta revoluci\u00f3? Per a entendre aquest fenomen, \u00e9s essencial aprofundir en els problemes estructurals i de percepci\u00f3 que enfronta la mobilitat el\u00e8ctrica en la nostra societat.<\/p>\n<\/div><div class=\"fusion-separator fusion-full-width-sep\" style=\"align-self: center;margin-left: auto;margin-right: auto;margin-top:2%;width:100%;\"><\/div><div class=\"fusion-image-element\" style=\"--awb-caption-title-font-family:var(--h2_typography-font-family);--awb-caption-title-font-weight:var(--h2_typography-font-weight);--awb-caption-title-font-style:var(--h2_typography-font-style);--awb-caption-title-size:var(--h2_typography-font-size);--awb-caption-title-transform:var(--h2_typography-text-transform);--awb-caption-title-line-height:var(--h2_typography-line-height);--awb-caption-title-letter-spacing:var(--h2_typography-letter-spacing);\"><span class=\" fusion-imageframe imageframe-none imageframe-1 hover-type-none\"><img decoding=\"async\" width=\"1200\" height=\"900\" title=\"EFSWAG\" src=\"https:\/\/etecnic.es\/wp-content\/uploads\/2024\/09\/EFSWAG.jpg\" alt class=\"img-responsive wp-image-26467\" srcset=\"https:\/\/etecnic.es\/wp-content\/uploads\/2024\/09\/EFSWAG-200x150.jpg 200w, https:\/\/etecnic.es\/wp-content\/uploads\/2024\/09\/EFSWAG-400x300.jpg 400w, https:\/\/etecnic.es\/wp-content\/uploads\/2024\/09\/EFSWAG-600x450.jpg 600w, https:\/\/etecnic.es\/wp-content\/uploads\/2024\/09\/EFSWAG-800x600.jpg 800w, https:\/\/etecnic.es\/wp-content\/uploads\/2024\/09\/EFSWAG.jpg 1200w\" sizes=\"(max-width: 1024px) 100vw, (max-width: 640px) 100vw, 1200px\" \/><\/span><\/div><div class=\"fusion-separator fusion-full-width-sep\" style=\"align-self: center;margin-left: auto;margin-right: auto;margin-top:2%;width:100%;\"><\/div><div class=\"fusion-separator fusion-full-width-sep\" style=\"align-self: center;margin-left: auto;margin-right: auto;margin-top:2%;width:100%;\"><\/div><div class=\"fusion-text fusion-text-2\"><p>Un dels obstacles m\u00e9s significatius per a l&#8217;adopci\u00f3 massiva de vehicles el\u00e8ctrics a Espanya \u00e9s <strong>l&#8217;escassetat d&#8217;una infraestructura de rec\u00e0rrega fiable i accessible.<\/strong> Actualment, nom\u00e9s un petit percentatge dels vehicles poden accedir a punts de rec\u00e0rrega eficients, la qual cosa crea una barrera insuperable per a molts potencials usuaris. El 70% dels vehicles aparquen al carrer, sense acc\u00e9s a aparcament propi, i molts d&#8217;aquests s\u00f3n vehicles professionals que requereixen solucions de rec\u00e0rrega r\u00e0pida i accessible.<\/p>\n<p>La falta de gesti\u00f3 eficient i el manteniment deficient dels carregadors existents tamb\u00e9 agreugen la situaci\u00f3. Molts <strong>punts de rec\u00e0rrega s\u00f3n inoperants o presenten problemes t\u00e8cnics<\/strong>, la qual cosa desincentiva als usuaris a confiar en aquests sistemes. Els diferents sistemes de rec\u00e0rrega dispars dificulten la integraci\u00f3 i degraden l&#8217;experi\u00e8ncia de l&#8217;usuari, creant un entorn poc amigable per als nous adopters.<\/p>\n<\/div><div class=\"fusion-separator fusion-full-width-sep\" style=\"align-self: center;margin-left: auto;margin-right: auto;margin-top:2%;width:100%;\"><\/div><div class=\"fusion-title title fusion-title-2 fusion-sep-none fusion-title-text fusion-title-size-five\" style=\"--awb-margin-top-small:0px;--awb-margin-right-small:0px;--awb-margin-bottom-small:20px;--awb-margin-left-small:0px;--awb-font-size:20px;\"><h5 class=\"fusion-title-heading title-heading-left fusion-responsive-typography-calculated\" style=\"margin:0;font-size:1em;--fontSize:20;--minFontSize:20;line-height:1.1;\"><h2>Infraestructura p\u00fablica generalitzada i fiable<\/h2><\/h5><\/div><div class=\"fusion-text fusion-text-3\"><p>Per a superar aquests desafiaments, \u00e9s fonamental desenvolupar una infraestructura de rec\u00e0rrega p\u00fablica generalitzada que ofereixi un nivell m\u00e0xim de fiabilitat i facilitat d&#8217;\u00fas. No es tracta nom\u00e9s d&#8217;augmentar el nombre de punts de rec\u00e0rrega, sin\u00f3 <strong>d&#8217;assegurar que aquests siguin operatius i accessibles en tot momen<\/strong>t. La infraestructura ha de ser robusta i tecnol\u00f2gicament avan\u00e7ada, amb un manteniment constant i eficient.<\/p>\n<p>A m\u00e9s, els punts de rec\u00e0rrega han d&#8217;estar distribu\u00efts de manera equitativa en zones urbanes i rurals, garantint que tots els usuaris, independentment de la seva ubicaci\u00f3, tinguin acc\u00e9s a aquests serveis. Aix\u00f2 implica una col\u00b7laboraci\u00f3 estreta amb els ajuntaments i les empreses amb espais p\u00fablics, com a centres comercials i estacions de servei, per a crear una xarxa de rec\u00e0rrega integrada i accessible per a tots.<\/p>\n<\/div><div class=\"fusion-separator fusion-full-width-sep\" style=\"align-self: center;margin-left: auto;margin-right: auto;margin-top:2%;width:100%;\"><\/div><div class=\"fusion-title title fusion-title-3 fusion-sep-none fusion-title-text fusion-title-size-five\" style=\"--awb-margin-top-small:0px;--awb-margin-right-small:0px;--awb-margin-bottom-small:20px;--awb-margin-left-small:0px;--awb-font-size:20px;\"><h5 class=\"fusion-title-heading title-heading-left fusion-responsive-typography-calculated\" style=\"margin:0;font-size:1em;--fontSize:20;--minFontSize:20;line-height:1.1;\"><h2>Interoperabilidad y la experiencia del usuario<\/h2><\/h5><\/div><div class=\"fusion-text fusion-text-4\"><p>Otro aspecto crucial es la interoperabilidad de los sistemas de recarga. Los usuarios deben <strong>poder acceder a cualquier punto de recarga sin importar el proveedor<\/strong>, utilizando un sistema unificado y sencillo. La experiencia del usuario debe ser central en el desarrollo de estas soluciones, priorizando la facilidad de uso y la conveniencia. Un sistema de gesti\u00f3n digital centrado en el cliente puede aumentar significativamente las sesiones de recarga, mejorando la satisfacci\u00f3n del usuario y fomentando la adopci\u00f3n de veh\u00edculos el\u00e9ctricos.<\/p>\n<\/div><div class=\"fusion-separator fusion-full-width-sep\" style=\"align-self: center;margin-left: auto;margin-right: auto;margin-top:2%;width:100%;\"><\/div><div class=\"fusion-title title fusion-title-4 fusion-sep-none fusion-title-text fusion-title-size-five\" style=\"--awb-margin-top-small:0px;--awb-margin-right-small:0px;--awb-margin-bottom-small:20px;--awb-margin-left-small:0px;--awb-font-size:20px;\"><h5 class=\"fusion-title-heading title-heading-left fusion-responsive-typography-calculated\" style=\"margin:0;font-size:1em;--fontSize:20;--minFontSize:20;line-height:1.1;\"><h2>El paper de les empreses tecnol\u00f2giques i la inversi\u00f3 en I+D<\/h2><\/h5><\/div><div class=\"fusion-text fusion-text-5\"><p>Les empreses tecnol\u00f2giques tenen un paper fonamental en aquest proc\u00e9s. El desenvolupament de solucions pr\u00f2pies que integrin els \u00faltims avan\u00e7os tecnol\u00f2gics pot <strong>reduir els costos d&#8217;instal\u00b7laci\u00f3 i operatius fins a un 85%<\/strong>, fent la infraestructura de rec\u00e0rrega m\u00e9s accessible i sostenible. La inversi\u00f3 en recerca i desenvolupament \u00e9s essencial per a innovar i millorar constantment aquestes solucions, assegurant que estiguin sempre a l&#8217;avantguarda de la tecnologia.<\/p>\n<\/div><div class=\"fusion-separator fusion-full-width-sep\" style=\"align-self: center;margin-left: auto;margin-right: auto;margin-top:2%;width:100%;\"><\/div><div class=\"fusion-title title fusion-title-5 fusion-sep-none fusion-title-text fusion-title-size-five\" style=\"--awb-margin-top-small:0px;--awb-margin-right-small:0px;--awb-margin-bottom-small:20px;--awb-margin-left-small:0px;--awb-font-size:20px;\"><h5 class=\"fusion-title-heading title-heading-left fusion-responsive-typography-calculated\" style=\"margin:0;font-size:1em;--fontSize:20;--minFontSize:20;line-height:1.1;\"><h2>Conclusi\u00f3: Una crida l&#8217;acci\u00f3<\/h2><\/h5><\/div><div class=\"fusion-text fusion-text-6\"><p>La transici\u00f3 cap a la mobilitat el\u00e8ctrica no \u00e9s nom\u00e9s una q\u00fcesti\u00f3 de tecnologia, sin\u00f3 de <strong>voluntat i col\u00b7laboraci\u00f3<\/strong>. \u00c9s crucial que tots els actors, des dels governs locals fins a les empreses i els usuaris finals, treballin junts per a superar aquests desafiaments. La creaci\u00f3 d&#8217;una infraestructura de rec\u00e0rrega fiable, accessible i tecnol\u00f2gicament avan\u00e7ada \u00e9s la clau per a fomentar l&#8217;adopci\u00f3 de vehicles el\u00e8ctrics i avan\u00e7ar cap a un futur m\u00e9s sostenible.<\/p>\n<p>En aquest sentit, \u00e9s imperatiu que Espanya, el pa\u00eds del sol, assumeixi el seu paper de <strong>l\u00edder en la revoluci\u00f3 de la mobilitat el\u00e8ctrica.<\/strong> Amb una visi\u00f3 clara i un comprom\u00eds decidit, podem transformar els nostres desafiaments en oportunitats, creant un entorn on la mobilitat el\u00e8ctrica no sols sigui possible, sin\u00f3 l&#8217;opci\u00f3 preferida per a tots.<\/p>\n<p>Qu\u00e8 ens est\u00e0 passant? La resposta \u00e9s a les nostres mans. \u00c9s moment d&#8217;actuar i construir junts el futur que volem veure.<\/p>\n<\/div><div class=\"fusion-separator fusion-full-width-sep\" style=\"align-self: center;margin-left: auto;margin-right: auto;margin-top:2%;width:100%;\"><\/div><div class=\"fusion-separator fusion-full-width-sep\" style=\"align-self: center;margin-left: auto;margin-right: auto;margin-top:2%;width:100%;\"><\/div><div class=\"fusion-separator fusion-full-width-sep\" style=\"align-self: center;margin-left: auto;margin-right: auto;margin-top:2%;width:100%;\"><\/div><div class=\"fusion-text fusion-text-7\"><p>Article compartit per Soziable.<\/p>\n<\/div><\/div><\/div><\/div><\/div><div class=\"fusion-fullwidth fullwidth-box fusion-builder-row-2 fusion-flex-container has-pattern-background has-mask-background nonhundred-percent-fullwidth non-hundred-percent-height-scrolling\" style=\"--awb-border-radius-top-left:0px;--awb-border-radius-top-right:0px;--awb-border-radius-bottom-right:0px;--awb-border-radius-bottom-left:0px;--awb-flex-wrap:wrap;\" ><div class=\"fusion-builder-row fusion-row fusion-flex-align-items-flex-start fusion-flex-content-wrap\" style=\"max-width:1331.2px;margin-left: calc(-4% \/ 2 );margin-right: calc(-4% \/ 2 );\"><div class=\"fusion-layout-column fusion_builder_column fusion-builder-column-1 fusion_builder_column_1_1 1_1 fusion-flex-column\" style=\"--awb-bg-size:cover;--awb-width-large:100%;--awb-margin-top-large:0px;--awb-spacing-right-large:1.92%;--awb-margin-bottom-large:0px;--awb-spacing-left-large:1.92%;--awb-width-medium:100%;--awb-order-medium:0;--awb-spacing-right-medium:1.92%;--awb-spacing-left-medium:1.92%;--awb-width-small:100%;--awb-order-small:0;--awb-spacing-right-small:1.92%;--awb-spacing-left-small:1.92%;\"><div class=\"fusion-column-wrapper fusion-column-has-shadow fusion-flex-justify-content-flex-start fusion-content-layout-column\"><div class=\"fusion-separator fusion-full-width-sep\" style=\"align-self: center;margin-left: auto;margin-right: auto;margin-top:2%;width:100%;\"><\/div><div class=\"fusion-separator fusion-full-width-sep\" style=\"align-self: center;margin-left: auto;margin-right: auto;margin-top:2%;width:100%;\"><\/div><div class=\"fusion-separator fusion-full-width-sep\" style=\"align-self: center;margin-left: auto;margin-right: auto;margin-top:2%;width:100%;\"><\/div><\/div><\/div><\/div><\/div><\/p>\n","protected":false},"excerpt":{"rendered":"","protected":false},"author":261,"featured_media":24884,"comment_status":"closed","ping_status":"closed","sticky":false,"template":"","format":"standard","meta":{"footnotes":"","_links_to":"","_links_to_target":""},"categories":[1066,1067,901,687,22,24,537],"tags":[],"class_list":["post-24891","post","type-post","status-publish","format-standard","has-post-thumbnail","hentry","category-consejos-ca","category-empresa-ca-2","category-vive-etecnic-ca","category-viu-etecnic","category-noticies","category-projectes","category-punts-recarrega"],"yoast_head":"<!-- This site is optimized with the Yoast SEO plugin v28.4 - https:\/\/yoast.com\/product\/yoast-seo-wordpress\/ -->\n<title>Una reflexi\u00f3 sobre la mobilitat el\u00e8ctrica a Espanya<\/title>\n<meta name=\"description\" content=\"Jorge R\u00edos Cort\u00e9s, CEO de ETECNIC, explora els reptes i oportunitats per a la mobilitat el\u00e8ctrica a Espanya.\" \/>\n<meta name=\"robots\" content=\"index, follow, max-snippet:-1, max-image-preview:large, max-video-preview:-1\" \/>\n<link rel=\"canonical\" href=\"https:\/\/etecnic.es\/ca\/noticies\/que-ens-esta-passant-una-reflexio-sobre-la-mobilitat-electrica-a-espanya\/\" \/>\n<meta property=\"og:locale\" content=\"ca_ES\" \/>\n<meta property=\"og:type\" content=\"article\" \/>\n<meta property=\"og:title\" content=\"Caso de \u00c9xito del proyecto de UCG en Igualada: Se instala el primer cargador ultrarr\u00e1pido\" \/>\n<meta property=\"og:description\" content=\"El cargador ultrarr\u00e1pido permite cargar a una potencia de 90 kW, lo que permite recargar 200 km en solo 20 minutos. Los usuarios pueden utilizar el cargador a trav\u00e9s de la aplicaci\u00f3n EVcharge y tambi\u00e9n sin necesidad de registro gracias al sistema TPV que incorpora el mismo punto de recarga.\" \/>\n<meta property=\"og:url\" content=\"https:\/\/etecnic.es\/ca\/noticies\/que-ens-esta-passant-una-reflexio-sobre-la-mobilitat-electrica-a-espanya\/\" \/>\n<meta property=\"og:site_name\" content=\"Etecnic - Delivering End-to-end charging solution for electric vehicles\" \/>\n<meta property=\"article:publisher\" content=\"https:\/\/www.facebook.com\/etecnic?fref=ts%2f\" \/>\n<meta property=\"article:published_time\" content=\"2024-09-09T14:04:06+00:00\" \/>\n<meta property=\"article:modified_time\" content=\"2025-01-07T07:47:47+00:00\" \/>\n<meta property=\"og:image\" content=\"https:\/\/etecnic.es\/wp-content\/uploads\/2024\/08\/caso-de-exito-UCG-Igualada.png\" \/>\n\t<meta property=\"og:image:width\" content=\"1110\" \/>\n\t<meta property=\"og:image:height\" content=\"720\" \/>\n\t<meta property=\"og:image:type\" content=\"image\/png\" \/>\n<meta name=\"author\" content=\"Fran Caselles\" \/>\n<meta name=\"twitter:card\" content=\"summary_large_image\" \/>\n<meta name=\"twitter:creator\" content=\"@etecnic\" \/>\n<meta name=\"twitter:site\" content=\"@etecnic\" \/>\n<meta name=\"twitter:label1\" content=\"Escrit per\" \/>\n\t<meta name=\"twitter:data1\" content=\"Fran Caselles\" \/>\n\t<meta name=\"twitter:label2\" content=\"Temps estimat de lectura\" \/>\n\t<meta name=\"twitter:data2\" content=\"4 minutes\" \/>\n<script type=\"application\/ld+json\" class=\"yoast-schema-graph\">{\"@context\":\"https:\\\/\\\/schema.org\",\"@graph\":[{\"@type\":\"Article\",\"@id\":\"https:\\\/\\\/etecnic.es\\\/ca\\\/noticies\\\/que-ens-esta-passant-una-reflexio-sobre-la-mobilitat-electrica-a-espanya\\\/#article\",\"isPartOf\":{\"@id\":\"https:\\\/\\\/etecnic.es\\\/ca\\\/noticies\\\/que-ens-esta-passant-una-reflexio-sobre-la-mobilitat-electrica-a-espanya\\\/\"},\"author\":{\"name\":\"Fran Caselles\",\"@id\":\"https:\\\/\\\/etecnic.es\\\/#\\\/schema\\\/person\\\/9468062d01c8046cb9eb8a4c446a05fc\"},\"headline\":\"Article d&#8217;opini\u00f3: Qu\u00e8 ens est\u00e0 passant? Una reflexi\u00f3 sobre la mobilitat el\u00e8ctrica a Espanya\",\"datePublished\":\"2024-09-09T14:04:06+00:00\",\"dateModified\":\"2025-01-07T07:47:47+00:00\",\"mainEntityOfPage\":{\"@id\":\"https:\\\/\\\/etecnic.es\\\/ca\\\/noticies\\\/que-ens-esta-passant-una-reflexio-sobre-la-mobilitat-electrica-a-espanya\\\/\"},\"wordCount\":4694,\"image\":{\"@id\":\"https:\\\/\\\/etecnic.es\\\/ca\\\/noticies\\\/que-ens-esta-passant-una-reflexio-sobre-la-mobilitat-electrica-a-espanya\\\/#primaryimage\"},\"thumbnailUrl\":\"https:\\\/\\\/etecnic.es\\\/wp-content\\\/uploads\\\/2024\\\/09\\\/Caratula-BLOG-etecnic-8.png\",\"articleSection\":[\"Consejos\",\"Empresa\",\"Etecnic\",\"Etecnic\",\"Not\u00edcies\",\"Projectes\",\"Punts de rec\u00e0rrega\"],\"inLanguage\":\"ca\"},{\"@type\":\"WebPage\",\"@id\":\"https:\\\/\\\/etecnic.es\\\/ca\\\/noticies\\\/que-ens-esta-passant-una-reflexio-sobre-la-mobilitat-electrica-a-espanya\\\/\",\"url\":\"https:\\\/\\\/etecnic.es\\\/ca\\\/noticies\\\/que-ens-esta-passant-una-reflexio-sobre-la-mobilitat-electrica-a-espanya\\\/\",\"name\":\"Una reflexi\u00f3 sobre la mobilitat el\u00e8ctrica a Espanya\",\"isPartOf\":{\"@id\":\"https:\\\/\\\/etecnic.es\\\/#website\"},\"primaryImageOfPage\":{\"@id\":\"https:\\\/\\\/etecnic.es\\\/ca\\\/noticies\\\/que-ens-esta-passant-una-reflexio-sobre-la-mobilitat-electrica-a-espanya\\\/#primaryimage\"},\"image\":{\"@id\":\"https:\\\/\\\/etecnic.es\\\/ca\\\/noticies\\\/que-ens-esta-passant-una-reflexio-sobre-la-mobilitat-electrica-a-espanya\\\/#primaryimage\"},\"thumbnailUrl\":\"https:\\\/\\\/etecnic.es\\\/wp-content\\\/uploads\\\/2024\\\/09\\\/Caratula-BLOG-etecnic-8.png\",\"datePublished\":\"2024-09-09T14:04:06+00:00\",\"dateModified\":\"2025-01-07T07:47:47+00:00\",\"author\":{\"@id\":\"https:\\\/\\\/etecnic.es\\\/#\\\/schema\\\/person\\\/9468062d01c8046cb9eb8a4c446a05fc\"},\"description\":\"Jorge R\u00edos Cort\u00e9s, CEO de ETECNIC, explora els reptes i oportunitats per a la mobilitat el\u00e8ctrica a Espanya.\",\"breadcrumb\":{\"@id\":\"https:\\\/\\\/etecnic.es\\\/ca\\\/noticies\\\/que-ens-esta-passant-una-reflexio-sobre-la-mobilitat-electrica-a-espanya\\\/#breadcrumb\"},\"inLanguage\":\"ca\",\"potentialAction\":[{\"@type\":\"ReadAction\",\"target\":[\"https:\\\/\\\/etecnic.es\\\/ca\\\/noticies\\\/que-ens-esta-passant-una-reflexio-sobre-la-mobilitat-electrica-a-espanya\\\/\"]}]},{\"@type\":\"ImageObject\",\"inLanguage\":\"ca\",\"@id\":\"https:\\\/\\\/etecnic.es\\\/ca\\\/noticies\\\/que-ens-esta-passant-una-reflexio-sobre-la-mobilitat-electrica-a-espanya\\\/#primaryimage\",\"url\":\"https:\\\/\\\/etecnic.es\\\/wp-content\\\/uploads\\\/2024\\\/09\\\/Caratula-BLOG-etecnic-8.png\",\"contentUrl\":\"https:\\\/\\\/etecnic.es\\\/wp-content\\\/uploads\\\/2024\\\/09\\\/Caratula-BLOG-etecnic-8.png\",\"width\":1110,\"height\":720},{\"@type\":\"BreadcrumbList\",\"@id\":\"https:\\\/\\\/etecnic.es\\\/ca\\\/noticies\\\/que-ens-esta-passant-una-reflexio-sobre-la-mobilitat-electrica-a-espanya\\\/#breadcrumb\",\"itemListElement\":[{\"@type\":\"ListItem\",\"position\":1,\"name\":\"Portada\",\"item\":\"https:\\\/\\\/etecnic.es\\\/ca\\\/\"},{\"@type\":\"ListItem\",\"position\":2,\"name\":\"Article d&#8217;opini\u00f3: Qu\u00e8 ens est\u00e0 passant? Una reflexi\u00f3 sobre la mobilitat el\u00e8ctrica a Espanya\"}]},{\"@type\":\"WebSite\",\"@id\":\"https:\\\/\\\/etecnic.es\\\/#website\",\"url\":\"https:\\\/\\\/etecnic.es\\\/\",\"name\":\"Etecnic - Delivering End-to-end charging solution for electric vehicles\",\"description\":\"EVcharge is the software platform that allows you to manage and operate your smart charging points to scale your business. Comprehensive control software and App solution.\",\"potentialAction\":[{\"@type\":\"SearchAction\",\"target\":{\"@type\":\"EntryPoint\",\"urlTemplate\":\"https:\\\/\\\/etecnic.es\\\/?s={search_term_string}\"},\"query-input\":{\"@type\":\"PropertyValueSpecification\",\"valueRequired\":true,\"valueName\":\"search_term_string\"}}],\"inLanguage\":\"ca\"},{\"@type\":\"Person\",\"@id\":\"https:\\\/\\\/etecnic.es\\\/#\\\/schema\\\/person\\\/9468062d01c8046cb9eb8a4c446a05fc\",\"name\":\"Fran Caselles\",\"image\":{\"@type\":\"ImageObject\",\"inLanguage\":\"ca\",\"@id\":\"https:\\\/\\\/secure.gravatar.com\\\/avatar\\\/e437cd9671286bc6c3c1dd795037181569ad67553469290c6c33733c9069b493?s=96&d=mm&r=g\",\"url\":\"https:\\\/\\\/secure.gravatar.com\\\/avatar\\\/e437cd9671286bc6c3c1dd795037181569ad67553469290c6c33733c9069b493?s=96&d=mm&r=g\",\"contentUrl\":\"https:\\\/\\\/secure.gravatar.com\\\/avatar\\\/e437cd9671286bc6c3c1dd795037181569ad67553469290c6c33733c9069b493?s=96&d=mm&r=g\",\"caption\":\"Fran Caselles\"},\"url\":\"https:\\\/\\\/etecnic.es\\\/ca\\\/author\\\/fran\\\/\"}]}<\/script>\n<!-- \/ Yoast SEO plugin. -->","yoast_head_json":{"title":"Una reflexi\u00f3 sobre la mobilitat el\u00e8ctrica a Espanya","description":"Jorge R\u00edos Cort\u00e9s, CEO de ETECNIC, explora els reptes i oportunitats per a la mobilitat el\u00e8ctrica a Espanya.","robots":{"index":"index","follow":"follow","max-snippet":"max-snippet:-1","max-image-preview":"max-image-preview:large","max-video-preview":"max-video-preview:-1"},"canonical":"https:\/\/etecnic.es\/ca\/noticies\/que-ens-esta-passant-una-reflexio-sobre-la-mobilitat-electrica-a-espanya\/","og_locale":"ca_ES","og_type":"article","og_title":"Caso de \u00c9xito del proyecto de UCG en Igualada: Se instala el primer cargador ultrarr\u00e1pido","og_description":"El cargador ultrarr\u00e1pido permite cargar a una potencia de 90 kW, lo que permite recargar 200 km en solo 20 minutos. Los usuarios pueden utilizar el cargador a trav\u00e9s de la aplicaci\u00f3n EVcharge y tambi\u00e9n sin necesidad de registro gracias al sistema TPV que incorpora el mismo punto de recarga.","og_url":"https:\/\/etecnic.es\/ca\/noticies\/que-ens-esta-passant-una-reflexio-sobre-la-mobilitat-electrica-a-espanya\/","og_site_name":"Etecnic - Delivering End-to-end charging solution for electric vehicles","article_publisher":"https:\/\/www.facebook.com\/etecnic?fref=ts%2f","article_published_time":"2024-09-09T14:04:06+00:00","article_modified_time":"2025-01-07T07:47:47+00:00","og_image":[{"width":1110,"height":720,"url":"https:\/\/etecnic.es\/wp-content\/uploads\/2024\/08\/caso-de-exito-UCG-Igualada.png","type":"image\/png"}],"author":"Fran Caselles","twitter_card":"summary_large_image","twitter_creator":"@etecnic","twitter_site":"@etecnic","twitter_misc":{"Escrit per":"Fran Caselles","Temps estimat de lectura":"4 minutes"},"schema":{"@context":"https:\/\/schema.org","@graph":[{"@type":"Article","@id":"https:\/\/etecnic.es\/ca\/noticies\/que-ens-esta-passant-una-reflexio-sobre-la-mobilitat-electrica-a-espanya\/#article","isPartOf":{"@id":"https:\/\/etecnic.es\/ca\/noticies\/que-ens-esta-passant-una-reflexio-sobre-la-mobilitat-electrica-a-espanya\/"},"author":{"name":"Fran Caselles","@id":"https:\/\/etecnic.es\/#\/schema\/person\/9468062d01c8046cb9eb8a4c446a05fc"},"headline":"Article d&#8217;opini\u00f3: Qu\u00e8 ens est\u00e0 passant? Una reflexi\u00f3 sobre la mobilitat el\u00e8ctrica a Espanya","datePublished":"2024-09-09T14:04:06+00:00","dateModified":"2025-01-07T07:47:47+00:00","mainEntityOfPage":{"@id":"https:\/\/etecnic.es\/ca\/noticies\/que-ens-esta-passant-una-reflexio-sobre-la-mobilitat-electrica-a-espanya\/"},"wordCount":4694,"image":{"@id":"https:\/\/etecnic.es\/ca\/noticies\/que-ens-esta-passant-una-reflexio-sobre-la-mobilitat-electrica-a-espanya\/#primaryimage"},"thumbnailUrl":"https:\/\/etecnic.es\/wp-content\/uploads\/2024\/09\/Caratula-BLOG-etecnic-8.png","articleSection":["Consejos","Empresa","Etecnic","Etecnic","Not\u00edcies","Projectes","Punts de rec\u00e0rrega"],"inLanguage":"ca"},{"@type":"WebPage","@id":"https:\/\/etecnic.es\/ca\/noticies\/que-ens-esta-passant-una-reflexio-sobre-la-mobilitat-electrica-a-espanya\/","url":"https:\/\/etecnic.es\/ca\/noticies\/que-ens-esta-passant-una-reflexio-sobre-la-mobilitat-electrica-a-espanya\/","name":"Una reflexi\u00f3 sobre la mobilitat el\u00e8ctrica a Espanya","isPartOf":{"@id":"https:\/\/etecnic.es\/#website"},"primaryImageOfPage":{"@id":"https:\/\/etecnic.es\/ca\/noticies\/que-ens-esta-passant-una-reflexio-sobre-la-mobilitat-electrica-a-espanya\/#primaryimage"},"image":{"@id":"https:\/\/etecnic.es\/ca\/noticies\/que-ens-esta-passant-una-reflexio-sobre-la-mobilitat-electrica-a-espanya\/#primaryimage"},"thumbnailUrl":"https:\/\/etecnic.es\/wp-content\/uploads\/2024\/09\/Caratula-BLOG-etecnic-8.png","datePublished":"2024-09-09T14:04:06+00:00","dateModified":"2025-01-07T07:47:47+00:00","author":{"@id":"https:\/\/etecnic.es\/#\/schema\/person\/9468062d01c8046cb9eb8a4c446a05fc"},"description":"Jorge R\u00edos Cort\u00e9s, CEO de ETECNIC, explora els reptes i oportunitats per a la mobilitat el\u00e8ctrica a Espanya.","breadcrumb":{"@id":"https:\/\/etecnic.es\/ca\/noticies\/que-ens-esta-passant-una-reflexio-sobre-la-mobilitat-electrica-a-espanya\/#breadcrumb"},"inLanguage":"ca","potentialAction":[{"@type":"ReadAction","target":["https:\/\/etecnic.es\/ca\/noticies\/que-ens-esta-passant-una-reflexio-sobre-la-mobilitat-electrica-a-espanya\/"]}]},{"@type":"ImageObject","inLanguage":"ca","@id":"https:\/\/etecnic.es\/ca\/noticies\/que-ens-esta-passant-una-reflexio-sobre-la-mobilitat-electrica-a-espanya\/#primaryimage","url":"https:\/\/etecnic.es\/wp-content\/uploads\/2024\/09\/Caratula-BLOG-etecnic-8.png","contentUrl":"https:\/\/etecnic.es\/wp-content\/uploads\/2024\/09\/Caratula-BLOG-etecnic-8.png","width":1110,"height":720},{"@type":"BreadcrumbList","@id":"https:\/\/etecnic.es\/ca\/noticies\/que-ens-esta-passant-una-reflexio-sobre-la-mobilitat-electrica-a-espanya\/#breadcrumb","itemListElement":[{"@type":"ListItem","position":1,"name":"Portada","item":"https:\/\/etecnic.es\/ca\/"},{"@type":"ListItem","position":2,"name":"Article d&#8217;opini\u00f3: Qu\u00e8 ens est\u00e0 passant? Una reflexi\u00f3 sobre la mobilitat el\u00e8ctrica a Espanya"}]},{"@type":"WebSite","@id":"https:\/\/etecnic.es\/#website","url":"https:\/\/etecnic.es\/","name":"Etecnic - Delivering End-to-end charging solution for electric vehicles","description":"EVcharge is the software platform that allows you to manage and operate your smart charging points to scale your business. Comprehensive control software and App solution.","potentialAction":[{"@type":"SearchAction","target":{"@type":"EntryPoint","urlTemplate":"https:\/\/etecnic.es\/?s={search_term_string}"},"query-input":{"@type":"PropertyValueSpecification","valueRequired":true,"valueName":"search_term_string"}}],"inLanguage":"ca"},{"@type":"Person","@id":"https:\/\/etecnic.es\/#\/schema\/person\/9468062d01c8046cb9eb8a4c446a05fc","name":"Fran Caselles","image":{"@type":"ImageObject","inLanguage":"ca","@id":"https:\/\/secure.gravatar.com\/avatar\/e437cd9671286bc6c3c1dd795037181569ad67553469290c6c33733c9069b493?s=96&d=mm&r=g","url":"https:\/\/secure.gravatar.com\/avatar\/e437cd9671286bc6c3c1dd795037181569ad67553469290c6c33733c9069b493?s=96&d=mm&r=g","contentUrl":"https:\/\/secure.gravatar.com\/avatar\/e437cd9671286bc6c3c1dd795037181569ad67553469290c6c33733c9069b493?s=96&d=mm&r=g","caption":"Fran Caselles"},"url":"https:\/\/etecnic.es\/ca\/author\/fran\/"}]}},"_links":{"self":[{"href":"https:\/\/etecnic.es\/ca\/wp-json\/wp\/v2\/posts\/24891","targetHints":{"allow":["GET"]}}],"collection":[{"href":"https:\/\/etecnic.es\/ca\/wp-json\/wp\/v2\/posts"}],"about":[{"href":"https:\/\/etecnic.es\/ca\/wp-json\/wp\/v2\/types\/post"}],"author":[{"embeddable":true,"href":"https:\/\/etecnic.es\/ca\/wp-json\/wp\/v2\/users\/261"}],"replies":[{"embeddable":true,"href":"https:\/\/etecnic.es\/ca\/wp-json\/wp\/v2\/comments?post=24891"}],"version-history":[{"count":5,"href":"https:\/\/etecnic.es\/ca\/wp-json\/wp\/v2\/posts\/24891\/revisions"}],"predecessor-version":[{"id":26470,"href":"https:\/\/etecnic.es\/ca\/wp-json\/wp\/v2\/posts\/24891\/revisions\/26470"}],"wp:featuredmedia":[{"embeddable":true,"href":"https:\/\/etecnic.es\/ca\/wp-json\/wp\/v2\/media\/24884"}],"wp:attachment":[{"href":"https:\/\/etecnic.es\/ca\/wp-json\/wp\/v2\/media?parent=24891"}],"wp:term":[{"taxonomy":"category","embeddable":true,"href":"https:\/\/etecnic.es\/ca\/wp-json\/wp\/v2\/categories?post=24891"},{"taxonomy":"post_tag","embeddable":true,"href":"https:\/\/etecnic.es\/ca\/wp-json\/wp\/v2\/tags?post=24891"}],"curies":[{"name":"wp","href":"https:\/\/api.w.org\/{rel}","templated":true}]}}