{"id":23456,"date":"2024-05-22T09:32:04","date_gmt":"2024-05-22T09:32:04","guid":{"rendered":"https:\/\/etecnic.es\/?p=23456"},"modified":"2024-05-22T09:32:04","modified_gmt":"2024-05-22T09:32:04","slug":"finalitzacio-del-projecte-smart-pricing-per-a-punts-de-recarrega-en-estacions-de-servei","status":"publish","type":"post","link":"https:\/\/etecnic.es\/ca\/noticies\/finalitzacio-del-projecte-smart-pricing-per-a-punts-de-recarrega-en-estacions-de-servei\/","title":{"rendered":"Finalitza el projecte &#8220;Smart Pricing per a punts de rec\u00e0rrega en estacions de servei&#8221;"},"content":{"rendered":"<p><div class=\"fusion-fullwidth fullwidth-box fusion-builder-row-1 fusion-flex-container nonhundred-percent-fullwidth non-hundred-percent-height-scrolling\" style=\"--awb-border-radius-top-left:0px;--awb-border-radius-top-right:0px;--awb-border-radius-bottom-right:0px;--awb-border-radius-bottom-left:0px;--awb-flex-wrap:wrap;\" ><div class=\"fusion-builder-row fusion-row fusion-flex-align-items-flex-start fusion-flex-content-wrap\" style=\"max-width:1331.2px;margin-left: calc(-4% \/ 2 );margin-right: calc(-4% \/ 2 );\"><div class=\"fusion-layout-column fusion_builder_column fusion-builder-column-0 fusion_builder_column_1_1 1_1 fusion-flex-column\" style=\"--awb-bg-size:cover;--awb-width-large:100%;--awb-margin-top-large:0px;--awb-spacing-right-large:1.92%;--awb-margin-bottom-large:0px;--awb-spacing-left-large:1.92%;--awb-width-medium:100%;--awb-order-medium:0;--awb-spacing-right-medium:1.92%;--awb-spacing-left-medium:1.92%;--awb-width-small:100%;--awb-order-small:0;--awb-spacing-right-small:1.92%;--awb-spacing-left-small:1.92%;\"><div class=\"fusion-column-wrapper fusion-column-has-shadow fusion-flex-justify-content-flex-start fusion-content-layout-column\"><div class=\"fusion-image-element\" style=\"--awb-caption-title-font-family:var(--h2_typography-font-family);--awb-caption-title-font-weight:var(--h2_typography-font-weight);--awb-caption-title-font-style:var(--h2_typography-font-style);--awb-caption-title-size:var(--h2_typography-font-size);--awb-caption-title-transform:var(--h2_typography-text-transform);--awb-caption-title-line-height:var(--h2_typography-line-height);--awb-caption-title-letter-spacing:var(--h2_typography-letter-spacing);\"><span class=\" fusion-imageframe imageframe-none imageframe-1 hover-type-none\"><img decoding=\"async\" width=\"1900\" height=\"500\" title=\"banner logos MOVES signulares\" src=\"https:\/\/etecnic.es\/wp-content\/uploads\/2024\/05\/banner-logos-MOVES-signulares-e1715691989543.png\" alt class=\"img-responsive wp-image-23486\"\/><\/span><\/div><div class=\"fusion-title title fusion-title-1 fusion-sep-none fusion-title-text fusion-title-size-one\" style=\"--awb-margin-top-small:0px;--awb-margin-right-small:0px;--awb-margin-bottom-small:20px;--awb-margin-left-small:0px;\"><h1 class=\"fusion-title-heading title-heading-left fusion-responsive-typography-calculated\" style=\"margin:0;--fontSize:45;line-height:1.1;\"><p style=\"text-align: center;\"><strong><span class=\"TextRun SCXW79105451 BCX0\" lang=\"ES-ES\" xml:lang=\"ES-ES\" data-contrast=\"auto\"><span class=\"NormalTextRun SCXW79105451 BCX0\">ETECNIC completa amb \u00e8xit el projecte innovador de tarifaci\u00f3 din\u00e0mica, \"Smart Pricing\", per a la rec\u00e0rrega de vehicles el\u00e8ctrics finan\u00e7at per la UE<br \/>\n<\/span><\/span><span class=\"EOP SCXW79105451 BCX0\" data-ccp-props=\"\">\u00a0<\/span><\/strong><\/p><\/h1><\/div><div class=\"fusion-text fusion-text-1\"><p>Finalitza el projecte <strong>&#8220;Smart\u00a0pricing\u00a0per a punts de rec\u00e0rrega en estacions de servei&#8221;<\/strong>, desenvolupat a Reus, Tarragona. Aquest projecte, finan\u00e7at per la Uni\u00f3 Europea a trav\u00e9s del programa NextGenerationEU dins del Pla de Recuperaci\u00f3, Transformaci\u00f3 i Resili\u00e8ncia, i gestionat per IDAE.<\/p>\n<p>Aquest innovador projecte t\u00e9 com a objectiu desenvolupar les eines per a implementar una tarifa din\u00e0mica de rec\u00e0rrega per a vehicles el\u00e8ctrics que respongui din\u00e0micament a les fluctuacions de la demanda i les condicions de producci\u00f3 energ\u00e8tica.<\/p>\n<\/div><div class=\"fusion-separator fusion-full-width-sep\" style=\"align-self: center;margin-left: auto;margin-right: auto;margin-top:3%;margin-bottom:3px;width:100%;\"><\/div><div class=\"fusion-separator fusion-full-width-sep\" style=\"align-self: center;margin-left: auto;margin-right: auto;margin-top:3%;margin-bottom:3px;width:100%;\"><\/div><div class=\"fusion-title title fusion-title-2 fusion-sep-none fusion-title-text fusion-title-size-five\" style=\"--awb-margin-top-small:0px;--awb-margin-right-small:0px;--awb-margin-bottom-small:20px;--awb-margin-left-small:0px;\"><h5 class=\"fusion-title-heading title-heading-left fusion-responsive-typography-calculated\" style=\"margin:0;--fontSize:18;--minFontSize:18;line-height:1.1;\"><h2><strong>Descripci\u00f3 del projecte<\/strong><\/h2><\/h5><\/div><div class=\"fusion-text fusion-text-2\"><p>El projecte va consistir en la simulaci\u00f3 d&#8217;una estaci\u00f3 de servei equipada amb infraestructura de rec\u00e0rrega avan\u00e7ada per a vehicles el\u00e8ctrics. Es van instal\u00b7lar tres tipus d&#8217;estacions de rec\u00e0rrega: semir\u00e0pida (fins a 22 kW per presa), r\u00e0pida (fins a 50 kW per presa) i ultrar\u00e0pida (fins a 180 kW per presa), la qual cosa ens va permetre analitzar i optimitzar els costos d&#8217;operaci\u00f3 i entendre les prefer\u00e8ncies dels usuaris.<\/p>\n<\/div><div class=\"fusion-title title fusion-title-3 fusion-sep-none fusion-title-text fusion-title-size-five\" style=\"--awb-margin-top-small:0px;--awb-margin-right-small:0px;--awb-margin-bottom-small:20px;--awb-margin-left-small:0px;\"><h5 class=\"fusion-title-heading title-heading-left fusion-responsive-typography-calculated\" style=\"margin:0;--fontSize:18;--minFontSize:18;line-height:1.1;\"><h3><strong>Objectius<\/strong><\/h3><\/h5><\/div><div class=\"fusion-text fusion-text-3\"><p>Per a aconseguir aquest objectiu, <strong>Etecnic<\/strong> ha implementat en les seves instal\u00b7lacions un projecte pilot que simula les condicions d&#8217;una estaci\u00f3 de servei real. Aquest entorn compta amb tres tipus d&#8217;equips de rec\u00e0rrega: semir\u00e0pids, capa\u00e7os de lliurar fins a 22 kW per presa; r\u00e0pids, amb capacitat de fins a 50 kW per presa; i ultrar\u00e0pids, que ofereixen fins a 180 kW per presa. Aquesta varietat permet a Etecnic diferenciar els costos de rec\u00e0rrega i entendre millor les prefer\u00e8ncies dels usuaris.<\/p>\n<p>A m\u00e9s, el projecte inclou la instal\u00b7laci\u00f3 d&#8217;una planta solar fotovoltaica de 50 kW i un sistema d&#8217;emmagatzematge d&#8217;energia utilitzant bateries reutilitzades amb una capacitat total de 160 kWh, la qual cosa facilita la gesti\u00f3 dels excedents d&#8217;energia solar i permet la venda d&#8217;energia en horaris d&#8217;alta demanda a preus m\u00e9s competitius.<\/p>\n<p>El &#8220;<strong>Pack Smart Pricing<\/strong>&#8221; desenvolupat per <strong>Etecnic<\/strong> tamb\u00e9 integra intel\u00b7lig\u00e8ncia artificial per a ajustar els preus en temps real basant-se en m\u00faltiples factors com la producci\u00f3 d&#8217;energia, la demanda dels punts de rec\u00e0rrega i condicions meteorol\u00f2giques entre altres.<\/p>\n<\/div><div class=\"fusion-title title fusion-title-4 fusion-sep-none fusion-title-text fusion-title-size-five\" style=\"--awb-margin-top-small:0px;--awb-margin-right-small:0px;--awb-margin-bottom-small:20px;--awb-margin-left-small:0px;\"><h5 class=\"fusion-title-heading title-heading-left fusion-responsive-typography-calculated\" style=\"margin:0;--fontSize:18;--minFontSize:18;line-height:1.1;\"><h3><strong>Beneficis i resultats esperats<\/strong><\/h3><\/h5><\/div><div class=\"fusion-text fusion-text-4\"><p>Aquest enfocament millora la rendibilitat per als operadors de les estacions de rec\u00e0rrega i tamb\u00e9 proporciona als usuaris finals preus m\u00e9s assequibles, fomentant aix\u00ed una major adopci\u00f3 de vehicles el\u00e8ctrics.<\/p>\n<\/div><div class=\"fusion-title title fusion-title-5 fusion-sep-none fusion-title-text fusion-title-size-five\" style=\"--awb-margin-top-small:0px;--awb-margin-right-small:0px;--awb-margin-bottom-small:20px;--awb-margin-left-small:0px;\"><h5 class=\"fusion-title-heading title-heading-left fusion-responsive-typography-calculated\" style=\"margin:0;--fontSize:18;--minFontSize:18;line-height:1.1;\"><h3><strong>Suport financer de la UE<\/strong><\/h3><\/h5><\/div><div class=\"fusion-text fusion-text-5\"><p>Amb una inversi\u00f3 inicial prevista de 374.536,75 euros, el projecte ha estat aprovat per a rebre una ajuda de 183.552,14 euros, representant el 60% del cost subvencionable.<\/p>\n<p>Aquest projecte de\u00a0Etecnic\u00a0promou l&#8217;\u00fas de tecnologies avan\u00e7ades i sostenibles i contribueix a la descarbonitzaci\u00f3 del sector del transport, alineant-se amb els objectius de la Uni\u00f3 Europea d&#8217;avan\u00e7ar cap a una infraestructura energ\u00e8tica m\u00e9s verda i eficient.<\/p>\n<p>ETECNIC\u00a0MOBILITAT EL\u00c8CTRICA, S.R.L., C\/Argentera\u00a025, 43202 Reus, Tarragona<\/p>\n<p><strong>Data d&#8217;adjudicaci\u00f3<\/strong>: 29\/09\/2022<\/p>\n<p><strong>Data d&#8217;inici del projecte<\/strong>: 04\/01\/2023<\/p>\n<p><strong>Durada del projecte<\/strong>: 18 mesos<\/p>\n<\/div><div class=\"fusion-title title fusion-title-6 fusion-sep-none fusion-title-text fusion-title-size-five\" style=\"--awb-margin-top-small:0px;--awb-margin-right-small:0px;--awb-margin-bottom-small:20px;--awb-margin-left-small:0px;\"><h5 class=\"fusion-title-heading title-heading-left fusion-responsive-typography-calculated\" style=\"margin:0;--fontSize:18;--minFontSize:18;line-height:1.1;\"><h3><b>Aspectes generals del programa<\/b><\/h3><\/h5><\/div><div class=\"fusion-text fusion-text-6\"><p>El Ministeri per a la Transici\u00f3 Ecol\u00f2gica i Repte Demogr\u00e0fic, ha aprovat l&#8217;<a href=\"https:\/\/www.boe.es\/boe\/dias\/2021\/07\/27\/pdfs\/BOE-A-2021-12591.pdf\"><b>Ordre TED\/800\/2021, del 23 de juliol<\/b><\/a>, per la qual s&#8217;aproven les bases reguladores del Programa d&#8217;incentius a projectes singulars en mobilitat el\u00e8ctrica (Programa MOVES Projectes Singulars II), dotat amb 100 milions d&#8217;euros i dirigit a la selecci\u00f3 i concessi\u00f3, en r\u00e8gim de concurr\u00e8ncia competitiva, d&#8217;ajudes corresponents a projectes singulars i projectes relatius a desenvolupaments experimentals i innovadors, duts a terme en el territori nacional, relacionats amb el vehicle el\u00e8ctric.<\/p>\n<p>El programa MOVES Projectes Singulars II forma part de la Component 1, Inversi\u00f3 2 del <a href=\"https:\/\/planderecuperacion.gob.es\/\"><b>Pla de Recuperaci\u00f3, Transformaci\u00f3 i Resili\u00e8ncia (PRTR)<\/b><\/a><\/p>\n<p>El programa MOVES Projectes Singulars II ser\u00e0 gestionat pel <a href=\"https:\/\/www.idae.es\/ayudas-y-financiacion\/para-movilidad-y-vehiculos\/programa-moves-proyectos-singulares-ii\/1a-convocatoria\"><span style=\"font-weight: 400;\">IDAE<\/span><\/a>.<\/p>\n<p><a href=\"https:\/\/etecnic.es\/wp-content\/uploads\/2024\/05\/NdP-Smart-Pricing-Etecnic.pdf\">Nota de premsa<\/a><\/p>\n<\/div><div class=\"fusion-separator fusion-full-width-sep\" style=\"align-self: center;margin-left: auto;margin-right: auto;margin-top:3%;margin-bottom:3px;width:100%;\"><\/div><div class=\"fusion-separator fusion-full-width-sep\" style=\"align-self: center;margin-left: auto;margin-right: auto;margin-top:3%;margin-bottom:3px;width:100%;\"><\/div><div class=\"awb-gallery-wrapper awb-gallery-wrapper-1 button-span-no\" style=\"--more-btn-alignment:center;\"><div style=\"margin:-5px;--awb-bordersize:0px;\" class=\"fusion-gallery fusion-gallery-container fusion-grid-3 fusion-columns-total-12 fusion-gallery-layout-grid fusion-gallery-1\"><div style=\"padding:5px;\" class=\"fusion-grid-column fusion-gallery-column fusion-gallery-column-3 hover-type-none\"><div class=\"fusion-gallery-image\"><a href=\"https:\/\/etecnic.es\/wp-content\/uploads\/2024\/05\/Smart-Pricing-Etecnic-Moves-Singulares-1.png\" rel=\"noreferrer\" data-rel=\"iLightbox[gallery_image_1]\" class=\"fusion-lightbox\" target=\"_self\"><img decoding=\"async\" src=\"https:\/\/etecnic.es\/wp-content\/uploads\/2024\/05\/Smart-Pricing-Etecnic-Moves-Singulares-1.png\" width=\"1200\" height=\"628\" alt=\"Smart Pricing Etecnic Moves Singulares\" title=\"Smart Pricing Etecnic Moves Singulares (1)\" aria-label=\"Smart Pricing Etecnic Moves Singulares (1)\" class=\"img-responsive wp-image-23535\" srcset=\"https:\/\/etecnic.es\/wp-content\/uploads\/2024\/05\/Smart-Pricing-Etecnic-Moves-Singulares-1-200x105.png 200w, https:\/\/etecnic.es\/wp-content\/uploads\/2024\/05\/Smart-Pricing-Etecnic-Moves-Singulares-1-400x209.png 400w, https:\/\/etecnic.es\/wp-content\/uploads\/2024\/05\/Smart-Pricing-Etecnic-Moves-Singulares-1-600x314.png 600w, https:\/\/etecnic.es\/wp-content\/uploads\/2024\/05\/Smart-Pricing-Etecnic-Moves-Singulares-1-800x419.png 800w, https:\/\/etecnic.es\/wp-content\/uploads\/2024\/05\/Smart-Pricing-Etecnic-Moves-Singulares-1.png 1200w\" sizes=\"(min-width: 2200px) 100vw, (min-width: 784px) 423px, (min-width: 712px) 635px, (min-width: 640px) 712px, \" \/><\/a><\/div><\/div><div style=\"padding:5px;\" class=\"fusion-grid-column fusion-gallery-column fusion-gallery-column-3 hover-type-none\"><div class=\"fusion-gallery-image\"><a href=\"https:\/\/etecnic.es\/wp-content\/uploads\/2024\/05\/Smart-Pricing-Etecnic-Moves-Singulares-2.png\" rel=\"noreferrer\" data-rel=\"iLightbox[gallery_image_1]\" class=\"fusion-lightbox\" target=\"_self\"><img decoding=\"async\" src=\"https:\/\/etecnic.es\/wp-content\/uploads\/2024\/05\/Smart-Pricing-Etecnic-Moves-Singulares-2.png\" width=\"1200\" height=\"628\" alt=\"Smart Pricing Etecnic Moves Singulares\" title=\"Smart Pricing Etecnic Moves Singulares (2)\" aria-label=\"Smart Pricing Etecnic Moves Singulares (2)\" class=\"img-responsive wp-image-23538\" srcset=\"https:\/\/etecnic.es\/wp-content\/uploads\/2024\/05\/Smart-Pricing-Etecnic-Moves-Singulares-2-200x105.png 200w, https:\/\/etecnic.es\/wp-content\/uploads\/2024\/05\/Smart-Pricing-Etecnic-Moves-Singulares-2-400x209.png 400w, https:\/\/etecnic.es\/wp-content\/uploads\/2024\/05\/Smart-Pricing-Etecnic-Moves-Singulares-2-600x314.png 600w, https:\/\/etecnic.es\/wp-content\/uploads\/2024\/05\/Smart-Pricing-Etecnic-Moves-Singulares-2-800x419.png 800w, https:\/\/etecnic.es\/wp-content\/uploads\/2024\/05\/Smart-Pricing-Etecnic-Moves-Singulares-2.png 1200w\" sizes=\"(min-width: 2200px) 100vw, (min-width: 784px) 423px, (min-width: 712px) 635px, (min-width: 640px) 712px, \" \/><\/a><\/div><\/div><div style=\"padding:5px;\" class=\"fusion-grid-column fusion-gallery-column fusion-gallery-column-3 hover-type-none\"><div class=\"fusion-gallery-image\"><a href=\"https:\/\/etecnic.es\/wp-content\/uploads\/2024\/05\/Smart-Pricing-Etecnic-Moves-Singulares-3.png\" rel=\"noreferrer\" data-rel=\"iLightbox[gallery_image_1]\" class=\"fusion-lightbox\" target=\"_self\"><img decoding=\"async\" src=\"https:\/\/etecnic.es\/wp-content\/uploads\/2024\/05\/Smart-Pricing-Etecnic-Moves-Singulares-3.png\" width=\"1200\" height=\"628\" alt=\"Smart Pricing Etecnic Moves Singulares\" title=\"Smart Pricing Etecnic Moves Singulares (3)\" aria-label=\"Smart Pricing Etecnic Moves Singulares (3)\" class=\"img-responsive wp-image-23541\" srcset=\"https:\/\/etecnic.es\/wp-content\/uploads\/2024\/05\/Smart-Pricing-Etecnic-Moves-Singulares-3-200x105.png 200w, https:\/\/etecnic.es\/wp-content\/uploads\/2024\/05\/Smart-Pricing-Etecnic-Moves-Singulares-3-400x209.png 400w, https:\/\/etecnic.es\/wp-content\/uploads\/2024\/05\/Smart-Pricing-Etecnic-Moves-Singulares-3-600x314.png 600w, https:\/\/etecnic.es\/wp-content\/uploads\/2024\/05\/Smart-Pricing-Etecnic-Moves-Singulares-3-800x419.png 800w, https:\/\/etecnic.es\/wp-content\/uploads\/2024\/05\/Smart-Pricing-Etecnic-Moves-Singulares-3.png 1200w\" sizes=\"(min-width: 2200px) 100vw, (min-width: 784px) 423px, (min-width: 712px) 635px, (min-width: 640px) 712px, \" \/><\/a><\/div><\/div><div class=\"clearfix\"><\/div><div style=\"padding:5px;\" class=\"fusion-grid-column fusion-gallery-column fusion-gallery-column-3 hover-type-none\"><div class=\"fusion-gallery-image\"><a href=\"https:\/\/etecnic.es\/wp-content\/uploads\/2024\/05\/Smart-Pricing-Etecnic-Moves-Singulares-4.png\" rel=\"noreferrer\" data-rel=\"iLightbox[gallery_image_1]\" class=\"fusion-lightbox\" target=\"_self\"><img decoding=\"async\" src=\"https:\/\/etecnic.es\/wp-content\/uploads\/2024\/05\/Smart-Pricing-Etecnic-Moves-Singulares-4.png\" width=\"1200\" height=\"628\" alt=\"Smart Pricing Etecnic Moves Singulares\" title=\"Smart Pricing Etecnic Moves Singulares (4)\" aria-label=\"Smart Pricing Etecnic Moves Singulares (4)\" class=\"img-responsive wp-image-23544\" srcset=\"https:\/\/etecnic.es\/wp-content\/uploads\/2024\/05\/Smart-Pricing-Etecnic-Moves-Singulares-4-200x105.png 200w, https:\/\/etecnic.es\/wp-content\/uploads\/2024\/05\/Smart-Pricing-Etecnic-Moves-Singulares-4-400x209.png 400w, https:\/\/etecnic.es\/wp-content\/uploads\/2024\/05\/Smart-Pricing-Etecnic-Moves-Singulares-4-600x314.png 600w, https:\/\/etecnic.es\/wp-content\/uploads\/2024\/05\/Smart-Pricing-Etecnic-Moves-Singulares-4-800x419.png 800w, https:\/\/etecnic.es\/wp-content\/uploads\/2024\/05\/Smart-Pricing-Etecnic-Moves-Singulares-4.png 1200w\" sizes=\"(min-width: 2200px) 100vw, (min-width: 784px) 423px, (min-width: 712px) 635px, (min-width: 640px) 712px, \" \/><\/a><\/div><\/div><div style=\"padding:5px;\" class=\"fusion-grid-column fusion-gallery-column fusion-gallery-column-3 hover-type-none\"><div class=\"fusion-gallery-image\"><a href=\"https:\/\/etecnic.es\/wp-content\/uploads\/2024\/05\/Smart-Pricing-Etecnic-Moves-Singulares-5.png\" rel=\"noreferrer\" data-rel=\"iLightbox[gallery_image_1]\" class=\"fusion-lightbox\" target=\"_self\"><img decoding=\"async\" src=\"https:\/\/etecnic.es\/wp-content\/uploads\/2024\/05\/Smart-Pricing-Etecnic-Moves-Singulares-5.png\" width=\"1200\" height=\"628\" alt=\"Smart Pricing Etecnic Moves Singulares\" title=\"Smart Pricing Etecnic Moves Singulares (5)\" aria-label=\"Smart Pricing Etecnic Moves Singulares (5)\" class=\"img-responsive wp-image-23547\" srcset=\"https:\/\/etecnic.es\/wp-content\/uploads\/2024\/05\/Smart-Pricing-Etecnic-Moves-Singulares-5-200x105.png 200w, https:\/\/etecnic.es\/wp-content\/uploads\/2024\/05\/Smart-Pricing-Etecnic-Moves-Singulares-5-400x209.png 400w, https:\/\/etecnic.es\/wp-content\/uploads\/2024\/05\/Smart-Pricing-Etecnic-Moves-Singulares-5-600x314.png 600w, https:\/\/etecnic.es\/wp-content\/uploads\/2024\/05\/Smart-Pricing-Etecnic-Moves-Singulares-5-800x419.png 800w, https:\/\/etecnic.es\/wp-content\/uploads\/2024\/05\/Smart-Pricing-Etecnic-Moves-Singulares-5.png 1200w\" sizes=\"(min-width: 2200px) 100vw, (min-width: 784px) 423px, (min-width: 712px) 635px, (min-width: 640px) 712px, \" \/><\/a><\/div><\/div><div style=\"padding:5px;\" class=\"fusion-grid-column fusion-gallery-column fusion-gallery-column-3 hover-type-none\"><div class=\"fusion-gallery-image\"><a href=\"https:\/\/etecnic.es\/wp-content\/uploads\/2024\/05\/Smart-Pricing-Etecnic-Moves-Singulares-6.png\" rel=\"noreferrer\" data-rel=\"iLightbox[gallery_image_1]\" class=\"fusion-lightbox\" target=\"_self\"><img decoding=\"async\" src=\"https:\/\/etecnic.es\/wp-content\/uploads\/2024\/05\/Smart-Pricing-Etecnic-Moves-Singulares-6.png\" width=\"1200\" height=\"628\" alt=\"Smart Pricing Etecnic Moves Singulares\" title=\"Smart Pricing Etecnic Moves Singulares (6)\" aria-label=\"Smart Pricing Etecnic Moves Singulares (6)\" class=\"img-responsive wp-image-23550\" srcset=\"https:\/\/etecnic.es\/wp-content\/uploads\/2024\/05\/Smart-Pricing-Etecnic-Moves-Singulares-6-200x105.png 200w, https:\/\/etecnic.es\/wp-content\/uploads\/2024\/05\/Smart-Pricing-Etecnic-Moves-Singulares-6-400x209.png 400w, https:\/\/etecnic.es\/wp-content\/uploads\/2024\/05\/Smart-Pricing-Etecnic-Moves-Singulares-6-600x314.png 600w, https:\/\/etecnic.es\/wp-content\/uploads\/2024\/05\/Smart-Pricing-Etecnic-Moves-Singulares-6-800x419.png 800w, https:\/\/etecnic.es\/wp-content\/uploads\/2024\/05\/Smart-Pricing-Etecnic-Moves-Singulares-6.png 1200w\" sizes=\"(min-width: 2200px) 100vw, (min-width: 784px) 423px, (min-width: 712px) 635px, (min-width: 640px) 712px, \" \/><\/a><\/div><\/div><div class=\"clearfix\"><\/div><div style=\"padding:5px;\" class=\"fusion-grid-column fusion-gallery-column fusion-gallery-column-3 hover-type-none\"><div class=\"fusion-gallery-image\"><a href=\"https:\/\/etecnic.es\/wp-content\/uploads\/2024\/05\/Smart-Pricing-Etecnic-Moves-Singulares-7.jpg\" rel=\"noreferrer\" data-rel=\"iLightbox[gallery_image_1]\" class=\"fusion-lightbox\" target=\"_self\"><img decoding=\"async\" src=\"https:\/\/etecnic.es\/wp-content\/uploads\/2024\/05\/Smart-Pricing-Etecnic-Moves-Singulares-7.jpg\" width=\"1200\" height=\"628\" alt=\"Smart Pricing Etecnic Moves Singulares\" title=\"Smart Pricing Etecnic Moves Singulares (7)\" aria-label=\"Smart Pricing Etecnic Moves Singulares (7)\" class=\"img-responsive wp-image-23553\" srcset=\"https:\/\/etecnic.es\/wp-content\/uploads\/2024\/05\/Smart-Pricing-Etecnic-Moves-Singulares-7-200x105.jpg 200w, https:\/\/etecnic.es\/wp-content\/uploads\/2024\/05\/Smart-Pricing-Etecnic-Moves-Singulares-7-400x209.jpg 400w, https:\/\/etecnic.es\/wp-content\/uploads\/2024\/05\/Smart-Pricing-Etecnic-Moves-Singulares-7-600x314.jpg 600w, https:\/\/etecnic.es\/wp-content\/uploads\/2024\/05\/Smart-Pricing-Etecnic-Moves-Singulares-7-800x419.jpg 800w, https:\/\/etecnic.es\/wp-content\/uploads\/2024\/05\/Smart-Pricing-Etecnic-Moves-Singulares-7.jpg 1200w\" sizes=\"(min-width: 2200px) 100vw, (min-width: 784px) 423px, (min-width: 712px) 635px, (min-width: 640px) 712px, \" \/><\/a><\/div><\/div><div style=\"padding:5px;\" class=\"fusion-grid-column fusion-gallery-column fusion-gallery-column-3 hover-type-none\"><div class=\"fusion-gallery-image\"><a href=\"https:\/\/etecnic.es\/wp-content\/uploads\/2024\/05\/Smart-Pricing-Etecnic-Moves-Singulares-8.jpg\" rel=\"noreferrer\" data-rel=\"iLightbox[gallery_image_1]\" class=\"fusion-lightbox\" target=\"_self\"><img decoding=\"async\" src=\"https:\/\/etecnic.es\/wp-content\/uploads\/2024\/05\/Smart-Pricing-Etecnic-Moves-Singulares-8.jpg\" width=\"1200\" height=\"1920\" alt=\"Smart Pricing Etecnic Moves Singulares\" title=\"Smart Pricing Etecnic Moves Singulares (8)\" aria-label=\"Smart Pricing Etecnic Moves Singulares (8)\" class=\"img-responsive wp-image-23556\" srcset=\"https:\/\/etecnic.es\/wp-content\/uploads\/2024\/05\/Smart-Pricing-Etecnic-Moves-Singulares-8-200x320.jpg 200w, https:\/\/etecnic.es\/wp-content\/uploads\/2024\/05\/Smart-Pricing-Etecnic-Moves-Singulares-8-400x640.jpg 400w, https:\/\/etecnic.es\/wp-content\/uploads\/2024\/05\/Smart-Pricing-Etecnic-Moves-Singulares-8-600x960.jpg 600w, https:\/\/etecnic.es\/wp-content\/uploads\/2024\/05\/Smart-Pricing-Etecnic-Moves-Singulares-8-800x1280.jpg 800w, https:\/\/etecnic.es\/wp-content\/uploads\/2024\/05\/Smart-Pricing-Etecnic-Moves-Singulares-8.jpg 1200w\" sizes=\"(min-width: 2200px) 100vw, (min-width: 784px) 423px, (min-width: 712px) 635px, (min-width: 640px) 712px, \" \/><\/a><\/div><\/div><div style=\"padding:5px;\" class=\"fusion-grid-column fusion-gallery-column fusion-gallery-column-3 hover-type-none\"><div class=\"fusion-gallery-image\"><a href=\"https:\/\/etecnic.es\/wp-content\/uploads\/2024\/05\/Smart-Pricing-Etecnic-Moves-Singulares-9.png\" rel=\"noreferrer\" data-rel=\"iLightbox[gallery_image_1]\" class=\"fusion-lightbox\" target=\"_self\"><img decoding=\"async\" src=\"https:\/\/etecnic.es\/wp-content\/uploads\/2024\/05\/Smart-Pricing-Etecnic-Moves-Singulares-9.png\" width=\"1200\" height=\"1920\" alt=\"Smart Pricing Etecnic Moves Singulares\" title=\"Smart Pricing Etecnic Moves Singulares (9)\" aria-label=\"Smart Pricing Etecnic Moves Singulares (9)\" class=\"img-responsive wp-image-23559\" srcset=\"https:\/\/etecnic.es\/wp-content\/uploads\/2024\/05\/Smart-Pricing-Etecnic-Moves-Singulares-9-200x320.png 200w, https:\/\/etecnic.es\/wp-content\/uploads\/2024\/05\/Smart-Pricing-Etecnic-Moves-Singulares-9-400x640.png 400w, https:\/\/etecnic.es\/wp-content\/uploads\/2024\/05\/Smart-Pricing-Etecnic-Moves-Singulares-9-600x960.png 600w, https:\/\/etecnic.es\/wp-content\/uploads\/2024\/05\/Smart-Pricing-Etecnic-Moves-Singulares-9-800x1280.png 800w, https:\/\/etecnic.es\/wp-content\/uploads\/2024\/05\/Smart-Pricing-Etecnic-Moves-Singulares-9.png 1200w\" sizes=\"(min-width: 2200px) 100vw, (min-width: 784px) 423px, (min-width: 712px) 635px, (min-width: 640px) 712px, \" \/><\/a><\/div><\/div><div class=\"clearfix\"><\/div><div style=\"padding:5px;\" class=\"fusion-grid-column fusion-gallery-column fusion-gallery-column-3 hover-type-none\"><div class=\"fusion-gallery-image\"><a href=\"https:\/\/etecnic.es\/wp-content\/uploads\/2024\/05\/Smart-Pricing-Etecnic-Moves-Singulares-10.jpg\" rel=\"noreferrer\" data-rel=\"iLightbox[gallery_image_1]\" class=\"fusion-lightbox\" target=\"_self\"><img decoding=\"async\" src=\"https:\/\/etecnic.es\/wp-content\/uploads\/2024\/05\/Smart-Pricing-Etecnic-Moves-Singulares-10.jpg\" width=\"1200\" height=\"1920\" alt=\"Smart Pricing Etecnic Moves Singulares\" title=\"Smart Pricing Etecnic Moves Singulares (10)\" aria-label=\"Smart Pricing Etecnic Moves Singulares (10)\" class=\"img-responsive wp-image-23562\" srcset=\"https:\/\/etecnic.es\/wp-content\/uploads\/2024\/05\/Smart-Pricing-Etecnic-Moves-Singulares-10-200x320.jpg 200w, https:\/\/etecnic.es\/wp-content\/uploads\/2024\/05\/Smart-Pricing-Etecnic-Moves-Singulares-10-400x640.jpg 400w, https:\/\/etecnic.es\/wp-content\/uploads\/2024\/05\/Smart-Pricing-Etecnic-Moves-Singulares-10-600x960.jpg 600w, https:\/\/etecnic.es\/wp-content\/uploads\/2024\/05\/Smart-Pricing-Etecnic-Moves-Singulares-10-800x1280.jpg 800w, https:\/\/etecnic.es\/wp-content\/uploads\/2024\/05\/Smart-Pricing-Etecnic-Moves-Singulares-10.jpg 1200w\" sizes=\"(min-width: 2200px) 100vw, (min-width: 784px) 423px, (min-width: 712px) 635px, (min-width: 640px) 712px, \" \/><\/a><\/div><\/div><div style=\"padding:5px;\" class=\"fusion-grid-column fusion-gallery-column fusion-gallery-column-3 hover-type-none\"><div class=\"fusion-gallery-image\"><a href=\"https:\/\/etecnic.es\/wp-content\/uploads\/2024\/05\/Smart-Pricing-Etecnic-Moves-Singulares-11.jpg\" rel=\"noreferrer\" data-rel=\"iLightbox[gallery_image_1]\" class=\"fusion-lightbox\" target=\"_self\"><img decoding=\"async\" src=\"https:\/\/etecnic.es\/wp-content\/uploads\/2024\/05\/Smart-Pricing-Etecnic-Moves-Singulares-11.jpg\" width=\"1200\" height=\"1920\" alt=\"Smart Pricing Etecnic Moves Singulares\" title=\"Smart Pricing Etecnic Moves Singulares (11)\" aria-label=\"Smart Pricing Etecnic Moves Singulares (11)\" class=\"img-responsive wp-image-23565\" srcset=\"https:\/\/etecnic.es\/wp-content\/uploads\/2024\/05\/Smart-Pricing-Etecnic-Moves-Singulares-11-200x320.jpg 200w, https:\/\/etecnic.es\/wp-content\/uploads\/2024\/05\/Smart-Pricing-Etecnic-Moves-Singulares-11-400x640.jpg 400w, https:\/\/etecnic.es\/wp-content\/uploads\/2024\/05\/Smart-Pricing-Etecnic-Moves-Singulares-11-600x960.jpg 600w, https:\/\/etecnic.es\/wp-content\/uploads\/2024\/05\/Smart-Pricing-Etecnic-Moves-Singulares-11-800x1280.jpg 800w, https:\/\/etecnic.es\/wp-content\/uploads\/2024\/05\/Smart-Pricing-Etecnic-Moves-Singulares-11.jpg 1200w\" sizes=\"(min-width: 2200px) 100vw, (min-width: 784px) 423px, (min-width: 712px) 635px, (min-width: 640px) 712px, \" \/><\/a><\/div><\/div><div style=\"padding:5px;\" class=\"fusion-grid-column fusion-gallery-column fusion-gallery-column-3 hover-type-none\"><div class=\"fusion-gallery-image\"><a href=\"https:\/\/etecnic.es\/wp-content\/uploads\/2024\/05\/Smart-Pricing-Etecnic-Moves-Singulares-12.jpg\" rel=\"noreferrer\" data-rel=\"iLightbox[gallery_image_1]\" class=\"fusion-lightbox\" target=\"_self\"><img decoding=\"async\" src=\"https:\/\/etecnic.es\/wp-content\/uploads\/2024\/05\/Smart-Pricing-Etecnic-Moves-Singulares-12.jpg\" width=\"1200\" height=\"1920\" alt=\"Smart Pricing Etecnic Moves Singulares\" title=\"Smart Pricing Etecnic Moves Singulares (12)\" aria-label=\"Smart Pricing Etecnic Moves Singulares (12)\" class=\"img-responsive wp-image-23568\" srcset=\"https:\/\/etecnic.es\/wp-content\/uploads\/2024\/05\/Smart-Pricing-Etecnic-Moves-Singulares-12-200x320.jpg 200w, https:\/\/etecnic.es\/wp-content\/uploads\/2024\/05\/Smart-Pricing-Etecnic-Moves-Singulares-12-400x640.jpg 400w, https:\/\/etecnic.es\/wp-content\/uploads\/2024\/05\/Smart-Pricing-Etecnic-Moves-Singulares-12-600x960.jpg 600w, https:\/\/etecnic.es\/wp-content\/uploads\/2024\/05\/Smart-Pricing-Etecnic-Moves-Singulares-12-800x1280.jpg 800w, https:\/\/etecnic.es\/wp-content\/uploads\/2024\/05\/Smart-Pricing-Etecnic-Moves-Singulares-12.jpg 1200w\" sizes=\"(min-width: 2200px) 100vw, (min-width: 784px) 423px, (min-width: 712px) 635px, (min-width: 640px) 712px, \" \/><\/a><\/div><\/div><div class=\"clearfix\"><\/div><\/div><\/div><div class=\"fusion-separator fusion-full-width-sep\" style=\"align-self: center;margin-left: auto;margin-right: auto;margin-top:3%;margin-bottom:3px;width:100%;\"><\/div><div class=\"fusion-separator fusion-full-width-sep\" style=\"align-self: center;margin-left: auto;margin-right: auto;margin-top:3%;margin-bottom:3px;width:100%;\"><\/div><\/div><\/div><\/div><\/div><div class=\"fusion-fullwidth fullwidth-box fusion-builder-row-2 fusion-flex-container has-pattern-background has-mask-background nonhundred-percent-fullwidth non-hundred-percent-height-scrolling\" style=\"--awb-border-radius-top-left:0px;--awb-border-radius-top-right:0px;--awb-border-radius-bottom-right:0px;--awb-border-radius-bottom-left:0px;--awb-flex-wrap:wrap;\" ><div class=\"fusion-builder-row fusion-row fusion-flex-align-items-flex-start fusion-flex-content-wrap\" style=\"max-width:1331.2px;margin-left: calc(-4% \/ 2 );margin-right: calc(-4% \/ 2 );\"><div class=\"fusion-layout-column fusion_builder_column fusion-builder-column-1 fusion_builder_column_1_1 1_1 fusion-flex-column\" style=\"--awb-bg-size:cover;--awb-width-large:100%;--awb-margin-top-large:0px;--awb-spacing-right-large:1.92%;--awb-margin-bottom-large:0px;--awb-spacing-left-large:1.92%;--awb-width-medium:100%;--awb-order-medium:0;--awb-spacing-right-medium:1.92%;--awb-spacing-left-medium:1.92%;--awb-width-small:100%;--awb-order-small:0;--awb-spacing-right-small:1.92%;--awb-spacing-left-small:1.92%;\"><div class=\"fusion-column-wrapper fusion-column-has-shadow fusion-flex-justify-content-flex-start fusion-content-layout-column\"><div class=\"fusion-separator fusion-full-width-sep\" style=\"align-self: center;margin-left: auto;margin-right: auto;margin-top:3%;margin-bottom:3px;width:100%;\"><\/div><\/div><\/div><\/div><\/div><\/p>\n","protected":false},"excerpt":{"rendered":"","protected":false},"author":261,"featured_media":23489,"comment_status":"closed","ping_status":"closed","sticky":false,"template":"","format":"standard","meta":{"footnotes":"","_links_to":"","_links_to_target":""},"categories":[687,901,22],"tags":[332,323,316,333,1053],"class_list":["post-23456","post","type-post","status-publish","format-standard","has-post-thumbnail","hentry","category-viu-etecnic","category-vive-etecnic-ca","category-noticies","tag-etecnic-ca","tag-mobilitat-electrica-ca","tag-movilidad-electrica-ca","tag-puntos-de-recarga-ca","tag-recarga-publica-ca"],"yoast_head":"<!-- This site is optimized with the Yoast SEO plugin v28.4 - https:\/\/yoast.com\/product\/yoast-seo-wordpress\/ -->\n<title>Finalitzaci\u00f3 del projecte Smart Pricing per a punts de rec\u00e0rrega<\/title>\n<meta name=\"description\" content=\"Completa amb \u00e8xit el projecte innovador de tarifaci\u00f3 din\u00e0mica, \u201cSmart Pricing\u201d, per a la rec\u00e0rrega de vehicles el\u00e8ctrics finan\u00e7at per la UE\" \/>\n<meta name=\"robots\" content=\"index, follow, max-snippet:-1, max-image-preview:large, max-video-preview:-1\" \/>\n<link rel=\"canonical\" href=\"https:\/\/etecnic.es\/ca\/noticies\/finalitzacio-del-projecte-smart-pricing-per-a-punts-de-recarrega-en-estacions-de-servei\/\" \/>\n<meta property=\"og:locale\" content=\"ca_ES\" \/>\n<meta property=\"og:type\" content=\"article\" \/>\n<meta property=\"og:title\" content=\"Finalitza el projecte &quot;Smart Pricing per a punts de rec\u00e0rrega en estacions de servei&quot;\" \/>\n<meta property=\"og:description\" content=\"ETECNIC completa amb \u00e8xit el projecte innovador de tarifaci\u00f3 din\u00e0mica, \u201cSmart Pricing\u201d, per a la rec\u00e0rrega de vehicles el\u00e8ctrics finan\u00e7at per la UE\" \/>\n<meta property=\"og:url\" content=\"https:\/\/etecnic.es\/ca\/noticies\/finalitzacio-del-projecte-smart-pricing-per-a-punts-de-recarrega-en-estacions-de-servei\/\" \/>\n<meta property=\"og:site_name\" content=\"Etecnic - Delivering End-to-end charging solution for electric vehicles\" \/>\n<meta property=\"article:publisher\" content=\"https:\/\/www.facebook.com\/etecnic?fref=ts%2f\" \/>\n<meta property=\"article:published_time\" content=\"2024-05-22T09:32:04+00:00\" \/>\n<meta property=\"og:image\" content=\"https:\/\/etecnic.es\/wp-content\/uploads\/2024\/05\/Caratula-BLOG-etecnic-14.png\" \/>\n\t<meta property=\"og:image:width\" content=\"1110\" \/>\n\t<meta property=\"og:image:height\" content=\"720\" \/>\n\t<meta property=\"og:image:type\" content=\"image\/png\" \/>\n<meta name=\"author\" content=\"Fran Caselles\" \/>\n<meta name=\"twitter:card\" content=\"summary_large_image\" \/>\n<meta name=\"twitter:creator\" content=\"@etecnic\" \/>\n<meta name=\"twitter:site\" content=\"@etecnic\" \/>\n<meta name=\"twitter:label1\" content=\"Escrit per\" \/>\n\t<meta name=\"twitter:data1\" content=\"Fran Caselles\" \/>\n\t<meta name=\"twitter:label2\" content=\"Temps estimat de lectura\" \/>\n\t<meta name=\"twitter:data2\" content=\"7 minutes\" \/>\n<script type=\"application\/ld+json\" class=\"yoast-schema-graph\">{\"@context\":\"https:\\\/\\\/schema.org\",\"@graph\":[{\"@type\":\"Article\",\"@id\":\"https:\\\/\\\/etecnic.es\\\/ca\\\/noticies\\\/finalitzacio-del-projecte-smart-pricing-per-a-punts-de-recarrega-en-estacions-de-servei\\\/#article\",\"isPartOf\":{\"@id\":\"https:\\\/\\\/etecnic.es\\\/ca\\\/noticies\\\/finalitzacio-del-projecte-smart-pricing-per-a-punts-de-recarrega-en-estacions-de-servei\\\/\"},\"author\":{\"name\":\"Fran Caselles\",\"@id\":\"https:\\\/\\\/etecnic.es\\\/#\\\/schema\\\/person\\\/9468062d01c8046cb9eb8a4c446a05fc\"},\"headline\":\"Finalitza el projecte &#8220;Smart Pricing per a punts de rec\u00e0rrega en estacions de servei&#8221;\",\"datePublished\":\"2024-05-22T09:32:04+00:00\",\"mainEntityOfPage\":{\"@id\":\"https:\\\/\\\/etecnic.es\\\/ca\\\/noticies\\\/finalitzacio-del-projecte-smart-pricing-per-a-punts-de-recarrega-en-estacions-de-servei\\\/\"},\"wordCount\":4952,\"image\":{\"@id\":\"https:\\\/\\\/etecnic.es\\\/ca\\\/noticies\\\/finalitzacio-del-projecte-smart-pricing-per-a-punts-de-recarrega-en-estacions-de-servei\\\/#primaryimage\"},\"thumbnailUrl\":\"https:\\\/\\\/etecnic.es\\\/wp-content\\\/uploads\\\/2024\\\/05\\\/Caratula-BLOG-etecnic-14.png\",\"keywords\":[\"ETECNIC\",\"mobilitat el\u00e8ctrica\",\"Movilidad el\u00e9ctrica\",\"puntos de recarga\",\"recarga p\u00fablica\"],\"articleSection\":[\"Etecnic\",\"Etecnic\",\"Not\u00edcies\"],\"inLanguage\":\"ca\"},{\"@type\":\"WebPage\",\"@id\":\"https:\\\/\\\/etecnic.es\\\/ca\\\/noticies\\\/finalitzacio-del-projecte-smart-pricing-per-a-punts-de-recarrega-en-estacions-de-servei\\\/\",\"url\":\"https:\\\/\\\/etecnic.es\\\/ca\\\/noticies\\\/finalitzacio-del-projecte-smart-pricing-per-a-punts-de-recarrega-en-estacions-de-servei\\\/\",\"name\":\"Finalitzaci\u00f3 del projecte Smart Pricing per a punts de rec\u00e0rrega\",\"isPartOf\":{\"@id\":\"https:\\\/\\\/etecnic.es\\\/#website\"},\"primaryImageOfPage\":{\"@id\":\"https:\\\/\\\/etecnic.es\\\/ca\\\/noticies\\\/finalitzacio-del-projecte-smart-pricing-per-a-punts-de-recarrega-en-estacions-de-servei\\\/#primaryimage\"},\"image\":{\"@id\":\"https:\\\/\\\/etecnic.es\\\/ca\\\/noticies\\\/finalitzacio-del-projecte-smart-pricing-per-a-punts-de-recarrega-en-estacions-de-servei\\\/#primaryimage\"},\"thumbnailUrl\":\"https:\\\/\\\/etecnic.es\\\/wp-content\\\/uploads\\\/2024\\\/05\\\/Caratula-BLOG-etecnic-14.png\",\"datePublished\":\"2024-05-22T09:32:04+00:00\",\"author\":{\"@id\":\"https:\\\/\\\/etecnic.es\\\/#\\\/schema\\\/person\\\/9468062d01c8046cb9eb8a4c446a05fc\"},\"description\":\"Completa amb \u00e8xit el projecte innovador de tarifaci\u00f3 din\u00e0mica, \u201cSmart Pricing\u201d, per a la rec\u00e0rrega de vehicles el\u00e8ctrics finan\u00e7at per la UE\",\"breadcrumb\":{\"@id\":\"https:\\\/\\\/etecnic.es\\\/ca\\\/noticies\\\/finalitzacio-del-projecte-smart-pricing-per-a-punts-de-recarrega-en-estacions-de-servei\\\/#breadcrumb\"},\"inLanguage\":\"ca\",\"potentialAction\":[{\"@type\":\"ReadAction\",\"target\":[\"https:\\\/\\\/etecnic.es\\\/ca\\\/noticies\\\/finalitzacio-del-projecte-smart-pricing-per-a-punts-de-recarrega-en-estacions-de-servei\\\/\"]}]},{\"@type\":\"ImageObject\",\"inLanguage\":\"ca\",\"@id\":\"https:\\\/\\\/etecnic.es\\\/ca\\\/noticies\\\/finalitzacio-del-projecte-smart-pricing-per-a-punts-de-recarrega-en-estacions-de-servei\\\/#primaryimage\",\"url\":\"https:\\\/\\\/etecnic.es\\\/wp-content\\\/uploads\\\/2024\\\/05\\\/Caratula-BLOG-etecnic-14.png\",\"contentUrl\":\"https:\\\/\\\/etecnic.es\\\/wp-content\\\/uploads\\\/2024\\\/05\\\/Caratula-BLOG-etecnic-14.png\",\"width\":1110,\"height\":720},{\"@type\":\"BreadcrumbList\",\"@id\":\"https:\\\/\\\/etecnic.es\\\/ca\\\/noticies\\\/finalitzacio-del-projecte-smart-pricing-per-a-punts-de-recarrega-en-estacions-de-servei\\\/#breadcrumb\",\"itemListElement\":[{\"@type\":\"ListItem\",\"position\":1,\"name\":\"Portada\",\"item\":\"https:\\\/\\\/etecnic.es\\\/ca\\\/\"},{\"@type\":\"ListItem\",\"position\":2,\"name\":\"Finalitza el projecte &#8220;Smart Pricing per a punts de rec\u00e0rrega en estacions de servei&#8221;\"}]},{\"@type\":\"WebSite\",\"@id\":\"https:\\\/\\\/etecnic.es\\\/#website\",\"url\":\"https:\\\/\\\/etecnic.es\\\/\",\"name\":\"Etecnic - Delivering End-to-end charging solution for electric vehicles\",\"description\":\"EVcharge is the software platform that allows you to manage and operate your smart charging points to scale your business. Comprehensive control software and App solution.\",\"potentialAction\":[{\"@type\":\"SearchAction\",\"target\":{\"@type\":\"EntryPoint\",\"urlTemplate\":\"https:\\\/\\\/etecnic.es\\\/?s={search_term_string}\"},\"query-input\":{\"@type\":\"PropertyValueSpecification\",\"valueRequired\":true,\"valueName\":\"search_term_string\"}}],\"inLanguage\":\"ca\"},{\"@type\":\"Person\",\"@id\":\"https:\\\/\\\/etecnic.es\\\/#\\\/schema\\\/person\\\/9468062d01c8046cb9eb8a4c446a05fc\",\"name\":\"Fran Caselles\",\"image\":{\"@type\":\"ImageObject\",\"inLanguage\":\"ca\",\"@id\":\"https:\\\/\\\/secure.gravatar.com\\\/avatar\\\/e437cd9671286bc6c3c1dd795037181569ad67553469290c6c33733c9069b493?s=96&d=mm&r=g\",\"url\":\"https:\\\/\\\/secure.gravatar.com\\\/avatar\\\/e437cd9671286bc6c3c1dd795037181569ad67553469290c6c33733c9069b493?s=96&d=mm&r=g\",\"contentUrl\":\"https:\\\/\\\/secure.gravatar.com\\\/avatar\\\/e437cd9671286bc6c3c1dd795037181569ad67553469290c6c33733c9069b493?s=96&d=mm&r=g\",\"caption\":\"Fran Caselles\"},\"url\":\"https:\\\/\\\/etecnic.es\\\/ca\\\/author\\\/fran\\\/\"}]}<\/script>\n<!-- \/ Yoast SEO plugin. -->","yoast_head_json":{"title":"Finalitzaci\u00f3 del projecte Smart Pricing per a punts de rec\u00e0rrega","description":"Completa amb \u00e8xit el projecte innovador de tarifaci\u00f3 din\u00e0mica, \u201cSmart Pricing\u201d, per a la rec\u00e0rrega de vehicles el\u00e8ctrics finan\u00e7at per la UE","robots":{"index":"index","follow":"follow","max-snippet":"max-snippet:-1","max-image-preview":"max-image-preview:large","max-video-preview":"max-video-preview:-1"},"canonical":"https:\/\/etecnic.es\/ca\/noticies\/finalitzacio-del-projecte-smart-pricing-per-a-punts-de-recarrega-en-estacions-de-servei\/","og_locale":"ca_ES","og_type":"article","og_title":"Finalitza el projecte \"Smart Pricing per a punts de rec\u00e0rrega en estacions de servei\"","og_description":"ETECNIC completa amb \u00e8xit el projecte innovador de tarifaci\u00f3 din\u00e0mica, \u201cSmart Pricing\u201d, per a la rec\u00e0rrega de vehicles el\u00e8ctrics finan\u00e7at per la UE","og_url":"https:\/\/etecnic.es\/ca\/noticies\/finalitzacio-del-projecte-smart-pricing-per-a-punts-de-recarrega-en-estacions-de-servei\/","og_site_name":"Etecnic - Delivering End-to-end charging solution for electric vehicles","article_publisher":"https:\/\/www.facebook.com\/etecnic?fref=ts%2f","article_published_time":"2024-05-22T09:32:04+00:00","og_image":[{"width":1110,"height":720,"url":"https:\/\/etecnic.es\/wp-content\/uploads\/2024\/05\/Caratula-BLOG-etecnic-14.png","type":"image\/png"}],"author":"Fran Caselles","twitter_card":"summary_large_image","twitter_creator":"@etecnic","twitter_site":"@etecnic","twitter_misc":{"Escrit per":"Fran Caselles","Temps estimat de lectura":"7 minutes"},"schema":{"@context":"https:\/\/schema.org","@graph":[{"@type":"Article","@id":"https:\/\/etecnic.es\/ca\/noticies\/finalitzacio-del-projecte-smart-pricing-per-a-punts-de-recarrega-en-estacions-de-servei\/#article","isPartOf":{"@id":"https:\/\/etecnic.es\/ca\/noticies\/finalitzacio-del-projecte-smart-pricing-per-a-punts-de-recarrega-en-estacions-de-servei\/"},"author":{"name":"Fran Caselles","@id":"https:\/\/etecnic.es\/#\/schema\/person\/9468062d01c8046cb9eb8a4c446a05fc"},"headline":"Finalitza el projecte &#8220;Smart Pricing per a punts de rec\u00e0rrega en estacions de servei&#8221;","datePublished":"2024-05-22T09:32:04+00:00","mainEntityOfPage":{"@id":"https:\/\/etecnic.es\/ca\/noticies\/finalitzacio-del-projecte-smart-pricing-per-a-punts-de-recarrega-en-estacions-de-servei\/"},"wordCount":4952,"image":{"@id":"https:\/\/etecnic.es\/ca\/noticies\/finalitzacio-del-projecte-smart-pricing-per-a-punts-de-recarrega-en-estacions-de-servei\/#primaryimage"},"thumbnailUrl":"https:\/\/etecnic.es\/wp-content\/uploads\/2024\/05\/Caratula-BLOG-etecnic-14.png","keywords":["ETECNIC","mobilitat el\u00e8ctrica","Movilidad el\u00e9ctrica","puntos de recarga","recarga p\u00fablica"],"articleSection":["Etecnic","Etecnic","Not\u00edcies"],"inLanguage":"ca"},{"@type":"WebPage","@id":"https:\/\/etecnic.es\/ca\/noticies\/finalitzacio-del-projecte-smart-pricing-per-a-punts-de-recarrega-en-estacions-de-servei\/","url":"https:\/\/etecnic.es\/ca\/noticies\/finalitzacio-del-projecte-smart-pricing-per-a-punts-de-recarrega-en-estacions-de-servei\/","name":"Finalitzaci\u00f3 del projecte Smart Pricing per a punts de rec\u00e0rrega","isPartOf":{"@id":"https:\/\/etecnic.es\/#website"},"primaryImageOfPage":{"@id":"https:\/\/etecnic.es\/ca\/noticies\/finalitzacio-del-projecte-smart-pricing-per-a-punts-de-recarrega-en-estacions-de-servei\/#primaryimage"},"image":{"@id":"https:\/\/etecnic.es\/ca\/noticies\/finalitzacio-del-projecte-smart-pricing-per-a-punts-de-recarrega-en-estacions-de-servei\/#primaryimage"},"thumbnailUrl":"https:\/\/etecnic.es\/wp-content\/uploads\/2024\/05\/Caratula-BLOG-etecnic-14.png","datePublished":"2024-05-22T09:32:04+00:00","author":{"@id":"https:\/\/etecnic.es\/#\/schema\/person\/9468062d01c8046cb9eb8a4c446a05fc"},"description":"Completa amb \u00e8xit el projecte innovador de tarifaci\u00f3 din\u00e0mica, \u201cSmart Pricing\u201d, per a la rec\u00e0rrega de vehicles el\u00e8ctrics finan\u00e7at per la UE","breadcrumb":{"@id":"https:\/\/etecnic.es\/ca\/noticies\/finalitzacio-del-projecte-smart-pricing-per-a-punts-de-recarrega-en-estacions-de-servei\/#breadcrumb"},"inLanguage":"ca","potentialAction":[{"@type":"ReadAction","target":["https:\/\/etecnic.es\/ca\/noticies\/finalitzacio-del-projecte-smart-pricing-per-a-punts-de-recarrega-en-estacions-de-servei\/"]}]},{"@type":"ImageObject","inLanguage":"ca","@id":"https:\/\/etecnic.es\/ca\/noticies\/finalitzacio-del-projecte-smart-pricing-per-a-punts-de-recarrega-en-estacions-de-servei\/#primaryimage","url":"https:\/\/etecnic.es\/wp-content\/uploads\/2024\/05\/Caratula-BLOG-etecnic-14.png","contentUrl":"https:\/\/etecnic.es\/wp-content\/uploads\/2024\/05\/Caratula-BLOG-etecnic-14.png","width":1110,"height":720},{"@type":"BreadcrumbList","@id":"https:\/\/etecnic.es\/ca\/noticies\/finalitzacio-del-projecte-smart-pricing-per-a-punts-de-recarrega-en-estacions-de-servei\/#breadcrumb","itemListElement":[{"@type":"ListItem","position":1,"name":"Portada","item":"https:\/\/etecnic.es\/ca\/"},{"@type":"ListItem","position":2,"name":"Finalitza el projecte &#8220;Smart Pricing per a punts de rec\u00e0rrega en estacions de servei&#8221;"}]},{"@type":"WebSite","@id":"https:\/\/etecnic.es\/#website","url":"https:\/\/etecnic.es\/","name":"Etecnic - Delivering End-to-end charging solution for electric vehicles","description":"EVcharge is the software platform that allows you to manage and operate your smart charging points to scale your business. Comprehensive control software and App solution.","potentialAction":[{"@type":"SearchAction","target":{"@type":"EntryPoint","urlTemplate":"https:\/\/etecnic.es\/?s={search_term_string}"},"query-input":{"@type":"PropertyValueSpecification","valueRequired":true,"valueName":"search_term_string"}}],"inLanguage":"ca"},{"@type":"Person","@id":"https:\/\/etecnic.es\/#\/schema\/person\/9468062d01c8046cb9eb8a4c446a05fc","name":"Fran Caselles","image":{"@type":"ImageObject","inLanguage":"ca","@id":"https:\/\/secure.gravatar.com\/avatar\/e437cd9671286bc6c3c1dd795037181569ad67553469290c6c33733c9069b493?s=96&d=mm&r=g","url":"https:\/\/secure.gravatar.com\/avatar\/e437cd9671286bc6c3c1dd795037181569ad67553469290c6c33733c9069b493?s=96&d=mm&r=g","contentUrl":"https:\/\/secure.gravatar.com\/avatar\/e437cd9671286bc6c3c1dd795037181569ad67553469290c6c33733c9069b493?s=96&d=mm&r=g","caption":"Fran Caselles"},"url":"https:\/\/etecnic.es\/ca\/author\/fran\/"}]}},"_links":{"self":[{"href":"https:\/\/etecnic.es\/ca\/wp-json\/wp\/v2\/posts\/23456","targetHints":{"allow":["GET"]}}],"collection":[{"href":"https:\/\/etecnic.es\/ca\/wp-json\/wp\/v2\/posts"}],"about":[{"href":"https:\/\/etecnic.es\/ca\/wp-json\/wp\/v2\/types\/post"}],"author":[{"embeddable":true,"href":"https:\/\/etecnic.es\/ca\/wp-json\/wp\/v2\/users\/261"}],"replies":[{"embeddable":true,"href":"https:\/\/etecnic.es\/ca\/wp-json\/wp\/v2\/comments?post=23456"}],"version-history":[{"count":4,"href":"https:\/\/etecnic.es\/ca\/wp-json\/wp\/v2\/posts\/23456\/revisions"}],"predecessor-version":[{"id":23599,"href":"https:\/\/etecnic.es\/ca\/wp-json\/wp\/v2\/posts\/23456\/revisions\/23599"}],"wp:featuredmedia":[{"embeddable":true,"href":"https:\/\/etecnic.es\/ca\/wp-json\/wp\/v2\/media\/23489"}],"wp:attachment":[{"href":"https:\/\/etecnic.es\/ca\/wp-json\/wp\/v2\/media?parent=23456"}],"wp:term":[{"taxonomy":"category","embeddable":true,"href":"https:\/\/etecnic.es\/ca\/wp-json\/wp\/v2\/categories?post=23456"},{"taxonomy":"post_tag","embeddable":true,"href":"https:\/\/etecnic.es\/ca\/wp-json\/wp\/v2\/tags?post=23456"}],"curies":[{"name":"wp","href":"https:\/\/api.w.org\/{rel}","templated":true}]}}