{"id":22821,"date":"2024-03-08T13:15:36","date_gmt":"2024-03-08T13:15:36","guid":{"rendered":"https:\/\/etecnic.es\/?p=22821"},"modified":"2024-03-08T13:21:10","modified_gmt":"2024-03-08T13:21:10","slug":"21-de-marc-se-celebrara-la-i-trobada-energia-i-mobilitat-sostenible-a-la-universidad-nebrija","status":"publish","type":"post","link":"https:\/\/etecnic.es\/ca\/noticies\/21-de-marc-se-celebrara-la-i-trobada-energia-i-mobilitat-sostenible-a-la-universidad-nebrija\/","title":{"rendered":"21 de mar\u00e7, se celebrar\u00e0 la I Trobada Energia i Mobilitat Sostenible a la Universidad Nebrija"},"content":{"rendered":"<p><div class=\"fusion-fullwidth fullwidth-box fusion-builder-row-1 fusion-flex-container nonhundred-percent-fullwidth non-hundred-percent-height-scrolling\" style=\"--awb-border-radius-top-left:0px;--awb-border-radius-top-right:0px;--awb-border-radius-bottom-right:0px;--awb-border-radius-bottom-left:0px;--awb-flex-wrap:wrap;\" ><div class=\"fusion-builder-row fusion-row fusion-flex-align-items-flex-start fusion-flex-content-wrap\" style=\"max-width:1331.2px;margin-left: calc(-4% \/ 2 );margin-right: calc(-4% \/ 2 );\"><div class=\"fusion-layout-column fusion_builder_column fusion-builder-column-0 fusion_builder_column_1_1 1_1 fusion-flex-column\" style=\"--awb-bg-size:cover;--awb-width-large:100%;--awb-margin-top-large:0px;--awb-spacing-right-large:1.92%;--awb-margin-bottom-large:0px;--awb-spacing-left-large:1.92%;--awb-width-medium:100%;--awb-order-medium:0;--awb-spacing-right-medium:1.92%;--awb-spacing-left-medium:1.92%;--awb-width-small:100%;--awb-order-small:0;--awb-spacing-right-small:1.92%;--awb-spacing-left-small:1.92%;\"><div class=\"fusion-column-wrapper fusion-column-has-shadow fusion-flex-justify-content-flex-start fusion-content-layout-column\"><div class=\"fusion-title title fusion-title-1 fusion-sep-none fusion-title-text fusion-title-size-one\" style=\"--awb-margin-top-small:0px;--awb-margin-right-small:0px;--awb-margin-bottom-small:20px;--awb-margin-left-small:0px;\"><h1 class=\"fusion-title-heading title-heading-left fusion-responsive-typography-calculated\" style=\"margin:0;--fontSize:45;line-height:1.1;\"><h1 style=\"text-align: center;\">21 de mar\u00e7, se celebrar\u00e0 la I Trobada Energia i Mobilitat Sostenible a la Universidad Nebrija<\/h1><\/h1><\/div><div class=\"fusion-separator fusion-full-width-sep\" style=\"align-self: center;margin-left: auto;margin-right: auto;margin-top:3%;margin-bottom:3px;width:100%;\"><\/div><div class=\"fusion-separator fusion-full-width-sep\" style=\"align-self: center;margin-left: auto;margin-right: auto;margin-top:3%;margin-bottom:3px;width:100%;\"><\/div><div class=\"fusion-title title fusion-title-2 fusion-sep-none fusion-title-text fusion-title-size-five\" style=\"--awb-margin-top-small:0px;--awb-margin-right-small:0px;--awb-margin-bottom-small:20px;--awb-margin-left-small:0px;\"><h5 class=\"fusion-title-heading title-heading-left fusion-responsive-typography-calculated\" style=\"margin:0;--fontSize:18;--minFontSize:18;line-height:1.1;\"><h2>El pr\u00f2xim 21 de mar\u00e7 tindr\u00e0 lloc la I Trobada Energia i Mobilitat Sostenible, organitzat per Madrid F\u00f2rum Empresarial i la Universidad Nebrija.<\/h2><\/h5><\/div><div class=\"fusion-text fusion-text-1\"><p>Una oportunitat \u00fanica per a abordar des d&#8217;una perspectiva realista el possible <strong>impacte de les noves energies en la mobilitat actual<\/strong>, analitzar com poden contribuir a la seva sostenibilitat i quin \u00e9s l&#8217;estat de maduresa de cadascuna d&#8217;elles.<\/p>\n<p>La trobada inclour\u00e0 <strong>pon\u00e8ncies i taules rodones amb la participaci\u00f3 de professionals destacats d&#8217;empreses pioneres en el sector<\/strong>, com ara Iberdrola, Volvo Trucks, ALSA, REPSOL, AEDIVE, Etecnic, CEPSA, entre altres.<\/p>\n<p><strong>Detalls de l&#8217;Esdeveniment:\u00a0<\/strong><\/p>\n<ul>\n<li><strong>Data:<\/strong> 21 de mar\u00e7<\/li>\n<li><strong>Horari:<\/strong> 9:30 a 17:00<\/li>\n<li><strong>Ubicaci\u00f3:<\/strong> <span style=\"color: #1c1c1c;\">Universidad Nebrija\u00a0<\/span><\/li>\n<li><strong>Entrada gratu\u00efta amb inscripci\u00f3 pr\u00e8via (aforament limitat)<\/strong><\/li>\n<\/ul>\n<\/div><div class=\"fusion-separator fusion-full-width-sep\" style=\"align-self: center;margin-left: auto;margin-right: auto;margin-top:3%;margin-bottom:3px;width:100%;\"><\/div><div class=\"fusion-separator fusion-full-width-sep\" style=\"align-self: center;margin-left: auto;margin-right: auto;margin-top:3%;margin-bottom:3px;width:100%;\"><\/div><div ><a class=\"fusion-button button-flat fusion-button-default-size button-default fusion-button-default button-1 fusion-button-default-span fusion-button-default-type\" target=\"_self\" href=\"https:\/\/actos.nebrija.es\/113382\/detail\/i-encuentro-energia-y-movilidad-sostenible-madrid-foro-empresarial-universidad-nebrija.html?private=b2e8a96d2de382e27664\"><span class=\"fusion-button-text awb-button__text awb-button__text--default\">Inscriu-te<\/span><\/a><\/div><div class=\"fusion-separator fusion-full-width-sep\" style=\"align-self: center;margin-left: auto;margin-right: auto;margin-top:3%;margin-bottom:3px;width:100%;\"><\/div><div class=\"fusion-separator fusion-full-width-sep\" style=\"align-self: center;margin-left: auto;margin-right: auto;margin-top:3%;margin-bottom:3px;width:100%;\"><\/div><div class=\"fusion-title title fusion-title-3 fusion-sep-none fusion-title-text fusion-title-size-five\" style=\"--awb-margin-top-small:0px;--awb-margin-right-small:0px;--awb-margin-bottom-small:20px;--awb-margin-left-small:0px;\"><h5 class=\"fusion-title-heading title-heading-left fusion-responsive-typography-calculated\" style=\"margin:0;--fontSize:18;--minFontSize:18;line-height:1.1;\"><h2>La Trobada que reunir\u00e0 els professionals experts del sector<\/h2><\/h5><\/div><div class=\"fusion-text fusion-text-2\"><p><b>Pon\u00e8ncies<\/b><\/p>\n<ul>\n<li>&#8220;Objectius de reducci\u00f3 de CO\u2082 a Europa. Les seves conseq\u00fc\u00e8ncies directes en les nostres vides&#8221;, Juan Ignacio \u00c1lvarez, President Col\u00b7legi Oficial de F\u00edsics<\/li>\n<li>&#8220;La rec\u00e0rrega el\u00e8ctrica, una oportunitat de negoci&#8221;, per Jorge R\u00edos, CEO de Etecnic<\/li>\n<li>&#8220;Energia, Sostenibilitat&#8230; i f\u00edsica&#8221;, Juan Ignacio \u00c1lvarez, President Col\u00b7legi Oficial de F\u00edsics.<\/li>\n<\/ul>\n<p><b>Cinc taules rodones per debatir sobre:<\/b><\/p>\n<ul>\n<li style=\"list-style-type: none;\">\n<ul>\n<li>Quines s\u00f3n les energies del futur per a mobilitat?<\/li>\n<li>Energia per al Transport<\/li>\n<li>Negocis paral\u00b7lels a la mobilitat &amp; Experi\u00e8ncia de l&#8217;usuari<\/li>\n<li>Emmagatzematge i distribuci\u00f3 d&#8217;energia<\/li>\n<li>El Sanedr\u00edn<\/li>\n<\/ul>\n<\/li>\n<\/ul>\n<p>Espai de <b>networking i menjar<\/b><\/p>\n<p><b>L&#8217;entrada a l&#8217;esdeveniment \u00e9s gratu\u00efta, per\u00f3 l&#8217;aforament \u00e9s limitat.\u00a0\u00a0<\/b><\/p>\n<p>No et perdis aquesta oportunitat de connectar-te amb l\u00edders del sector.<\/p>\n<p>Per a m\u00e9s informaci\u00f3 i per a con\u00e8ixer tots els participants i el programa complet, visiti la web de la <a href=\"https:\/\/actos.nebrija.es\/113382\/detail\/i-encuentro-energia-y-movilidad-sostenible-madrid-foro-empresarial-universidad-nebrija.html?private=b2e8a96d2de382e27664\">Universidad Nebrija<\/a>.<\/p>\n<\/div><div class=\"fusion-separator fusion-full-width-sep\" style=\"align-self: center;margin-left: auto;margin-right: auto;margin-top:3%;margin-bottom:3px;width:100%;\"><\/div><div class=\"fusion-separator fusion-full-width-sep\" style=\"align-self: center;margin-left: auto;margin-right: auto;margin-top:3%;margin-bottom:3px;width:100%;\"><\/div><div ><a class=\"fusion-button button-flat fusion-button-default-size button-default fusion-button-default button-2 fusion-button-default-span fusion-button-default-type\" target=\"_self\" href=\"https:\/\/actos.nebrija.es\/113382\/detail\/i-encuentro-energia-y-movilidad-sostenible-madrid-foro-empresarial-universidad-nebrija.html?private=b2e8a96d2de382e27664\"><span class=\"fusion-button-text awb-button__text awb-button__text--default\">Veure programa<\/span><\/a><\/div><div class=\"fusion-separator fusion-full-width-sep\" style=\"align-self: center;margin-left: auto;margin-right: auto;margin-top:3%;margin-bottom:3px;width:100%;\"><\/div><div class=\"fusion-separator fusion-full-width-sep\" style=\"align-self: center;margin-left: auto;margin-right: auto;margin-top:3%;margin-bottom:3px;width:100%;\"><\/div><div class=\"fusion-text fusion-text-3\"><p>Trobada organitzada per Foro Empresarial Madrid i la Universidad Nebrija, i promogut per AEESCAM, COFIS (Colegio Oficial de F\u00edsicos) i Etecnic.<\/p>\n<\/div><div class=\"fusion-separator fusion-full-width-sep\" style=\"align-self: center;margin-left: auto;margin-right: auto;margin-top:3%;margin-bottom:3px;width:100%;\"><\/div><div class=\"fusion-separator fusion-full-width-sep\" style=\"align-self: center;margin-left: auto;margin-right: auto;margin-top:3%;margin-bottom:3px;width:100%;\"><\/div><\/div><\/div><\/div><\/div><div class=\"fusion-fullwidth fullwidth-box fusion-builder-row-2 fusion-flex-container has-pattern-background has-mask-background nonhundred-percent-fullwidth non-hundred-percent-height-scrolling\" style=\"--awb-border-radius-top-left:0px;--awb-border-radius-top-right:0px;--awb-border-radius-bottom-right:0px;--awb-border-radius-bottom-left:0px;--awb-flex-wrap:wrap;\" ><div class=\"fusion-builder-row fusion-row fusion-flex-align-items-flex-start fusion-flex-content-wrap\" style=\"max-width:1331.2px;margin-left: calc(-4% \/ 2 );margin-right: calc(-4% \/ 2 );\"><div class=\"fusion-layout-column fusion_builder_column fusion-builder-column-1 fusion_builder_column_1_5 1_5 fusion-flex-column\" style=\"--awb-bg-size:cover;--awb-width-large:20%;--awb-margin-top-large:0px;--awb-spacing-right-large:9.6%;--awb-margin-bottom-large:0px;--awb-spacing-left-large:9.6%;--awb-width-medium:100%;--awb-order-medium:0;--awb-spacing-right-medium:1.92%;--awb-spacing-left-medium:1.92%;--awb-width-small:100%;--awb-order-small:0;--awb-spacing-right-small:1.92%;--awb-spacing-left-small:1.92%;\"><div class=\"fusion-column-wrapper fusion-column-has-shadow fusion-flex-justify-content-flex-start fusion-content-layout-column\"><div class=\"fusion-image-element\" style=\"--awb-caption-title-font-family:var(--h2_typography-font-family);--awb-caption-title-font-weight:var(--h2_typography-font-weight);--awb-caption-title-font-style:var(--h2_typography-font-style);--awb-caption-title-size:var(--h2_typography-font-size);--awb-caption-title-transform:var(--h2_typography-text-transform);--awb-caption-title-line-height:var(--h2_typography-line-height);--awb-caption-title-letter-spacing:var(--h2_typography-letter-spacing);\"><span class=\" fusion-imageframe imageframe-none imageframe-1 hover-type-none\"><img decoding=\"async\" width=\"1996\" height=\"921\" title=\"logotipo-universidad-nebrija\" src=\"https:\/\/etecnic.es\/wp-content\/uploads\/2024\/03\/logotipo-universidad-nebrija.jpg\" alt class=\"img-responsive wp-image-22759\" srcset=\"https:\/\/etecnic.es\/wp-content\/uploads\/2024\/03\/logotipo-universidad-nebrija-200x92.jpg 200w, https:\/\/etecnic.es\/wp-content\/uploads\/2024\/03\/logotipo-universidad-nebrija-400x185.jpg 400w, https:\/\/etecnic.es\/wp-content\/uploads\/2024\/03\/logotipo-universidad-nebrija-600x277.jpg 600w, https:\/\/etecnic.es\/wp-content\/uploads\/2024\/03\/logotipo-universidad-nebrija-800x369.jpg 800w, https:\/\/etecnic.es\/wp-content\/uploads\/2024\/03\/logotipo-universidad-nebrija-1200x554.jpg 1200w, https:\/\/etecnic.es\/wp-content\/uploads\/2024\/03\/logotipo-universidad-nebrija.jpg 1996w\" sizes=\"(max-width: 1024px) 100vw, (max-width: 640px) 100vw, 400px\" \/><\/span><\/div><\/div><\/div><div class=\"fusion-layout-column fusion_builder_column fusion-builder-column-2 fusion_builder_column_1_5 1_5 fusion-flex-column\" style=\"--awb-bg-size:cover;--awb-width-large:20%;--awb-margin-top-large:0px;--awb-spacing-right-large:9.6%;--awb-margin-bottom-large:0px;--awb-spacing-left-large:9.6%;--awb-width-medium:100%;--awb-order-medium:0;--awb-spacing-right-medium:1.92%;--awb-spacing-left-medium:1.92%;--awb-width-small:100%;--awb-order-small:0;--awb-spacing-right-small:1.92%;--awb-spacing-left-small:1.92%;\"><div class=\"fusion-column-wrapper fusion-column-has-shadow fusion-flex-justify-content-flex-start fusion-content-layout-column\"><div class=\"fusion-image-element\" style=\"--awb-caption-title-font-family:var(--h2_typography-font-family);--awb-caption-title-font-weight:var(--h2_typography-font-weight);--awb-caption-title-font-style:var(--h2_typography-font-style);--awb-caption-title-size:var(--h2_typography-font-size);--awb-caption-title-transform:var(--h2_typography-text-transform);--awb-caption-title-line-height:var(--h2_typography-line-height);--awb-caption-title-letter-spacing:var(--h2_typography-letter-spacing);\"><span class=\" fusion-imageframe imageframe-none imageframe-2 hover-type-none\"><img decoding=\"async\" width=\"1456\" height=\"740\" title=\"logo-madrid-foro-empresarial-web\" src=\"https:\/\/etecnic.es\/wp-content\/uploads\/2024\/03\/logo-madrid-foro-empresarial-web.jpg\" alt class=\"img-responsive wp-image-22762\" srcset=\"https:\/\/etecnic.es\/wp-content\/uploads\/2024\/03\/logo-madrid-foro-empresarial-web-200x102.jpg 200w, https:\/\/etecnic.es\/wp-content\/uploads\/2024\/03\/logo-madrid-foro-empresarial-web-400x203.jpg 400w, https:\/\/etecnic.es\/wp-content\/uploads\/2024\/03\/logo-madrid-foro-empresarial-web-600x305.jpg 600w, https:\/\/etecnic.es\/wp-content\/uploads\/2024\/03\/logo-madrid-foro-empresarial-web-800x407.jpg 800w, https:\/\/etecnic.es\/wp-content\/uploads\/2024\/03\/logo-madrid-foro-empresarial-web-1200x610.jpg 1200w, https:\/\/etecnic.es\/wp-content\/uploads\/2024\/03\/logo-madrid-foro-empresarial-web.jpg 1456w\" sizes=\"(max-width: 1024px) 100vw, (max-width: 640px) 100vw, 400px\" \/><\/span><\/div><\/div><\/div><div class=\"fusion-layout-column fusion_builder_column fusion-builder-column-3 fusion_builder_column_1_5 1_5 fusion-flex-column\" style=\"--awb-bg-size:cover;--awb-width-large:20%;--awb-margin-top-large:0px;--awb-spacing-right-large:9.6%;--awb-margin-bottom-large:0px;--awb-spacing-left-large:9.6%;--awb-width-medium:100%;--awb-order-medium:0;--awb-spacing-right-medium:1.92%;--awb-spacing-left-medium:1.92%;--awb-width-small:100%;--awb-order-small:0;--awb-spacing-right-small:1.92%;--awb-spacing-left-small:1.92%;\"><div class=\"fusion-column-wrapper fusion-column-has-shadow fusion-flex-justify-content-flex-start fusion-content-layout-column\"><div class=\"fusion-image-element\" style=\"--awb-caption-title-font-family:var(--h2_typography-font-family);--awb-caption-title-font-weight:var(--h2_typography-font-weight);--awb-caption-title-font-style:var(--h2_typography-font-style);--awb-caption-title-size:var(--h2_typography-font-size);--awb-caption-title-transform:var(--h2_typography-text-transform);--awb-caption-title-line-height:var(--h2_typography-line-height);--awb-caption-title-letter-spacing:var(--h2_typography-letter-spacing);\"><span class=\" fusion-imageframe imageframe-none imageframe-3 hover-type-none\"><img decoding=\"async\" width=\"192\" height=\"86\" title=\"logo_web_aee\" src=\"https:\/\/etecnic.es\/wp-content\/uploads\/2024\/03\/logo_web_aee.png\" alt class=\"img-responsive wp-image-22840\"\/><\/span><\/div><\/div><\/div><div class=\"fusion-layout-column fusion_builder_column fusion-builder-column-4 fusion_builder_column_1_5 1_5 fusion-flex-column\" style=\"--awb-bg-size:cover;--awb-width-large:20%;--awb-margin-top-large:0px;--awb-spacing-right-large:9.6%;--awb-margin-bottom-large:0px;--awb-spacing-left-large:9.6%;--awb-width-medium:100%;--awb-order-medium:0;--awb-spacing-right-medium:1.92%;--awb-spacing-left-medium:1.92%;--awb-width-small:100%;--awb-order-small:0;--awb-spacing-right-small:1.92%;--awb-spacing-left-small:1.92%;\"><div class=\"fusion-column-wrapper fusion-column-has-shadow fusion-flex-justify-content-flex-start fusion-content-layout-column\"><div class=\"fusion-image-element\" style=\"--awb-caption-title-font-family:var(--h2_typography-font-family);--awb-caption-title-font-weight:var(--h2_typography-font-weight);--awb-caption-title-font-style:var(--h2_typography-font-style);--awb-caption-title-size:var(--h2_typography-font-size);--awb-caption-title-transform:var(--h2_typography-text-transform);--awb-caption-title-line-height:var(--h2_typography-line-height);--awb-caption-title-letter-spacing:var(--h2_typography-letter-spacing);\"><span class=\" fusion-imageframe imageframe-none imageframe-4 hover-type-none\"><img decoding=\"async\" width=\"736\" height=\"331\" title=\"COFIS-logo\" src=\"https:\/\/etecnic.es\/wp-content\/uploads\/2024\/03\/COFIS-logo.png\" alt class=\"img-responsive wp-image-22837\" srcset=\"https:\/\/etecnic.es\/wp-content\/uploads\/2024\/03\/COFIS-logo-200x90.png 200w, https:\/\/etecnic.es\/wp-content\/uploads\/2024\/03\/COFIS-logo-400x180.png 400w, https:\/\/etecnic.es\/wp-content\/uploads\/2024\/03\/COFIS-logo-600x270.png 600w, https:\/\/etecnic.es\/wp-content\/uploads\/2024\/03\/COFIS-logo.png 736w\" sizes=\"(max-width: 1024px) 100vw, (max-width: 640px) 100vw, 400px\" \/><\/span><\/div><\/div><\/div><div class=\"fusion-layout-column fusion_builder_column fusion-builder-column-5 fusion_builder_column_1_5 1_5 fusion-flex-column\" style=\"--awb-bg-size:cover;--awb-width-large:20%;--awb-margin-top-large:0px;--awb-spacing-right-large:9.6%;--awb-margin-bottom-large:0px;--awb-spacing-left-large:9.6%;--awb-width-medium:100%;--awb-order-medium:0;--awb-spacing-right-medium:1.92%;--awb-spacing-left-medium:1.92%;--awb-width-small:100%;--awb-order-small:0;--awb-spacing-right-small:1.92%;--awb-spacing-left-small:1.92%;\"><div class=\"fusion-column-wrapper fusion-column-has-shadow fusion-flex-justify-content-flex-start fusion-content-layout-column\"><div class=\"fusion-image-element\" style=\"--awb-caption-title-font-family:var(--h2_typography-font-family);--awb-caption-title-font-weight:var(--h2_typography-font-weight);--awb-caption-title-font-style:var(--h2_typography-font-style);--awb-caption-title-size:var(--h2_typography-font-size);--awb-caption-title-transform:var(--h2_typography-text-transform);--awb-caption-title-line-height:var(--h2_typography-line-height);--awb-caption-title-letter-spacing:var(--h2_typography-letter-spacing);\"><span class=\" fusion-imageframe imageframe-none imageframe-5 hover-type-none\"><img decoding=\"async\" width=\"1920\" height=\"1267\" title=\"ETECNIC jpg\" src=\"https:\/\/etecnic.es\/wp-content\/uploads\/2024\/03\/ETECNIC-jpg-e1709899521452.jpg\" alt class=\"img-responsive wp-image-22753\"\/><\/span><\/div><\/div><\/div><\/div><\/div><\/p>\n","protected":false},"excerpt":{"rendered":"","protected":false},"author":261,"featured_media":22831,"comment_status":"closed","ping_status":"closed","sticky":false,"template":"","format":"standard","meta":{"footnotes":"","_links_to":"","_links_to_target":""},"categories":[901,22,718],"tags":[332,323,316,333],"class_list":["post-22821","post","type-post","status-publish","format-standard","has-post-thumbnail","hentry","category-vive-etecnic-ca","category-noticies","category-premsa","tag-etecnic-ca","tag-mobilitat-electrica-ca","tag-movilidad-electrica-ca","tag-puntos-de-recarga-ca"],"yoast_head":"<!-- This site is optimized with the Yoast SEO plugin v28.4 - https:\/\/yoast.com\/product\/yoast-seo-wordpress\/ -->\n<title>21 de mar\u00e7, se celebrar\u00e0 la I Trobada Energia i Mobilitat Sostenible en la Universidad Nebrija<\/title>\n<meta name=\"description\" content=\"El pr\u00f2xim 21 de mar\u00e7 tindr\u00e0 lloc la I Trobada Energia i Mobilitat Sostenible, organitzat per Madrid F\u00f2rum Empresarial i la Universidad Nebrija.\" \/>\n<meta name=\"robots\" content=\"index, follow, max-snippet:-1, max-image-preview:large, max-video-preview:-1\" \/>\n<link rel=\"canonical\" href=\"https:\/\/etecnic.es\/ca\/noticies\/21-de-marc-se-celebrara-la-i-trobada-energia-i-mobilitat-sostenible-a-la-universidad-nebrija\/\" \/>\n<meta property=\"og:locale\" content=\"ca_ES\" \/>\n<meta property=\"og:type\" content=\"article\" \/>\n<meta property=\"og:title\" content=\"21 de mar\u00e7, se celebrar\u00e0 la I Trobada Energia i Mobilitat Sostenible en la Universidad Nebrija\" \/>\n<meta property=\"og:description\" content=\"El pr\u00f2xim 21 de mar\u00e7 tindr\u00e0 lloc la I Trobada Energia i Mobilitat Sostenible, organitzat per Madrid F\u00f2rum Empresarial i la Universidad Nebrija.\" \/>\n<meta property=\"og:url\" content=\"https:\/\/etecnic.es\/ca\/noticies\/21-de-marc-se-celebrara-la-i-trobada-energia-i-mobilitat-sostenible-a-la-universidad-nebrija\/\" \/>\n<meta property=\"og:site_name\" content=\"Etecnic - Delivering End-to-end charging solution for electric vehicles\" \/>\n<meta property=\"article:publisher\" content=\"https:\/\/www.facebook.com\/etecnic?fref=ts%2f\" \/>\n<meta property=\"article:published_time\" content=\"2024-03-08T13:15:36+00:00\" \/>\n<meta property=\"article:modified_time\" content=\"2024-03-08T13:21:10+00:00\" \/>\n<meta property=\"og:image\" content=\"https:\/\/etecnic.es\/wp-content\/uploads\/2024\/03\/Caratula-BLOG-etecnic-5.png\" \/>\n\t<meta property=\"og:image:width\" content=\"1110\" \/>\n\t<meta property=\"og:image:height\" content=\"720\" \/>\n\t<meta property=\"og:image:type\" content=\"image\/png\" \/>\n<meta name=\"author\" content=\"Fran Caselles\" \/>\n<meta name=\"twitter:card\" content=\"summary_large_image\" \/>\n<meta name=\"twitter:creator\" content=\"@etecnic\" \/>\n<meta name=\"twitter:site\" content=\"@etecnic\" \/>\n<meta name=\"twitter:label1\" content=\"Escrit per\" \/>\n\t<meta name=\"twitter:data1\" content=\"Fran Caselles\" \/>\n\t<meta name=\"twitter:label2\" content=\"Temps estimat de lectura\" \/>\n\t<meta name=\"twitter:data2\" content=\"13 minutes\" \/>\n<script type=\"application\/ld+json\" class=\"yoast-schema-graph\">{\"@context\":\"https:\\\/\\\/schema.org\",\"@graph\":[{\"@type\":\"Article\",\"@id\":\"https:\\\/\\\/etecnic.es\\\/ca\\\/noticies\\\/21-de-marc-se-celebrara-la-i-trobada-energia-i-mobilitat-sostenible-a-la-universidad-nebrija\\\/#article\",\"isPartOf\":{\"@id\":\"https:\\\/\\\/etecnic.es\\\/ca\\\/noticies\\\/21-de-marc-se-celebrara-la-i-trobada-energia-i-mobilitat-sostenible-a-la-universidad-nebrija\\\/\"},\"author\":{\"name\":\"Fran Caselles\",\"@id\":\"https:\\\/\\\/etecnic.es\\\/#\\\/schema\\\/person\\\/9468062d01c8046cb9eb8a4c446a05fc\"},\"headline\":\"21 de mar\u00e7, se celebrar\u00e0 la I Trobada Energia i Mobilitat Sostenible a la Universidad Nebrija\",\"datePublished\":\"2024-03-08T13:15:36+00:00\",\"dateModified\":\"2024-03-08T13:21:10+00:00\",\"mainEntityOfPage\":{\"@id\":\"https:\\\/\\\/etecnic.es\\\/ca\\\/noticies\\\/21-de-marc-se-celebrara-la-i-trobada-energia-i-mobilitat-sostenible-a-la-universidad-nebrija\\\/\"},\"wordCount\":6633,\"image\":{\"@id\":\"https:\\\/\\\/etecnic.es\\\/ca\\\/noticies\\\/21-de-marc-se-celebrara-la-i-trobada-energia-i-mobilitat-sostenible-a-la-universidad-nebrija\\\/#primaryimage\"},\"thumbnailUrl\":\"https:\\\/\\\/etecnic.es\\\/wp-content\\\/uploads\\\/2024\\\/03\\\/Caratula-BLOG-etecnic-5.png\",\"keywords\":[\"ETECNIC\",\"mobilitat el\u00e8ctrica\",\"Movilidad el\u00e9ctrica\",\"puntos de recarga\"],\"articleSection\":[\"Etecnic\",\"Not\u00edcies\",\"Premsa\"],\"inLanguage\":\"ca\"},{\"@type\":\"WebPage\",\"@id\":\"https:\\\/\\\/etecnic.es\\\/ca\\\/noticies\\\/21-de-marc-se-celebrara-la-i-trobada-energia-i-mobilitat-sostenible-a-la-universidad-nebrija\\\/\",\"url\":\"https:\\\/\\\/etecnic.es\\\/ca\\\/noticies\\\/21-de-marc-se-celebrara-la-i-trobada-energia-i-mobilitat-sostenible-a-la-universidad-nebrija\\\/\",\"name\":\"21 de mar\u00e7, se celebrar\u00e0 la I Trobada Energia i Mobilitat Sostenible en la Universidad Nebrija\",\"isPartOf\":{\"@id\":\"https:\\\/\\\/etecnic.es\\\/#website\"},\"primaryImageOfPage\":{\"@id\":\"https:\\\/\\\/etecnic.es\\\/ca\\\/noticies\\\/21-de-marc-se-celebrara-la-i-trobada-energia-i-mobilitat-sostenible-a-la-universidad-nebrija\\\/#primaryimage\"},\"image\":{\"@id\":\"https:\\\/\\\/etecnic.es\\\/ca\\\/noticies\\\/21-de-marc-se-celebrara-la-i-trobada-energia-i-mobilitat-sostenible-a-la-universidad-nebrija\\\/#primaryimage\"},\"thumbnailUrl\":\"https:\\\/\\\/etecnic.es\\\/wp-content\\\/uploads\\\/2024\\\/03\\\/Caratula-BLOG-etecnic-5.png\",\"datePublished\":\"2024-03-08T13:15:36+00:00\",\"dateModified\":\"2024-03-08T13:21:10+00:00\",\"author\":{\"@id\":\"https:\\\/\\\/etecnic.es\\\/#\\\/schema\\\/person\\\/9468062d01c8046cb9eb8a4c446a05fc\"},\"description\":\"El pr\u00f2xim 21 de mar\u00e7 tindr\u00e0 lloc la I Trobada Energia i Mobilitat Sostenible, organitzat per Madrid F\u00f2rum Empresarial i la Universidad Nebrija.\",\"breadcrumb\":{\"@id\":\"https:\\\/\\\/etecnic.es\\\/ca\\\/noticies\\\/21-de-marc-se-celebrara-la-i-trobada-energia-i-mobilitat-sostenible-a-la-universidad-nebrija\\\/#breadcrumb\"},\"inLanguage\":\"ca\",\"potentialAction\":[{\"@type\":\"ReadAction\",\"target\":[\"https:\\\/\\\/etecnic.es\\\/ca\\\/noticies\\\/21-de-marc-se-celebrara-la-i-trobada-energia-i-mobilitat-sostenible-a-la-universidad-nebrija\\\/\"]}]},{\"@type\":\"ImageObject\",\"inLanguage\":\"ca\",\"@id\":\"https:\\\/\\\/etecnic.es\\\/ca\\\/noticies\\\/21-de-marc-se-celebrara-la-i-trobada-energia-i-mobilitat-sostenible-a-la-universidad-nebrija\\\/#primaryimage\",\"url\":\"https:\\\/\\\/etecnic.es\\\/wp-content\\\/uploads\\\/2024\\\/03\\\/Caratula-BLOG-etecnic-5.png\",\"contentUrl\":\"https:\\\/\\\/etecnic.es\\\/wp-content\\\/uploads\\\/2024\\\/03\\\/Caratula-BLOG-etecnic-5.png\",\"width\":1110,\"height\":720},{\"@type\":\"BreadcrumbList\",\"@id\":\"https:\\\/\\\/etecnic.es\\\/ca\\\/noticies\\\/21-de-marc-se-celebrara-la-i-trobada-energia-i-mobilitat-sostenible-a-la-universidad-nebrija\\\/#breadcrumb\",\"itemListElement\":[{\"@type\":\"ListItem\",\"position\":1,\"name\":\"Portada\",\"item\":\"https:\\\/\\\/etecnic.es\\\/ca\\\/\"},{\"@type\":\"ListItem\",\"position\":2,\"name\":\"21 de mar\u00e7, se celebrar\u00e0 la I Trobada Energia i Mobilitat Sostenible a la Universidad Nebrija\"}]},{\"@type\":\"WebSite\",\"@id\":\"https:\\\/\\\/etecnic.es\\\/#website\",\"url\":\"https:\\\/\\\/etecnic.es\\\/\",\"name\":\"Etecnic - Delivering End-to-end charging solution for electric vehicles\",\"description\":\"EVcharge is the software platform that allows you to manage and operate your smart charging points to scale your business. Comprehensive control software and App solution.\",\"potentialAction\":[{\"@type\":\"SearchAction\",\"target\":{\"@type\":\"EntryPoint\",\"urlTemplate\":\"https:\\\/\\\/etecnic.es\\\/?s={search_term_string}\"},\"query-input\":{\"@type\":\"PropertyValueSpecification\",\"valueRequired\":true,\"valueName\":\"search_term_string\"}}],\"inLanguage\":\"ca\"},{\"@type\":\"Person\",\"@id\":\"https:\\\/\\\/etecnic.es\\\/#\\\/schema\\\/person\\\/9468062d01c8046cb9eb8a4c446a05fc\",\"name\":\"Fran Caselles\",\"image\":{\"@type\":\"ImageObject\",\"inLanguage\":\"ca\",\"@id\":\"https:\\\/\\\/secure.gravatar.com\\\/avatar\\\/e437cd9671286bc6c3c1dd795037181569ad67553469290c6c33733c9069b493?s=96&d=mm&r=g\",\"url\":\"https:\\\/\\\/secure.gravatar.com\\\/avatar\\\/e437cd9671286bc6c3c1dd795037181569ad67553469290c6c33733c9069b493?s=96&d=mm&r=g\",\"contentUrl\":\"https:\\\/\\\/secure.gravatar.com\\\/avatar\\\/e437cd9671286bc6c3c1dd795037181569ad67553469290c6c33733c9069b493?s=96&d=mm&r=g\",\"caption\":\"Fran Caselles\"},\"url\":\"https:\\\/\\\/etecnic.es\\\/ca\\\/author\\\/fran\\\/\"}]}<\/script>\n<!-- \/ Yoast SEO plugin. -->","yoast_head_json":{"title":"21 de mar\u00e7, se celebrar\u00e0 la I Trobada Energia i Mobilitat Sostenible en la Universidad Nebrija","description":"El pr\u00f2xim 21 de mar\u00e7 tindr\u00e0 lloc la I Trobada Energia i Mobilitat Sostenible, organitzat per Madrid F\u00f2rum Empresarial i la Universidad Nebrija.","robots":{"index":"index","follow":"follow","max-snippet":"max-snippet:-1","max-image-preview":"max-image-preview:large","max-video-preview":"max-video-preview:-1"},"canonical":"https:\/\/etecnic.es\/ca\/noticies\/21-de-marc-se-celebrara-la-i-trobada-energia-i-mobilitat-sostenible-a-la-universidad-nebrija\/","og_locale":"ca_ES","og_type":"article","og_title":"21 de mar\u00e7, se celebrar\u00e0 la I Trobada Energia i Mobilitat Sostenible en la Universidad Nebrija","og_description":"El pr\u00f2xim 21 de mar\u00e7 tindr\u00e0 lloc la I Trobada Energia i Mobilitat Sostenible, organitzat per Madrid F\u00f2rum Empresarial i la Universidad Nebrija.","og_url":"https:\/\/etecnic.es\/ca\/noticies\/21-de-marc-se-celebrara-la-i-trobada-energia-i-mobilitat-sostenible-a-la-universidad-nebrija\/","og_site_name":"Etecnic - Delivering End-to-end charging solution for electric vehicles","article_publisher":"https:\/\/www.facebook.com\/etecnic?fref=ts%2f","article_published_time":"2024-03-08T13:15:36+00:00","article_modified_time":"2024-03-08T13:21:10+00:00","og_image":[{"width":1110,"height":720,"url":"https:\/\/etecnic.es\/wp-content\/uploads\/2024\/03\/Caratula-BLOG-etecnic-5.png","type":"image\/png"}],"author":"Fran Caselles","twitter_card":"summary_large_image","twitter_creator":"@etecnic","twitter_site":"@etecnic","twitter_misc":{"Escrit per":"Fran Caselles","Temps estimat de lectura":"13 minutes"},"schema":{"@context":"https:\/\/schema.org","@graph":[{"@type":"Article","@id":"https:\/\/etecnic.es\/ca\/noticies\/21-de-marc-se-celebrara-la-i-trobada-energia-i-mobilitat-sostenible-a-la-universidad-nebrija\/#article","isPartOf":{"@id":"https:\/\/etecnic.es\/ca\/noticies\/21-de-marc-se-celebrara-la-i-trobada-energia-i-mobilitat-sostenible-a-la-universidad-nebrija\/"},"author":{"name":"Fran Caselles","@id":"https:\/\/etecnic.es\/#\/schema\/person\/9468062d01c8046cb9eb8a4c446a05fc"},"headline":"21 de mar\u00e7, se celebrar\u00e0 la I Trobada Energia i Mobilitat Sostenible a la Universidad Nebrija","datePublished":"2024-03-08T13:15:36+00:00","dateModified":"2024-03-08T13:21:10+00:00","mainEntityOfPage":{"@id":"https:\/\/etecnic.es\/ca\/noticies\/21-de-marc-se-celebrara-la-i-trobada-energia-i-mobilitat-sostenible-a-la-universidad-nebrija\/"},"wordCount":6633,"image":{"@id":"https:\/\/etecnic.es\/ca\/noticies\/21-de-marc-se-celebrara-la-i-trobada-energia-i-mobilitat-sostenible-a-la-universidad-nebrija\/#primaryimage"},"thumbnailUrl":"https:\/\/etecnic.es\/wp-content\/uploads\/2024\/03\/Caratula-BLOG-etecnic-5.png","keywords":["ETECNIC","mobilitat el\u00e8ctrica","Movilidad el\u00e9ctrica","puntos de recarga"],"articleSection":["Etecnic","Not\u00edcies","Premsa"],"inLanguage":"ca"},{"@type":"WebPage","@id":"https:\/\/etecnic.es\/ca\/noticies\/21-de-marc-se-celebrara-la-i-trobada-energia-i-mobilitat-sostenible-a-la-universidad-nebrija\/","url":"https:\/\/etecnic.es\/ca\/noticies\/21-de-marc-se-celebrara-la-i-trobada-energia-i-mobilitat-sostenible-a-la-universidad-nebrija\/","name":"21 de mar\u00e7, se celebrar\u00e0 la I Trobada Energia i Mobilitat Sostenible en la Universidad Nebrija","isPartOf":{"@id":"https:\/\/etecnic.es\/#website"},"primaryImageOfPage":{"@id":"https:\/\/etecnic.es\/ca\/noticies\/21-de-marc-se-celebrara-la-i-trobada-energia-i-mobilitat-sostenible-a-la-universidad-nebrija\/#primaryimage"},"image":{"@id":"https:\/\/etecnic.es\/ca\/noticies\/21-de-marc-se-celebrara-la-i-trobada-energia-i-mobilitat-sostenible-a-la-universidad-nebrija\/#primaryimage"},"thumbnailUrl":"https:\/\/etecnic.es\/wp-content\/uploads\/2024\/03\/Caratula-BLOG-etecnic-5.png","datePublished":"2024-03-08T13:15:36+00:00","dateModified":"2024-03-08T13:21:10+00:00","author":{"@id":"https:\/\/etecnic.es\/#\/schema\/person\/9468062d01c8046cb9eb8a4c446a05fc"},"description":"El pr\u00f2xim 21 de mar\u00e7 tindr\u00e0 lloc la I Trobada Energia i Mobilitat Sostenible, organitzat per Madrid F\u00f2rum Empresarial i la Universidad Nebrija.","breadcrumb":{"@id":"https:\/\/etecnic.es\/ca\/noticies\/21-de-marc-se-celebrara-la-i-trobada-energia-i-mobilitat-sostenible-a-la-universidad-nebrija\/#breadcrumb"},"inLanguage":"ca","potentialAction":[{"@type":"ReadAction","target":["https:\/\/etecnic.es\/ca\/noticies\/21-de-marc-se-celebrara-la-i-trobada-energia-i-mobilitat-sostenible-a-la-universidad-nebrija\/"]}]},{"@type":"ImageObject","inLanguage":"ca","@id":"https:\/\/etecnic.es\/ca\/noticies\/21-de-marc-se-celebrara-la-i-trobada-energia-i-mobilitat-sostenible-a-la-universidad-nebrija\/#primaryimage","url":"https:\/\/etecnic.es\/wp-content\/uploads\/2024\/03\/Caratula-BLOG-etecnic-5.png","contentUrl":"https:\/\/etecnic.es\/wp-content\/uploads\/2024\/03\/Caratula-BLOG-etecnic-5.png","width":1110,"height":720},{"@type":"BreadcrumbList","@id":"https:\/\/etecnic.es\/ca\/noticies\/21-de-marc-se-celebrara-la-i-trobada-energia-i-mobilitat-sostenible-a-la-universidad-nebrija\/#breadcrumb","itemListElement":[{"@type":"ListItem","position":1,"name":"Portada","item":"https:\/\/etecnic.es\/ca\/"},{"@type":"ListItem","position":2,"name":"21 de mar\u00e7, se celebrar\u00e0 la I Trobada Energia i Mobilitat Sostenible a la Universidad Nebrija"}]},{"@type":"WebSite","@id":"https:\/\/etecnic.es\/#website","url":"https:\/\/etecnic.es\/","name":"Etecnic - Delivering End-to-end charging solution for electric vehicles","description":"EVcharge is the software platform that allows you to manage and operate your smart charging points to scale your business. Comprehensive control software and App solution.","potentialAction":[{"@type":"SearchAction","target":{"@type":"EntryPoint","urlTemplate":"https:\/\/etecnic.es\/?s={search_term_string}"},"query-input":{"@type":"PropertyValueSpecification","valueRequired":true,"valueName":"search_term_string"}}],"inLanguage":"ca"},{"@type":"Person","@id":"https:\/\/etecnic.es\/#\/schema\/person\/9468062d01c8046cb9eb8a4c446a05fc","name":"Fran Caselles","image":{"@type":"ImageObject","inLanguage":"ca","@id":"https:\/\/secure.gravatar.com\/avatar\/e437cd9671286bc6c3c1dd795037181569ad67553469290c6c33733c9069b493?s=96&d=mm&r=g","url":"https:\/\/secure.gravatar.com\/avatar\/e437cd9671286bc6c3c1dd795037181569ad67553469290c6c33733c9069b493?s=96&d=mm&r=g","contentUrl":"https:\/\/secure.gravatar.com\/avatar\/e437cd9671286bc6c3c1dd795037181569ad67553469290c6c33733c9069b493?s=96&d=mm&r=g","caption":"Fran Caselles"},"url":"https:\/\/etecnic.es\/ca\/author\/fran\/"}]}},"_links":{"self":[{"href":"https:\/\/etecnic.es\/ca\/wp-json\/wp\/v2\/posts\/22821","targetHints":{"allow":["GET"]}}],"collection":[{"href":"https:\/\/etecnic.es\/ca\/wp-json\/wp\/v2\/posts"}],"about":[{"href":"https:\/\/etecnic.es\/ca\/wp-json\/wp\/v2\/types\/post"}],"author":[{"embeddable":true,"href":"https:\/\/etecnic.es\/ca\/wp-json\/wp\/v2\/users\/261"}],"replies":[{"embeddable":true,"href":"https:\/\/etecnic.es\/ca\/wp-json\/wp\/v2\/comments?post=22821"}],"version-history":[{"count":8,"href":"https:\/\/etecnic.es\/ca\/wp-json\/wp\/v2\/posts\/22821\/revisions"}],"predecessor-version":[{"id":22850,"href":"https:\/\/etecnic.es\/ca\/wp-json\/wp\/v2\/posts\/22821\/revisions\/22850"}],"wp:featuredmedia":[{"embeddable":true,"href":"https:\/\/etecnic.es\/ca\/wp-json\/wp\/v2\/media\/22831"}],"wp:attachment":[{"href":"https:\/\/etecnic.es\/ca\/wp-json\/wp\/v2\/media?parent=22821"}],"wp:term":[{"taxonomy":"category","embeddable":true,"href":"https:\/\/etecnic.es\/ca\/wp-json\/wp\/v2\/categories?post=22821"},{"taxonomy":"post_tag","embeddable":true,"href":"https:\/\/etecnic.es\/ca\/wp-json\/wp\/v2\/tags?post=22821"}],"curies":[{"name":"wp","href":"https:\/\/api.w.org\/{rel}","templated":true}]}}