{"id":17832,"date":"2023-03-13T08:37:31","date_gmt":"2023-03-13T08:37:31","guid":{"rendered":"https:\/\/etecnic.es\/?p=17832"},"modified":"2023-03-13T09:47:55","modified_gmt":"2023-03-13T09:47:55","slug":"entrevista-alcalde-corbins-projecte-etecnic-i-dus-5000","status":"publish","type":"post","link":"https:\/\/etecnic.es\/ca\/noticies\/entrevista-alcalde-corbins-projecte-etecnic-i-dus-5000\/","title":{"rendered":"Entrevista a l&#8217;alcalde de Corbins sobre el projecte d&#8217;Etecnic i el DUS 5000"},"content":{"rendered":"<p><div class=\"fusion-fullwidth fullwidth-box fusion-builder-row-1 fusion-flex-container nonhundred-percent-fullwidth non-hundred-percent-height-scrolling\" style=\"--awb-border-radius-top-left:0px;--awb-border-radius-top-right:0px;--awb-border-radius-bottom-right:0px;--awb-border-radius-bottom-left:0px;--awb-flex-wrap:wrap;\" ><div class=\"fusion-builder-row fusion-row fusion-flex-align-items-flex-start fusion-flex-content-wrap\" style=\"max-width:1331.2px;margin-left: calc(-4% \/ 2 );margin-right: calc(-4% \/ 2 );\"><div class=\"fusion-layout-column fusion_builder_column fusion-builder-column-0 fusion_builder_column_1_1 1_1 fusion-flex-column\" style=\"--awb-bg-size:cover;--awb-width-large:100%;--awb-margin-top-large:0px;--awb-spacing-right-large:1.92%;--awb-margin-bottom-large:0px;--awb-spacing-left-large:1.92%;--awb-width-medium:100%;--awb-order-medium:0;--awb-spacing-right-medium:1.92%;--awb-spacing-left-medium:1.92%;--awb-width-small:100%;--awb-order-small:0;--awb-spacing-right-small:1.92%;--awb-spacing-left-small:1.92%;\"><div class=\"fusion-column-wrapper fusion-column-has-shadow fusion-flex-justify-content-flex-start fusion-content-layout-column\"><div class=\"fusion-image-element\" style=\"text-align:center;--awb-caption-title-font-family:var(--h2_typography-font-family);--awb-caption-title-font-weight:var(--h2_typography-font-weight);--awb-caption-title-font-style:var(--h2_typography-font-style);--awb-caption-title-size:var(--h2_typography-font-size);--awb-caption-title-transform:var(--h2_typography-text-transform);--awb-caption-title-line-height:var(--h2_typography-line-height);--awb-caption-title-letter-spacing:var(--h2_typography-letter-spacing);\"><span class=\" fusion-imageframe imageframe-none imageframe-1 hover-type-none\"><img decoding=\"async\" width=\"1500\" height=\"500\" title=\"banners newsletter (4)\" src=\"https:\/\/etecnic.es\/wp-content\/uploads\/2023\/03\/banners-newsletter-4.png\" alt class=\"img-responsive wp-image-17841\" srcset=\"https:\/\/etecnic.es\/wp-content\/uploads\/2023\/03\/banners-newsletter-4-200x67.png 200w, https:\/\/etecnic.es\/wp-content\/uploads\/2023\/03\/banners-newsletter-4-400x133.png 400w, https:\/\/etecnic.es\/wp-content\/uploads\/2023\/03\/banners-newsletter-4-600x200.png 600w, https:\/\/etecnic.es\/wp-content\/uploads\/2023\/03\/banners-newsletter-4-800x267.png 800w, https:\/\/etecnic.es\/wp-content\/uploads\/2023\/03\/banners-newsletter-4-1200x400.png 1200w, https:\/\/etecnic.es\/wp-content\/uploads\/2023\/03\/banners-newsletter-4.png 1500w\" sizes=\"(max-width: 1024px) 100vw, (max-width: 640px) 100vw, 1500px\" \/><\/span><\/div><div class=\"fusion-title title fusion-title-1 fusion-sep-none fusion-title-center fusion-title-text fusion-title-size-three\" style=\"--awb-margin-top-small:0px;--awb-margin-right-small:0px;--awb-margin-bottom-small:20px;--awb-margin-left-small:0px;\"><h3 class=\"fusion-title-heading title-heading-center fusion-responsive-typography-calculated\" style=\"margin:0;--fontSize:26;line-height:1.1;\"><h1><span style=\"color: #000000;\">Entrevista a Jordi Verd\u00fa, alcalde de Corbins, qui ens parlar\u00e0 sobre el projecte de l&#8217;empresa Etecnic en col\u00b7laboraci\u00f3 amb l&#8217;<a href=\"http:\/\/www.corbins.cat\/\">ajuntament<\/a>, el qual ha rebut la subvenci\u00f3 del programa DUS 5000. <\/span><\/h1><\/h3><\/div><div class=\"fusion-title title fusion-title-2 fusion-sep-none fusion-title-text fusion-title-size-five\" style=\"--awb-margin-top-small:0px;--awb-margin-right-small:0px;--awb-margin-bottom-small:20px;--awb-margin-left-small:0px;\"><h5 class=\"fusion-title-heading title-heading-left fusion-responsive-typography-calculated\" style=\"margin:0;--fontSize:18;--minFontSize:18;line-height:1.1;\"><h4><span style=\"color: #000000;\">Descobrim junts els detalls d&#8217;aquest projecte i el seu impacte en la localitat. Per\u00f2 abans, necessitem context<\/span><span style=\"color: #000000;\">&#8230; qu\u00e8 \u00e9s el DUS 5000? <\/span><span style=\"color: #000000;\">Pots saber m\u00e9s fent <a href=\"https:\/\/etecnic.es\/noticias\/corbins-ahorro-energetico-dus-5000\/\">click <\/a><\/span><span style=\"color: #000000;\">aqu\u00ed!<\/span><\/h4><\/h5><\/div><div class=\"fusion-separator fusion-full-width-sep\" style=\"align-self: center;margin-left: auto;margin-right: auto;margin-top:3%;margin-bottom:3px;width:100%;\"><\/div><div class=\"fusion-separator fusion-full-width-sep\" style=\"align-self: center;margin-left: auto;margin-right: auto;margin-top:3%;margin-bottom:3px;width:100%;\"><\/div><div class=\"fusion-title title fusion-title-3 fusion-sep-none fusion-title-text fusion-title-size-five\" style=\"--awb-margin-top-small:0px;--awb-margin-right-small:0px;--awb-margin-bottom-small:20px;--awb-margin-left-small:0px;\"><h5 class=\"fusion-title-heading title-heading-left fusion-responsive-typography-calculated\" style=\"margin:0;--fontSize:18;--minFontSize:18;line-height:1.1;\"><span style=\"color: #333399;\"><strong>D\u2019on surt la necessitat de presentar un projecte al DUS 5000?<\/strong><\/span><\/h5><\/div><div class=\"fusion-text fusion-text-1\"><p><span style=\"color: #000000;\">Les nostres mesures s\u00f3n molt realistes i cobreixen una necessitat real del dia a dia. Ens hem centrat en el nucli m\u00e9s actiu del poble: l\u2019Ajuntament i l\u2019Escola, dos edificis adjacents l\u2019un amb l\u2019altre. A l\u2019edifici de l\u2019Ajuntament tamb\u00e9 hi tenim la llar d\u2019infants, el consultori m\u00e8dic, el casal d&#8217;avis obert tot el dia, una sala polivalent on es fa molta activitat, reunions, confer\u00e8ncies, formacions\u2026 I a l\u2019Escola rural hi tenim m\u00e9s de 100 alumnes.<\/span><\/p>\n<p><span style=\"color: #000000;\">Ambd\u00f3s s\u00f3n edificis molt antics i s\u2019hi han anat fent ampliacions, per\u00f2 necessiten manteniment i adaptaci\u00f3 a les condicions i temperatures actuals. D\u2019aqu\u00ed neix la necessitat de fer un tancament clim\u00e0tic dels edificis i que puguin produir energia amb plaques solars.<\/span><\/p>\n<p><span style=\"color: #000000;\">Totes aquestes activitats s\u00f3n les que fan moure al poble, sense un bon motor social, associatiu, l\u00fadic i organitzatiu, l\u2019ajuntament no ho podria fer tot. Si fem aquesta rehabilitaci\u00f3 dels espais, podran sorgir altres din\u00e0miques i tindrem m\u00e9s agilitat a l\u2019hora de donar servei quan alguna entitat ens demana un espai.<\/span><\/p>\n<\/div><div class=\"fusion-separator fusion-full-width-sep\" style=\"align-self: center;margin-left: auto;margin-right: auto;margin-top:3%;margin-bottom:3px;width:100%;\"><\/div><div class=\"fusion-separator fusion-full-width-sep\" style=\"align-self: center;margin-left: auto;margin-right: auto;margin-top:3%;margin-bottom:3px;width:100%;\"><\/div><div class=\"fusion-title title fusion-title-4 fusion-sep-none fusion-title-text fusion-title-size-five\" style=\"--awb-margin-top-small:0px;--awb-margin-right-small:0px;--awb-margin-bottom-small:20px;--awb-margin-left-small:0px;\"><h5 class=\"fusion-title-heading title-heading-left fusion-responsive-typography-calculated\" style=\"margin:0;--fontSize:18;--minFontSize:18;line-height:1.1;\"><span style=\"color: #333399;\"><strong>Com vau viure el proc\u00e9s de presentar-vos a un concurs d\u2019aquestes magnituds?<\/strong><\/span><\/h5><\/div><div class=\"fusion-text fusion-text-2\"><p><span style=\"color: #000000;\">L\u2019ajut DUS 5000 \u00e9s sens dubte l\u2019ajut europeu m\u00e9s gran que hem tingut mai. Sab\u00edem que era per ordre d\u2019entrada i aix\u00f2 ho vam fer molt b\u00e9, juntament amb ETECNIC ens vam presentar el primer dia que es podia enviar la sol\u00b7licitud per rebre subvenci\u00f3.<\/span><\/p>\n<p><span style=\"color: #000000;\">El fet de no sortir a la llista dels que no havien aconseguit l\u2019ajuda va comportar un temps d\u2019incertesa. Quan ens van demanar al\u00b7legacions vam pensar que ja pintava b\u00e9 perqu\u00e8 volia dir que s\u2019ho havien mirat i revisat i que tenien m\u00e9s q\u00fcestions.<\/span><\/p>\n<p><span style=\"color: #000000;\">Uns dies despr\u00e9s va sortir l\u2019acceptaci\u00f3 i va ser tota una sort trobar-nos dins de la llista. Ajudes com aquesta del DUS 5000 i la del PIREP (que tamb\u00e9 han obtingut molt pocs ajuntaments d\u2019arreu de Catalunya i de Lleida contats amb una m\u00e0) ens guardonen amb una suma de m\u00e9s de 800.000 euros de subvenci\u00f3. I aix\u00f2 per un poble com Corbins de 1.400 habitants ens fa m\u00e9s afortunats m\u00e9s que mai.<\/span><\/p>\n<\/div><div class=\"fusion-separator fusion-full-width-sep\" style=\"align-self: center;margin-left: auto;margin-right: auto;margin-top:3%;margin-bottom:3px;width:100%;\"><\/div><div class=\"fusion-separator fusion-full-width-sep\" style=\"align-self: center;margin-left: auto;margin-right: auto;margin-top:3%;margin-bottom:3px;width:100%;\"><\/div><div class=\"fusion-image-element\" style=\"text-align:center;--awb-caption-title-font-family:var(--h2_typography-font-family);--awb-caption-title-font-weight:var(--h2_typography-font-weight);--awb-caption-title-font-style:var(--h2_typography-font-style);--awb-caption-title-size:var(--h2_typography-font-size);--awb-caption-title-transform:var(--h2_typography-text-transform);--awb-caption-title-line-height:var(--h2_typography-line-height);--awb-caption-title-letter-spacing:var(--h2_typography-letter-spacing);\"><span class=\" fusion-imageframe imageframe-none imageframe-2 hover-type-none\"><img decoding=\"async\" width=\"750\" height=\"563\" title=\"image2\" src=\"https:\/\/etecnic.es\/wp-content\/uploads\/2023\/03\/image2.jpeg\" alt class=\"img-responsive wp-image-17837\" srcset=\"https:\/\/etecnic.es\/wp-content\/uploads\/2023\/03\/image2-200x150.jpeg 200w, https:\/\/etecnic.es\/wp-content\/uploads\/2023\/03\/image2-400x300.jpeg 400w, https:\/\/etecnic.es\/wp-content\/uploads\/2023\/03\/image2-600x450.jpeg 600w, https:\/\/etecnic.es\/wp-content\/uploads\/2023\/03\/image2.jpeg 750w\" sizes=\"(max-width: 1024px) 100vw, (max-width: 640px) 100vw, 750px\" \/><\/span><\/div><div class=\"fusion-separator fusion-full-width-sep\" style=\"align-self: center;margin-left: auto;margin-right: auto;margin-top:3%;margin-bottom:3px;width:100%;\"><\/div><div class=\"fusion-separator fusion-full-width-sep\" style=\"align-self: center;margin-left: auto;margin-right: auto;margin-top:3%;margin-bottom:3px;width:100%;\"><\/div><div class=\"fusion-title title fusion-title-5 fusion-sep-none fusion-title-text fusion-title-size-five\" style=\"--awb-margin-top-small:0px;--awb-margin-right-small:0px;--awb-margin-bottom-small:20px;--awb-margin-left-small:0px;\"><h5 class=\"fusion-title-heading title-heading-left fusion-responsive-typography-calculated\" style=\"margin:0;--fontSize:18;--minFontSize:18;line-height:1.1;\"><span style=\"color: #333399;\"><strong>Com encares el futur d\u2019aquest projecte? Quina viabilitat t\u00e9?<\/strong><\/span><\/h5><\/div><div class=\"fusion-text fusion-text-3\"><p><span style=\"color: #000000;\">Ara mateix preparem documentaci\u00f3, a l\u2019haver rebut aquest ajut s\u00f3n moltes les empreses que s\u2019ofereixen a fer el servei, per\u00f2 tot aix\u00f2 es tramitar\u00e0 per licitaci\u00f3 p\u00fablica com a perfil de contractant. Volem fer les coses correctes, detallades i al mil\u00b7l\u00edmetre del que es va proposar per no perdre el dret a la subvenci\u00f3.<\/span><\/p>\n<p><span style=\"color: #000000;\">Hem de cenyir-nos al projecte, treballant amb arquitectes, t\u00e8cnics i ETECNIC per preparar tots els tempos perqu\u00e8 entre l\u2019any que ve 2024 i el vinent es pugui dur a terme tota l\u2019obra.<\/span><\/p>\n<\/div><div class=\"fusion-separator fusion-full-width-sep\" style=\"align-self: center;margin-left: auto;margin-right: auto;margin-top:3%;margin-bottom:3px;width:100%;\"><\/div><div class=\"fusion-separator fusion-full-width-sep\" style=\"align-self: center;margin-left: auto;margin-right: auto;margin-top:3%;margin-bottom:3px;width:100%;\"><\/div><div class=\"fusion-title title fusion-title-6 fusion-sep-none fusion-title-text fusion-title-size-five\" style=\"--awb-margin-top-small:0px;--awb-margin-right-small:0px;--awb-margin-bottom-small:20px;--awb-margin-left-small:0px;\"><h5 class=\"fusion-title-heading title-heading-left fusion-responsive-typography-calculated\" style=\"margin:0;--fontSize:18;--minFontSize:18;line-height:1.1;\"><span style=\"color: #333399;\"><strong>Com creus que aquest projecte pot dinamitzar al poble?<\/strong><\/span><\/h5><\/div><div class=\"fusion-text fusion-text-4\"><p><span style=\"color: #000000;\">El DUS 5000 \u00e9s b\u00e0sic per a l\u2019estalvi energ\u00e8tic i de facturaci\u00f3, les factures de llum i gas de l\u2019ajuntament i l\u2019escola s\u00f3n molt elevades i continuem patint pujades que exploten el nostre pressupost, especialment a causa dels tancaments antics dels edificis.<\/span><\/p>\n<p><span style=\"color: #000000;\">Igual que molts habitatges particulars del poble de Corbins estan posant plaques solars per consum propi i l\u2019ajuntament li dona facilitats, no t\u00e9 cap sentit que el nostre propi edifici continu\u00ef gastant tants i tants diners en electricitat i gas.<\/span><\/p>\n<p><span style=\"color: #000000;\">Els espais han d\u2019estar adequats a la situaci\u00f3 actual, tant a escala energ\u00e8tica com d\u2019estalvi. <strong>El futur \u00e9s l\u2019autoconsum<\/strong>. En aquesta l\u00ednia podem obrir una mica la ment de cara a les comunitats energ\u00e8tiques, energia compartida\u2026 cosa que fan cada vegada m\u00e9s municipis i que ens obre m\u00e9s portes a autogestionar-nos a energ\u00e8ticament<\/span><\/p>\n<p><span style=\"color: #000000;\">\u00c9s una molt bona not\u00edcia per un poble rural com nosaltres poder fer aquestes obres tan importants. Sense aquesta subvenci\u00f3, modificacions d\u2019edificis aix\u00ed mai es realitzarien i s\u2019anirien deteriorant, sempre sorgeixen urg\u00e8ncies i necessitats de manteniment i mai tens aquest marge de maniobra que et regala una subvenci\u00f3 aix\u00ed.<\/span><\/p>\n<\/div><div class=\"fusion-separator fusion-full-width-sep\" style=\"align-self: center;margin-left: auto;margin-right: auto;margin-top:3%;margin-bottom:3px;width:100%;\"><\/div><div class=\"fusion-separator fusion-full-width-sep\" style=\"align-self: center;margin-left: auto;margin-right: auto;margin-top:3%;margin-bottom:3px;width:100%;\"><\/div><div class=\"fusion-title title fusion-title-7 fusion-sep-none fusion-title-text fusion-title-size-five\" style=\"--awb-margin-top-small:0px;--awb-margin-right-small:0px;--awb-margin-bottom-small:20px;--awb-margin-left-small:0px;\"><h5 class=\"fusion-title-heading title-heading-left fusion-responsive-typography-calculated\" style=\"margin:0;--fontSize:18;--minFontSize:18;line-height:1.1;\"><span style=\"color: #333399;\"><strong>L&#8217;espai de millora per futur projectes<\/strong><\/span><\/h5><\/div><div class=\"fusion-text fusion-text-5\"><p><span style=\"color: #000000;\">Tots els ajuntaments que han sol\u00b7licitat l\u2019ajut han fet una despesa d\u2019inici ja sigui amb certificats energ\u00e8tics dels edificis que demanaven com a indispensable per sol\u00b7licitar l\u2019ajut, o contractant a Enginyeries que els hi desenvolupessin el projecte\u2026 i totes aquestes despeses ara queden enlaire.<\/span><\/p>\n<p><span style=\"color: #000000;\">Despr\u00e9s rebem queixes que diuen que els municipis no estem a l\u2019avantguarda pel que fa a la transici\u00f3 energ\u00e8tica, modernitzaci\u00f3 i estalvi energ\u00e8tic que toca fer. Per aix\u00f2 s\u2019ha fet una reivindicaci\u00f3 rellevant perqu\u00e8 augmentin la partida pressupost\u00e0ria de les ajudes.<\/span><\/p>\n<\/div><div class=\"fusion-separator fusion-full-width-sep\" style=\"align-self: center;margin-left: auto;margin-right: auto;margin-top:3%;margin-bottom:3px;width:100%;\"><\/div><div class=\"fusion-separator fusion-full-width-sep\" style=\"align-self: center;margin-left: auto;margin-right: auto;margin-top:3%;margin-bottom:3px;width:100%;\"><\/div><div class=\"fusion-title title fusion-title-8 fusion-sep-none fusion-title-text fusion-title-size-five\" style=\"--awb-margin-top-small:0px;--awb-margin-right-small:0px;--awb-margin-bottom-small:20px;--awb-margin-left-small:0px;\"><h5 class=\"fusion-title-heading title-heading-left fusion-responsive-typography-calculated\" style=\"margin:0;--fontSize:18;--minFontSize:18;line-height:1.1;\"><span style=\"color: #333399;\"><strong>Per qu\u00e8 Etecnic? <\/strong><\/span><\/h5><\/div><div class=\"fusion-text fusion-text-6\"><p><span style=\"color: #000000;\">Aquestes obres tan potents s\u00f3n impossibles de tirar endavant amb fons propis sense un ajut com el DUS 5000. Som menys de 20 treballadors i no tenim prou personal ni equip t\u00e8cnic per gestionar-ho tot. Per aix\u00f2 necessit\u00e0vem suport extern per tirar endavant el projecte. I vam con\u00e8ixer a <strong>Etecnic <\/strong>entre altres empreses que se\u2019ns van oferir per fer aquest tipus de servei.<\/span><\/p>\n<p><span style=\"color: #000000;\">L\u2019objectiu era rebre la millor puntuaci\u00f3 per ser un dels receptors d\u2019aquesta ajuda, calia con\u00e8ixer a fons el nostre municipi per poder encaixar una bona proposta de projecte i aconseguir la subvenci\u00f3. I Etecnic va superar amb nivell aquest repte. Estem contents perqu\u00e8 si no fos per vosaltres, no ho hagu\u00e9ssim assolit.<\/span><\/p>\n<p><span style=\"color: #000000;\">Quan un altre ajuntament ens pregunta com hem fet per ser dels pocs en rebre l\u2019ajut, nosaltres sempre hem fet bandera d\u2019haver pogut treballar amb Etecnic, els resultats ens fan estar molt contents. I fins avui que fem seguiment del projecte, ajustos municipals, modificacions que ens demanen des de l\u2019ajuda\u2026 tot junts.<\/span><\/p>\n<\/div><div class=\"fusion-separator fusion-full-width-sep\" style=\"align-self: center;margin-left: auto;margin-right: auto;margin-top:3%;margin-bottom:3px;width:100%;\"><\/div><div class=\"fusion-separator fusion-full-width-sep\" style=\"align-self: center;margin-left: auto;margin-right: auto;margin-top:3%;margin-bottom:3px;width:100%;\"><\/div><div class=\"fusion-title title fusion-title-9 fusion-sep-none fusion-title-text fusion-title-size-five\" style=\"--awb-margin-top-small:0px;--awb-margin-right-small:0px;--awb-margin-bottom-small:20px;--awb-margin-left-small:0px;\"><h5 class=\"fusion-title-heading title-heading-left fusion-responsive-typography-calculated\" style=\"margin:0;--fontSize:18;--minFontSize:18;line-height:1.1;\"><span style=\"color: #333399;\"><strong>Qu\u00e8 pot fer <a href=\"https:\/\/etecnic.es\/\">ETECNIC<\/a> per la teva empresa?<\/strong><\/span><\/h5><\/div><div class=\"fusion-text fusion-text-7\"><p><span style=\"color: #000000;\">Estem conven\u00e7uts del gran repte energ\u00e8tic que suposar\u00e0 l\u2019adopci\u00f3 massiva del vehicle el\u00e8ctric. Com a empresa tecnol\u00f2gica especialitzada en mobilitat el\u00e8ctrica, infraestructura de rec\u00e0rrega i gesti\u00f3 energ\u00e8tica, apostem per un futur on l&#8217;energia es gestionar\u00e0 com avui es gestionen les dades.<\/span><\/p>\n<p><span style=\"color: #000000;\">A Etecnic centrem els nostres esfor\u00e7os en la innovaci\u00f3 i digitalitzaci\u00f3 de solucions operatives i energ\u00e8tiques al voltant de la mobilitat sostenible. Si tens un projecte en curs que necessiti complementar-se amb un <em>partner<\/em> amb experi\u00e8ncia en noves tecnologies de rec\u00e0rrega, fotovoltaica, bateries o V2G,&#8230;<\/span><\/p>\n<\/div><div class=\"fusion-separator fusion-full-width-sep\" style=\"align-self: center;margin-left: auto;margin-right: auto;margin-top:3%;margin-bottom:3px;width:100%;\"><\/div><div class=\"fusion-title title fusion-title-10 fusion-sep-none fusion-title-center fusion-title-text fusion-title-size-five\" style=\"--awb-margin-top-small:0px;--awb-margin-right-small:0px;--awb-margin-bottom-small:20px;--awb-margin-left-small:0px;\"><h5 class=\"fusion-title-heading title-heading-center fusion-responsive-typography-calculated\" style=\"margin:0;--fontSize:18;--minFontSize:18;line-height:1.1;\"><strong>Contacta amb nosaltres!<\/strong><\/h5><\/div><div class=\"fusion-separator fusion-full-width-sep\" style=\"align-self: center;margin-left: auto;margin-right: auto;margin-top:3%;margin-bottom:3px;width:100%;\"><\/div><\/div><\/div><\/div><\/div><div class=\"fusion-fullwidth fullwidth-box fusion-builder-row-2 fusion-flex-container has-pattern-background has-mask-background nonhundred-percent-fullwidth non-hundred-percent-height-scrolling\" style=\"--awb-border-radius-top-left:0px;--awb-border-radius-top-right:0px;--awb-border-radius-bottom-right:0px;--awb-border-radius-bottom-left:0px;--awb-flex-wrap:wrap;\" ><div class=\"fusion-builder-row fusion-row fusion-flex-align-items-flex-start fusion-flex-content-wrap\" style=\"max-width:1331.2px;margin-left: calc(-4% \/ 2 );margin-right: calc(-4% \/ 2 );\"><div class=\"fusion-layout-column fusion_builder_column fusion-builder-column-1 fusion_builder_column_1_1 1_1 fusion-flex-column\" style=\"--awb-bg-size:cover;--awb-width-large:100%;--awb-margin-top-large:0px;--awb-spacing-right-large:1.92%;--awb-margin-bottom-large:0px;--awb-spacing-left-large:1.92%;--awb-width-medium:100%;--awb-order-medium:0;--awb-spacing-right-medium:1.92%;--awb-spacing-left-medium:1.92%;--awb-width-small:100%;--awb-order-small:0;--awb-spacing-right-small:1.92%;--awb-spacing-left-small:1.92%;\"><div class=\"fusion-column-wrapper fusion-column-has-shadow fusion-flex-justify-content-flex-start fusion-content-layout-column\"><div class=\"fusion-separator fusion-full-width-sep\" style=\"align-self: center;margin-left: auto;margin-right: auto;margin-top:3%;margin-bottom:3px;width:100%;\"><\/div><div id=\"zf_div_HCjqJFhmE214Ddkqh2SBg90jjdnvEFCoDCZbgpMXtV8\"><\/div><script type=\"text\/javascript\">(function() {\ntry{\nvar f = document.createElement(\"iframe\");   \nf.src = 'https:\/\/forms.zohopublic.com\/marketing351\/form\/ETECNICMOVES\/formperma\/HCjqJFhmE214Ddkqh2SBg90jjdnvEFCoDCZbgpMXtV8?zf_rszfm=1';\nf.style.border=\"none\";                                           \nf.style.height=\"700px\";\nf.style.width=\"100%\";\nf.style.transition=\"all 0.5s ease\";\/\/ No I18N\nvar d = document.getElementById(\"zf_div_HCjqJFhmE214Ddkqh2SBg90jjdnvEFCoDCZbgpMXtV8\");\nd.appendChild(f);\nwindow.addEventListener('message', function (){\nvar zf_ifrm_data = event.data.split(\"|\");\nvar zf_perma = zf_ifrm_data[0];\nvar zf_ifrm_ht_nw = ( parseInt(zf_ifrm_data[1], 10) + 15 ) + \"px\";\nvar iframe = document.getElementById(\"zf_div_HCjqJFhmE214Ddkqh2SBg90jjdnvEFCoDCZbgpMXtV8\").getElementsByTagName(\"iframe\")[0];\nif ( (iframe.src).indexOf('formperma') > 0 && (iframe.src).indexOf(zf_perma) > 0 ) {\nvar prevIframeHeight = iframe.style.height;\nif ( prevIframeHeight != zf_ifrm_ht_nw ) {\niframe.style.height = zf_ifrm_ht_nw;\n}   \n}\n}, false);\n}catch(e){}\n})();<\/script><\/div><\/div><\/div><\/div><\/p>\n","protected":false},"excerpt":{"rendered":"","protected":false},"author":4,"featured_media":18222,"comment_status":"closed","ping_status":"closed","sticky":false,"template":"","format":"standard","meta":{"footnotes":"","_links_to":"","_links_to_target":""},"categories":[898,730,694,900,901,687,729,902,698,903,22,537,469,828,713,904],"tags":[],"class_list":["post-17832","post","type-post","status-publish","format-standard","has-post-thumbnail","hentry","category-ayudas-subvenciones-ca","category-carregadors","category-energies-renovables","category-energia-renovable-ca","category-vive-etecnic-ca","category-viu-etecnic","category-installacions","category-instalaciones-ca","category-mobilitat-eletrica","category-movilidad-electrica-ca","category-noticies","category-punts-recarrega","category-sector-ca","category-sector-ca-2","category-vehicles-electrics","category-vehiculos-electricos-ca"],"yoast_head":"<!-- This site is optimized with the Yoast SEO plugin v28.4 - https:\/\/yoast.com\/product\/yoast-seo-wordpress\/ -->\n<title>Entrevista a l&#039;alcalde de Corbins sobre el projecte DUS 5000<\/title>\n<meta name=\"description\" content=\"Parlem amb Jordi Verd\u00fa, alcalde de Corbins per con\u00e8ixer la seva experi\u00e8ncia treballant amb Etecnic i el DUS 5000\" \/>\n<meta name=\"robots\" content=\"index, follow, max-snippet:-1, max-image-preview:large, max-video-preview:-1\" \/>\n<link rel=\"canonical\" href=\"https:\/\/etecnic.es\/ca\/noticies\/entrevista-alcalde-corbins-projecte-etecnic-i-dus-5000\/\" \/>\n<meta property=\"og:locale\" content=\"ca_ES\" \/>\n<meta property=\"og:type\" content=\"article\" \/>\n<meta property=\"og:title\" content=\"Entrevista a l&#039;alcalde de Corbins sobre el projecte DUS 5000\" \/>\n<meta property=\"og:description\" content=\"Parlem amb Jordi Verd\u00fa, alcalde de Corbins per con\u00e8ixer la seva experi\u00e8ncia treballant amb Etecnic i el DUS 5000\" \/>\n<meta property=\"og:url\" content=\"https:\/\/etecnic.es\/ca\/noticies\/entrevista-alcalde-corbins-projecte-etecnic-i-dus-5000\/\" \/>\n<meta property=\"og:site_name\" content=\"Etecnic - Delivering End-to-end charging solution for electric vehicles\" \/>\n<meta property=\"article:publisher\" content=\"https:\/\/www.facebook.com\/etecnic?fref=ts%2f\" \/>\n<meta property=\"article:published_time\" content=\"2023-03-13T08:37:31+00:00\" \/>\n<meta property=\"article:modified_time\" content=\"2023-03-13T09:47:55+00:00\" \/>\n<meta property=\"og:image\" content=\"https:\/\/etecnic.es\/wp-content\/uploads\/2023\/03\/imatge-per-dins-de-BLOG-2-1.png\" \/>\n\t<meta property=\"og:image:width\" content=\"2809\" \/>\n\t<meta property=\"og:image:height\" content=\"1220\" \/>\n\t<meta property=\"og:image:type\" content=\"image\/png\" \/>\n<meta name=\"author\" content=\"adminetecnic\" \/>\n<meta name=\"twitter:card\" content=\"summary_large_image\" \/>\n<meta name=\"twitter:creator\" content=\"@etecnic\" \/>\n<meta name=\"twitter:site\" content=\"@etecnic\" \/>\n<meta name=\"twitter:label1\" content=\"Escrit per\" \/>\n\t<meta name=\"twitter:data1\" content=\"adminetecnic\" \/>\n\t<meta name=\"twitter:label2\" content=\"Temps estimat de lectura\" \/>\n\t<meta name=\"twitter:data2\" content=\"15 minutes\" \/>\n<script type=\"application\/ld+json\" class=\"yoast-schema-graph\">{\"@context\":\"https:\\\/\\\/schema.org\",\"@graph\":[{\"@type\":\"Article\",\"@id\":\"https:\\\/\\\/etecnic.es\\\/ca\\\/noticies\\\/entrevista-alcalde-corbins-projecte-etecnic-i-dus-5000\\\/#article\",\"isPartOf\":{\"@id\":\"https:\\\/\\\/etecnic.es\\\/ca\\\/noticies\\\/entrevista-alcalde-corbins-projecte-etecnic-i-dus-5000\\\/\"},\"author\":{\"name\":\"adminetecnic\",\"@id\":\"https:\\\/\\\/etecnic.es\\\/#\\\/schema\\\/person\\\/f9d89d791b5f70d806250a61e52bb741\"},\"headline\":\"Entrevista a l&#8217;alcalde de Corbins sobre el projecte d&#8217;Etecnic i el DUS 5000\",\"datePublished\":\"2023-03-13T08:37:31+00:00\",\"dateModified\":\"2023-03-13T09:47:55+00:00\",\"mainEntityOfPage\":{\"@id\":\"https:\\\/\\\/etecnic.es\\\/ca\\\/noticies\\\/entrevista-alcalde-corbins-projecte-etecnic-i-dus-5000\\\/\"},\"wordCount\":6447,\"image\":{\"@id\":\"https:\\\/\\\/etecnic.es\\\/ca\\\/noticies\\\/entrevista-alcalde-corbins-projecte-etecnic-i-dus-5000\\\/#primaryimage\"},\"thumbnailUrl\":\"https:\\\/\\\/etecnic.es\\\/wp-content\\\/uploads\\\/2023\\\/03\\\/4.png\",\"articleSection\":[\"Ayudas y subvenciones\",\"Carregadors\",\"Energia renovable\",\"Energ\u00eda renovable\",\"Etecnic\",\"Etecnic\",\"Instal\u00b7lacions\",\"Instalaciones\",\"Mobilitat el\u00e8ctrica\",\"Movilidad el\u00e9ctrica\",\"Not\u00edcies\",\"Punts de rec\u00e0rrega\",\"Sector\",\"Sector\",\"Vehicles el\u00e8ctrics\",\"Veh\u00edculos el\u00e9ctricos\"],\"inLanguage\":\"ca\"},{\"@type\":\"WebPage\",\"@id\":\"https:\\\/\\\/etecnic.es\\\/ca\\\/noticies\\\/entrevista-alcalde-corbins-projecte-etecnic-i-dus-5000\\\/\",\"url\":\"https:\\\/\\\/etecnic.es\\\/ca\\\/noticies\\\/entrevista-alcalde-corbins-projecte-etecnic-i-dus-5000\\\/\",\"name\":\"Entrevista a l'alcalde de Corbins sobre el projecte DUS 5000\",\"isPartOf\":{\"@id\":\"https:\\\/\\\/etecnic.es\\\/#website\"},\"primaryImageOfPage\":{\"@id\":\"https:\\\/\\\/etecnic.es\\\/ca\\\/noticies\\\/entrevista-alcalde-corbins-projecte-etecnic-i-dus-5000\\\/#primaryimage\"},\"image\":{\"@id\":\"https:\\\/\\\/etecnic.es\\\/ca\\\/noticies\\\/entrevista-alcalde-corbins-projecte-etecnic-i-dus-5000\\\/#primaryimage\"},\"thumbnailUrl\":\"https:\\\/\\\/etecnic.es\\\/wp-content\\\/uploads\\\/2023\\\/03\\\/4.png\",\"datePublished\":\"2023-03-13T08:37:31+00:00\",\"dateModified\":\"2023-03-13T09:47:55+00:00\",\"author\":{\"@id\":\"https:\\\/\\\/etecnic.es\\\/#\\\/schema\\\/person\\\/f9d89d791b5f70d806250a61e52bb741\"},\"description\":\"Parlem amb Jordi Verd\u00fa, alcalde de Corbins per con\u00e8ixer la seva experi\u00e8ncia treballant amb Etecnic i el DUS 5000\",\"breadcrumb\":{\"@id\":\"https:\\\/\\\/etecnic.es\\\/ca\\\/noticies\\\/entrevista-alcalde-corbins-projecte-etecnic-i-dus-5000\\\/#breadcrumb\"},\"inLanguage\":\"ca\",\"potentialAction\":[{\"@type\":\"ReadAction\",\"target\":[\"https:\\\/\\\/etecnic.es\\\/ca\\\/noticies\\\/entrevista-alcalde-corbins-projecte-etecnic-i-dus-5000\\\/\"]}]},{\"@type\":\"ImageObject\",\"inLanguage\":\"ca\",\"@id\":\"https:\\\/\\\/etecnic.es\\\/ca\\\/noticies\\\/entrevista-alcalde-corbins-projecte-etecnic-i-dus-5000\\\/#primaryimage\",\"url\":\"https:\\\/\\\/etecnic.es\\\/wp-content\\\/uploads\\\/2023\\\/03\\\/4.png\",\"contentUrl\":\"https:\\\/\\\/etecnic.es\\\/wp-content\\\/uploads\\\/2023\\\/03\\\/4.png\",\"width\":1110,\"height\":720},{\"@type\":\"BreadcrumbList\",\"@id\":\"https:\\\/\\\/etecnic.es\\\/ca\\\/noticies\\\/entrevista-alcalde-corbins-projecte-etecnic-i-dus-5000\\\/#breadcrumb\",\"itemListElement\":[{\"@type\":\"ListItem\",\"position\":1,\"name\":\"Portada\",\"item\":\"https:\\\/\\\/etecnic.es\\\/ca\\\/\"},{\"@type\":\"ListItem\",\"position\":2,\"name\":\"Entrevista a l&#8217;alcalde de Corbins sobre el projecte d&#8217;Etecnic i el DUS 5000\"}]},{\"@type\":\"WebSite\",\"@id\":\"https:\\\/\\\/etecnic.es\\\/#website\",\"url\":\"https:\\\/\\\/etecnic.es\\\/\",\"name\":\"Etecnic - Delivering End-to-end charging solution for electric vehicles\",\"description\":\"EVcharge is the software platform that allows you to manage and operate your smart charging points to scale your business. Comprehensive control software and App solution.\",\"potentialAction\":[{\"@type\":\"SearchAction\",\"target\":{\"@type\":\"EntryPoint\",\"urlTemplate\":\"https:\\\/\\\/etecnic.es\\\/?s={search_term_string}\"},\"query-input\":{\"@type\":\"PropertyValueSpecification\",\"valueRequired\":true,\"valueName\":\"search_term_string\"}}],\"inLanguage\":\"ca\"},{\"@type\":\"Person\",\"@id\":\"https:\\\/\\\/etecnic.es\\\/#\\\/schema\\\/person\\\/f9d89d791b5f70d806250a61e52bb741\",\"name\":\"adminetecnic\",\"image\":{\"@type\":\"ImageObject\",\"inLanguage\":\"ca\",\"@id\":\"https:\\\/\\\/secure.gravatar.com\\\/avatar\\\/ea24b8f7949137f0763045d98d115a3f8ee890a1d9b469c9aecac3c563866de5?s=96&d=mm&r=g\",\"url\":\"https:\\\/\\\/secure.gravatar.com\\\/avatar\\\/ea24b8f7949137f0763045d98d115a3f8ee890a1d9b469c9aecac3c563866de5?s=96&d=mm&r=g\",\"contentUrl\":\"https:\\\/\\\/secure.gravatar.com\\\/avatar\\\/ea24b8f7949137f0763045d98d115a3f8ee890a1d9b469c9aecac3c563866de5?s=96&d=mm&r=g\",\"caption\":\"adminetecnic\"},\"url\":\"https:\\\/\\\/etecnic.es\\\/ca\\\/author\\\/adminetecnic\\\/\"}]}<\/script>\n<!-- \/ Yoast SEO plugin. -->","yoast_head_json":{"title":"Entrevista a l'alcalde de Corbins sobre el projecte DUS 5000","description":"Parlem amb Jordi Verd\u00fa, alcalde de Corbins per con\u00e8ixer la seva experi\u00e8ncia treballant amb Etecnic i el DUS 5000","robots":{"index":"index","follow":"follow","max-snippet":"max-snippet:-1","max-image-preview":"max-image-preview:large","max-video-preview":"max-video-preview:-1"},"canonical":"https:\/\/etecnic.es\/ca\/noticies\/entrevista-alcalde-corbins-projecte-etecnic-i-dus-5000\/","og_locale":"ca_ES","og_type":"article","og_title":"Entrevista a l'alcalde de Corbins sobre el projecte DUS 5000","og_description":"Parlem amb Jordi Verd\u00fa, alcalde de Corbins per con\u00e8ixer la seva experi\u00e8ncia treballant amb Etecnic i el DUS 5000","og_url":"https:\/\/etecnic.es\/ca\/noticies\/entrevista-alcalde-corbins-projecte-etecnic-i-dus-5000\/","og_site_name":"Etecnic - Delivering End-to-end charging solution for electric vehicles","article_publisher":"https:\/\/www.facebook.com\/etecnic?fref=ts%2f","article_published_time":"2023-03-13T08:37:31+00:00","article_modified_time":"2023-03-13T09:47:55+00:00","og_image":[{"width":2809,"height":1220,"url":"https:\/\/etecnic.es\/wp-content\/uploads\/2023\/03\/imatge-per-dins-de-BLOG-2-1.png","type":"image\/png"}],"author":"adminetecnic","twitter_card":"summary_large_image","twitter_creator":"@etecnic","twitter_site":"@etecnic","twitter_misc":{"Escrit per":"adminetecnic","Temps estimat de lectura":"15 minutes"},"schema":{"@context":"https:\/\/schema.org","@graph":[{"@type":"Article","@id":"https:\/\/etecnic.es\/ca\/noticies\/entrevista-alcalde-corbins-projecte-etecnic-i-dus-5000\/#article","isPartOf":{"@id":"https:\/\/etecnic.es\/ca\/noticies\/entrevista-alcalde-corbins-projecte-etecnic-i-dus-5000\/"},"author":{"name":"adminetecnic","@id":"https:\/\/etecnic.es\/#\/schema\/person\/f9d89d791b5f70d806250a61e52bb741"},"headline":"Entrevista a l&#8217;alcalde de Corbins sobre el projecte d&#8217;Etecnic i el DUS 5000","datePublished":"2023-03-13T08:37:31+00:00","dateModified":"2023-03-13T09:47:55+00:00","mainEntityOfPage":{"@id":"https:\/\/etecnic.es\/ca\/noticies\/entrevista-alcalde-corbins-projecte-etecnic-i-dus-5000\/"},"wordCount":6447,"image":{"@id":"https:\/\/etecnic.es\/ca\/noticies\/entrevista-alcalde-corbins-projecte-etecnic-i-dus-5000\/#primaryimage"},"thumbnailUrl":"https:\/\/etecnic.es\/wp-content\/uploads\/2023\/03\/4.png","articleSection":["Ayudas y subvenciones","Carregadors","Energia renovable","Energ\u00eda renovable","Etecnic","Etecnic","Instal\u00b7lacions","Instalaciones","Mobilitat el\u00e8ctrica","Movilidad el\u00e9ctrica","Not\u00edcies","Punts de rec\u00e0rrega","Sector","Sector","Vehicles el\u00e8ctrics","Veh\u00edculos el\u00e9ctricos"],"inLanguage":"ca"},{"@type":"WebPage","@id":"https:\/\/etecnic.es\/ca\/noticies\/entrevista-alcalde-corbins-projecte-etecnic-i-dus-5000\/","url":"https:\/\/etecnic.es\/ca\/noticies\/entrevista-alcalde-corbins-projecte-etecnic-i-dus-5000\/","name":"Entrevista a l'alcalde de Corbins sobre el projecte DUS 5000","isPartOf":{"@id":"https:\/\/etecnic.es\/#website"},"primaryImageOfPage":{"@id":"https:\/\/etecnic.es\/ca\/noticies\/entrevista-alcalde-corbins-projecte-etecnic-i-dus-5000\/#primaryimage"},"image":{"@id":"https:\/\/etecnic.es\/ca\/noticies\/entrevista-alcalde-corbins-projecte-etecnic-i-dus-5000\/#primaryimage"},"thumbnailUrl":"https:\/\/etecnic.es\/wp-content\/uploads\/2023\/03\/4.png","datePublished":"2023-03-13T08:37:31+00:00","dateModified":"2023-03-13T09:47:55+00:00","author":{"@id":"https:\/\/etecnic.es\/#\/schema\/person\/f9d89d791b5f70d806250a61e52bb741"},"description":"Parlem amb Jordi Verd\u00fa, alcalde de Corbins per con\u00e8ixer la seva experi\u00e8ncia treballant amb Etecnic i el DUS 5000","breadcrumb":{"@id":"https:\/\/etecnic.es\/ca\/noticies\/entrevista-alcalde-corbins-projecte-etecnic-i-dus-5000\/#breadcrumb"},"inLanguage":"ca","potentialAction":[{"@type":"ReadAction","target":["https:\/\/etecnic.es\/ca\/noticies\/entrevista-alcalde-corbins-projecte-etecnic-i-dus-5000\/"]}]},{"@type":"ImageObject","inLanguage":"ca","@id":"https:\/\/etecnic.es\/ca\/noticies\/entrevista-alcalde-corbins-projecte-etecnic-i-dus-5000\/#primaryimage","url":"https:\/\/etecnic.es\/wp-content\/uploads\/2023\/03\/4.png","contentUrl":"https:\/\/etecnic.es\/wp-content\/uploads\/2023\/03\/4.png","width":1110,"height":720},{"@type":"BreadcrumbList","@id":"https:\/\/etecnic.es\/ca\/noticies\/entrevista-alcalde-corbins-projecte-etecnic-i-dus-5000\/#breadcrumb","itemListElement":[{"@type":"ListItem","position":1,"name":"Portada","item":"https:\/\/etecnic.es\/ca\/"},{"@type":"ListItem","position":2,"name":"Entrevista a l&#8217;alcalde de Corbins sobre el projecte d&#8217;Etecnic i el DUS 5000"}]},{"@type":"WebSite","@id":"https:\/\/etecnic.es\/#website","url":"https:\/\/etecnic.es\/","name":"Etecnic - Delivering End-to-end charging solution for electric vehicles","description":"EVcharge is the software platform that allows you to manage and operate your smart charging points to scale your business. Comprehensive control software and App solution.","potentialAction":[{"@type":"SearchAction","target":{"@type":"EntryPoint","urlTemplate":"https:\/\/etecnic.es\/?s={search_term_string}"},"query-input":{"@type":"PropertyValueSpecification","valueRequired":true,"valueName":"search_term_string"}}],"inLanguage":"ca"},{"@type":"Person","@id":"https:\/\/etecnic.es\/#\/schema\/person\/f9d89d791b5f70d806250a61e52bb741","name":"adminetecnic","image":{"@type":"ImageObject","inLanguage":"ca","@id":"https:\/\/secure.gravatar.com\/avatar\/ea24b8f7949137f0763045d98d115a3f8ee890a1d9b469c9aecac3c563866de5?s=96&d=mm&r=g","url":"https:\/\/secure.gravatar.com\/avatar\/ea24b8f7949137f0763045d98d115a3f8ee890a1d9b469c9aecac3c563866de5?s=96&d=mm&r=g","contentUrl":"https:\/\/secure.gravatar.com\/avatar\/ea24b8f7949137f0763045d98d115a3f8ee890a1d9b469c9aecac3c563866de5?s=96&d=mm&r=g","caption":"adminetecnic"},"url":"https:\/\/etecnic.es\/ca\/author\/adminetecnic\/"}]}},"_links":{"self":[{"href":"https:\/\/etecnic.es\/ca\/wp-json\/wp\/v2\/posts\/17832","targetHints":{"allow":["GET"]}}],"collection":[{"href":"https:\/\/etecnic.es\/ca\/wp-json\/wp\/v2\/posts"}],"about":[{"href":"https:\/\/etecnic.es\/ca\/wp-json\/wp\/v2\/types\/post"}],"author":[{"embeddable":true,"href":"https:\/\/etecnic.es\/ca\/wp-json\/wp\/v2\/users\/4"}],"replies":[{"embeddable":true,"href":"https:\/\/etecnic.es\/ca\/wp-json\/wp\/v2\/comments?post=17832"}],"version-history":[{"count":15,"href":"https:\/\/etecnic.es\/ca\/wp-json\/wp\/v2\/posts\/17832\/revisions"}],"predecessor-version":[{"id":17833,"href":"https:\/\/etecnic.es\/ca\/wp-json\/wp\/v2\/posts\/17832\/revisions\/17833"}],"wp:featuredmedia":[{"embeddable":true,"href":"https:\/\/etecnic.es\/ca\/wp-json\/wp\/v2\/media\/18222"}],"wp:attachment":[{"href":"https:\/\/etecnic.es\/ca\/wp-json\/wp\/v2\/media?parent=17832"}],"wp:term":[{"taxonomy":"category","embeddable":true,"href":"https:\/\/etecnic.es\/ca\/wp-json\/wp\/v2\/categories?post=17832"},{"taxonomy":"post_tag","embeddable":true,"href":"https:\/\/etecnic.es\/ca\/wp-json\/wp\/v2\/tags?post=17832"}],"curies":[{"name":"wp","href":"https:\/\/api.w.org\/{rel}","templated":true}]}}