{"id":16608,"date":"2022-07-25T12:19:03","date_gmt":"2022-07-25T12:19:03","guid":{"rendered":"https:\/\/etecnic.es\/?p=16608"},"modified":"2022-07-25T12:19:04","modified_gmt":"2022-07-25T12:19:04","slug":"ladministracio-publica-juga-un-paper-clau-en-posar-la-mobilitat-electrica-al-servei-del-ciutada","status":"publish","type":"post","link":"https:\/\/etecnic.es\/ca\/noticies\/sector-ca\/ladministracio-publica-juga-un-paper-clau-en-posar-la-mobilitat-electrica-al-servei-del-ciutada\/","title":{"rendered":"L&#8217;administraci\u00f3 p\u00fablica juga un paper clau en posar la mobilitat el\u00e8ctrica al servei del ciutad\u00e0"},"content":{"rendered":"<p><div class=\"fusion-fullwidth fullwidth-box fusion-builder-row-1 fusion-flex-container nonhundred-percent-fullwidth non-hundred-percent-height-scrolling\" style=\"--awb-border-radius-top-left:0px;--awb-border-radius-top-right:0px;--awb-border-radius-bottom-right:0px;--awb-border-radius-bottom-left:0px;--awb-flex-wrap:wrap;\" ><div class=\"fusion-builder-row fusion-row fusion-flex-align-items-flex-start fusion-flex-content-wrap\" style=\"max-width:1331.2px;margin-left: calc(-4% \/ 2 );margin-right: calc(-4% \/ 2 );\"><div class=\"fusion-layout-column fusion_builder_column fusion-builder-column-0 fusion_builder_column_1_1 1_1 fusion-flex-column\" style=\"--awb-bg-size:cover;--awb-width-large:100%;--awb-margin-top-large:0px;--awb-spacing-right-large:1.92%;--awb-margin-bottom-large:0px;--awb-spacing-left-large:1.92%;--awb-width-medium:100%;--awb-order-medium:0;--awb-spacing-right-medium:1.92%;--awb-spacing-left-medium:1.92%;--awb-width-small:100%;--awb-order-small:0;--awb-spacing-right-small:1.92%;--awb-spacing-left-small:1.92%;\"><div class=\"fusion-column-wrapper fusion-column-has-shadow fusion-flex-justify-content-flex-start fusion-content-layout-column\"><div class=\"fusion-title title fusion-title-1 fusion-sep-none fusion-title-text fusion-title-size-two\" style=\"--awb-margin-top-small:0px;--awb-margin-right-small:0px;--awb-margin-bottom-small:20px;--awb-margin-left-small:0px;\"><h2 class=\"fusion-title-heading title-heading-left fusion-responsive-typography-calculated\" style=\"margin:0;--fontSize:32;line-height:1.1;\"><h2><strong>La mobilitat el\u00e8ctrica a Catalunya<\/strong><\/h2><\/h2><\/div><div class=\"fusion-text fusion-text-1\"><p>El m\u00f3n de la <strong>mobilitat el\u00e8ctrica<\/strong> \u00e9s relativament nou i actualment continua havent-hi molta desinformaci\u00f3. Tot i aquesta manca d\u2019informaci\u00f3, <strong>Catalunya<\/strong> ha estat pionera en la instal\u00b7laci\u00f3 d\u2019infraestructura de rec\u00e0rrega per a cotxes el\u00e8ctrics. Gr\u00e0cies a l\u2019esfor\u00e7 de l\u2019administraci\u00f3, d\u2019empreses com<strong> Etecnic<\/strong> i sobretot dels municipis que hi ha apostat. Tan \u00e9s aix\u00ed que, a hores d&#8217;ara, \u00e9s la comunitat aut\u00f2noma de l\u2019Estat espanyol amb m\u00e9s <strong>punts de rec\u00e0rrega p\u00fablics<\/strong> instal\u00b7lats i en funcionament: m\u00e9s de 3.300 a avui dia i sumant noves instal\u00b7lacions cada dia.<\/p>\n<p>En aquest proc\u00e9s, <strong>Etecnic energy &amp; Mobility<\/strong> ha jugat un paper clau, convertint-se en l\u2019empresa capdavantera del sector amb la instal\u00b7laci\u00f3 i posada en marxa d\u2019una gran part de la xarxa de rec\u00e0rrega p\u00fablica del territori, tal com pots veure en el nostre <strong><a href=\"https:\/\/etecnic.es\/ca\/mapa-de-recarrega\/\">mapa de punts de rec\u00e0rrega<\/a><\/strong>.<\/p>\n<p>A l\u2019article <a href=\"https:\/\/etecnic.es\/ca\/noticies\/xarxa-de-recarrega\/\"><strong>Catalunya aconsegueix instal\u00b7lar un punt de rec\u00e0rrega cada 60 km<\/strong><\/a> explic\u00e0vem els factors clau.<\/p>\n<\/div><\/div><\/div><\/div><\/div><div class=\"fusion-fullwidth fullwidth-box fusion-builder-row-2 fusion-flex-container nonhundred-percent-fullwidth non-hundred-percent-height-scrolling\" style=\"--awb-border-radius-top-left:0px;--awb-border-radius-top-right:0px;--awb-border-radius-bottom-right:0px;--awb-border-radius-bottom-left:0px;--awb-flex-wrap:wrap;\" ><div class=\"fusion-builder-row fusion-row fusion-flex-align-items-flex-start fusion-flex-content-wrap\" style=\"max-width:1331.2px;margin-left: calc(-4% \/ 2 );margin-right: calc(-4% \/ 2 );\"><div class=\"fusion-layout-column fusion_builder_column fusion-builder-column-1 fusion_builder_column_1_1 1_1 fusion-flex-column\" style=\"--awb-bg-size:cover;--awb-width-large:100%;--awb-margin-top-large:0px;--awb-spacing-right-large:1.92%;--awb-margin-bottom-large:0px;--awb-spacing-left-large:1.92%;--awb-width-medium:100%;--awb-order-medium:0;--awb-spacing-right-medium:1.92%;--awb-spacing-left-medium:1.92%;--awb-width-small:100%;--awb-order-small:0;--awb-spacing-right-small:1.92%;--awb-spacing-left-small:1.92%;\"><div class=\"fusion-column-wrapper fusion-column-has-shadow fusion-flex-justify-content-flex-start fusion-content-layout-column\"><div class=\"fusion-title title fusion-title-2 fusion-sep-none fusion-title-text fusion-title-size-two\" style=\"--awb-margin-top:4%;--awb-margin-top-small:0px;--awb-margin-right-small:0px;--awb-margin-bottom-small:20px;--awb-margin-left-small:0px;\"><h2 class=\"fusion-title-heading title-heading-left fusion-responsive-typography-calculated\" style=\"margin:0;--fontSize:32;line-height:1.1;\"><h2><strong>Com puc cobrar als usuaris de vehicle el\u00e8ctric?<\/strong><\/h2><\/h2><\/div><div class=\"fusion-text fusion-text-2\"><p>A mesura que vagi incrementant la matriculaci\u00f3 de vehicles el\u00e8ctrics, augmentar\u00e0 la demanda de l\u2019\u00fas dels <strong>punts de rec\u00e0rrega<\/strong>. Per tal de garantir la sostenibilitat energ\u00e8tica del municipi a llarg termini, \u00e9s necessari cobrar als usuaris pel subministrament d\u2019energia de rec\u00e0rrega.<\/p>\n<p>Fins al 2018 hi havia barreres legals que no permetien que els punts de c\u00e0rrega fossin de pagament, de fet s&#8217;obligava que els carregadors p\u00fablics fossin gratu\u00efts. No \u00e9s fins aquell mateix any 2018 que es permet als ajuntaments comen\u00e7ar a cobrar les rec\u00e0rregues.<\/p>\n<p>L\u2019<strong>administraci\u00f3 p\u00fablica <\/strong>t\u00e9 un 5% m\u00e9s de carregadors de pagament, respecte a l&#8217;any 2021. En un any ajuntaments com Montblanc, Tarragona, Ponts, Mora la Nova ja cobren les rec\u00e0rregues.<\/p>\n<\/div><div class=\"fusion-image-element\" style=\"--awb-caption-title-font-family:var(--h2_typography-font-family);--awb-caption-title-font-weight:var(--h2_typography-font-weight);--awb-caption-title-font-style:var(--h2_typography-font-style);--awb-caption-title-size:var(--h2_typography-font-size);--awb-caption-title-transform:var(--h2_typography-text-transform);--awb-caption-title-line-height:var(--h2_typography-line-height);--awb-caption-title-letter-spacing:var(--h2_typography-letter-spacing);\"><span class=\" fusion-imageframe imageframe-none imageframe-1 hover-type-none\"><img decoding=\"async\" width=\"2048\" height=\"1536\" alt=\"Punts de rec\u00e0rrega Redessa\" title=\"Punt de rec\u00e0rrega REDESSA\" src=\"https:\/\/etecnic.es\/wp-content\/uploads\/2022\/01\/PHOTO-2022-01-21-10-19-57-1.jpg\" class=\"img-responsive wp-image-15178\" srcset=\"https:\/\/etecnic.es\/wp-content\/uploads\/2022\/01\/PHOTO-2022-01-21-10-19-57-1-200x150.jpg 200w, https:\/\/etecnic.es\/wp-content\/uploads\/2022\/01\/PHOTO-2022-01-21-10-19-57-1-400x300.jpg 400w, https:\/\/etecnic.es\/wp-content\/uploads\/2022\/01\/PHOTO-2022-01-21-10-19-57-1-600x450.jpg 600w, https:\/\/etecnic.es\/wp-content\/uploads\/2022\/01\/PHOTO-2022-01-21-10-19-57-1-800x600.jpg 800w, https:\/\/etecnic.es\/wp-content\/uploads\/2022\/01\/PHOTO-2022-01-21-10-19-57-1-1200x900.jpg 1200w, https:\/\/etecnic.es\/wp-content\/uploads\/2022\/01\/PHOTO-2022-01-21-10-19-57-1.jpg 2048w\" sizes=\"(max-width: 1024px) 100vw, (max-width: 640px) 100vw, 2048px\" \/><\/span><\/div><\/div><\/div><\/div><\/div><div class=\"fusion-fullwidth fullwidth-box fusion-builder-row-3 fusion-flex-container nonhundred-percent-fullwidth non-hundred-percent-height-scrolling\" style=\"--awb-border-radius-top-left:0px;--awb-border-radius-top-right:0px;--awb-border-radius-bottom-right:0px;--awb-border-radius-bottom-left:0px;--awb-flex-wrap:wrap;\" ><div class=\"fusion-builder-row fusion-row fusion-flex-align-items-flex-start fusion-flex-content-wrap\" style=\"max-width:1331.2px;margin-left: calc(-4% \/ 2 );margin-right: calc(-4% \/ 2 );\"><div class=\"fusion-layout-column fusion_builder_column fusion-builder-column-2 fusion_builder_column_1_1 1_1 fusion-flex-column\" style=\"--awb-bg-size:cover;--awb-width-large:100%;--awb-margin-top-large:0px;--awb-spacing-right-large:1.92%;--awb-margin-bottom-large:0px;--awb-spacing-left-large:1.92%;--awb-width-medium:100%;--awb-order-medium:0;--awb-spacing-right-medium:1.92%;--awb-spacing-left-medium:1.92%;--awb-width-small:100%;--awb-order-small:0;--awb-spacing-right-small:1.92%;--awb-spacing-left-small:1.92%;\"><div class=\"fusion-column-wrapper fusion-column-has-shadow fusion-flex-justify-content-flex-start fusion-content-layout-column\"><div class=\"fusion-title title fusion-title-3 fusion-sep-none fusion-title-text fusion-title-size-two\" style=\"--awb-margin-top:4%;--awb-margin-top-small:0px;--awb-margin-right-small:0px;--awb-margin-bottom-small:20px;--awb-margin-left-small:0px;\"><h2 class=\"fusion-title-heading title-heading-left fusion-responsive-typography-calculated\" style=\"margin:0;--fontSize:32;line-height:1.1;\"><h2><strong>Lleis reguladores del preu p\u00fablic per a la rec\u00e0rrega de vehicles el\u00e8ctrics<\/strong><\/h2><\/h2><\/div><div class=\"fusion-text fusion-text-3\"><p>L\u2019<strong>administraci\u00f3 p\u00fablica <\/strong>es regeix per una normativa establerta al <a href=\"https:\/\/www.boe.es\/buscar\/act.php?id=BOE-A-2004-4214\">Reial decret legislatiu 2\/2004<\/a>, de 5 de mar\u00e7, on aprova la Llei reguladora de les hisendes locals i la <a href=\"https:\/\/www.boe.es\/buscar\/doc.php?id=BOE-A-1989-8508\">Llei 8\/1989<\/a>, de 13 d&#8217;abril, de taxes i preus p\u00fablics.<\/p>\n<p>Aquesta normativa, en el marc de la <strong>mobilitat el\u00e8ctrica<\/strong>, es trasllada en qu\u00e8 el fet <strong>de cobrar als usuaris per l&#8217;\u00fas del punt de rec\u00e0rrega t\u00e9 la naturalesa de preu p\u00fablic<\/strong>. Aquests preus es regulen a l&#8217;article 41 de la Llei reguladora de les hisendes locals i l&#8217;article 24 de la Llei 8\/1989, de 13 d&#8217;abril, de taxes i preus p\u00fablics.<\/p>\n<p><em>Article 41. Concepte<\/em><\/p>\n<p><em>Les entitats locals poden establir preus p\u00fablics per la prestaci\u00f3 de serveis o la realitzaci\u00f3 d\u2019activitats de la compet\u00e8ncia de l\u2019entitat local, sempre que no es doni cap de les circumst\u00e0ncies especificades en l\u2019article 20.1.b d\u2019aquesta llei.<\/em><\/p>\n<p><em>Article 24. Concepte<\/em><\/p>\n<p><em>Tenen la consideraci\u00f3 de preus p\u00fablics les contraprestacions pecuni\u00e0ries que se satisfacin per la prestaci\u00f3 de serveis o la realitzaci\u00f3 d\u2019activitats efectuades en r\u00e8gim de dret p\u00fablic quan, prestant-se tamb\u00e9 aquests serveis o activitats pel sector privat, siguin de sol\u00b7licitud volunt\u00e0ria per part dels administrats.<\/em><\/p>\n<p>Els preus p\u00fablics, com a m\u00ednim, han de cobrir el cost del servei prestat a l\u2019usuari de vehicle el\u00e8ctric.<\/p>\n<\/div><\/div><\/div><\/div><\/div><div class=\"fusion-fullwidth fullwidth-box fusion-builder-row-4 fusion-flex-container nonhundred-percent-fullwidth non-hundred-percent-height-scrolling\" style=\"--awb-border-radius-top-left:0px;--awb-border-radius-top-right:0px;--awb-border-radius-bottom-right:0px;--awb-border-radius-bottom-left:0px;--awb-flex-wrap:wrap;\" ><div class=\"fusion-builder-row fusion-row fusion-flex-align-items-flex-start fusion-flex-content-wrap\" style=\"max-width:1331.2px;margin-left: calc(-4% \/ 2 );margin-right: calc(-4% \/ 2 );\"><div class=\"fusion-layout-column fusion_builder_column fusion-builder-column-3 fusion_builder_column_1_1 1_1 fusion-flex-column\" style=\"--awb-bg-size:cover;--awb-width-large:100%;--awb-margin-top-large:0px;--awb-spacing-right-large:1.92%;--awb-margin-bottom-large:0px;--awb-spacing-left-large:1.92%;--awb-width-medium:100%;--awb-order-medium:0;--awb-spacing-right-medium:1.92%;--awb-spacing-left-medium:1.92%;--awb-width-small:100%;--awb-order-small:0;--awb-spacing-right-small:1.92%;--awb-spacing-left-small:1.92%;\"><div class=\"fusion-column-wrapper fusion-column-has-shadow fusion-flex-justify-content-flex-start fusion-content-layout-column\"><div class=\"fusion-title title fusion-title-4 fusion-sep-none fusion-title-text fusion-title-size-two\" style=\"--awb-margin-top:4%;--awb-margin-top-small:0px;--awb-margin-right-small:0px;--awb-margin-bottom-small:20px;--awb-margin-left-small:0px;\"><h2 class=\"fusion-title-heading title-heading-left fusion-responsive-typography-calculated\" style=\"margin:0;--fontSize:32;line-height:1.1;\">La pol\u00edtica de preus a l\u2019administraci\u00f3 p\u00fablica a Catalunya<\/h2><\/div><div class=\"fusion-text fusion-text-4\"><p>L&#8217;<strong><a href=\"https:\/\/icaen.gencat.cat\/ca\/inici\/\">ICAEN (Institut Catal\u00e0 de l\u2019Energia)<\/a> <\/strong>ofereix unes recomanacions perqu\u00e8 els ajuntaments puguin tenir nocions aproximades de l&#8217;import m\u00e9s adequat per fer \u00fas del servei. Aix\u00ed doncs, les recomanacions, s\u00f3n que els punts de c\u00e0rrega semi r\u00e0pids han d&#8217;estar entre 0,10 i 0,19 \u20ac\/kWh i els r\u00e0pids entre 0,25 i 0,35 \u20ac\/kWh.<\/p>\n<p>Els ajuntaments que treballen amb <strong>Etecnic<\/strong> tenen un preu mitj\u00e0 de 0,19 \u20ac\/kWh en el cas de les c\u00e0rregues semi r\u00e0pides i de 0,30 \u20ac\/kWh en les r\u00e0pides. Cal tenir en compte que la majoria d&#8217;administraci\u00f3 p\u00fablica utilitza tarifes per franges hor\u00e0ries.<\/p>\n<\/div><\/div><\/div><\/div><\/div><div class=\"fusion-fullwidth fullwidth-box fusion-builder-row-5 fusion-flex-container nonhundred-percent-fullwidth non-hundred-percent-height-scrolling\" style=\"--awb-border-radius-top-left:0px;--awb-border-radius-top-right:0px;--awb-border-radius-bottom-right:0px;--awb-border-radius-bottom-left:0px;--awb-flex-wrap:wrap;\" ><div class=\"fusion-builder-row fusion-row fusion-flex-align-items-flex-start fusion-flex-content-wrap\" style=\"max-width:1331.2px;margin-left: calc(-4% \/ 2 );margin-right: calc(-4% \/ 2 );\"><div class=\"fusion-layout-column fusion_builder_column fusion-builder-column-4 fusion_builder_column_1_1 1_1 fusion-flex-column\" style=\"--awb-bg-size:cover;--awb-width-large:100%;--awb-margin-top-large:0px;--awb-spacing-right-large:1.92%;--awb-margin-bottom-large:0px;--awb-spacing-left-large:1.92%;--awb-width-medium:100%;--awb-order-medium:0;--awb-spacing-right-medium:1.92%;--awb-spacing-left-medium:1.92%;--awb-width-small:100%;--awb-order-small:0;--awb-spacing-right-small:1.92%;--awb-spacing-left-small:1.92%;\"><div class=\"fusion-column-wrapper fusion-column-has-shadow fusion-flex-justify-content-flex-start fusion-content-layout-column\"><div class=\"fusion-title title fusion-title-5 fusion-sep-none fusion-title-text fusion-title-size-two\" style=\"--awb-margin-top:4%;--awb-margin-top-small:0px;--awb-margin-right-small:0px;--awb-margin-bottom-small:20px;--awb-margin-left-small:0px;\"><h2 class=\"fusion-title-heading title-heading-left fusion-responsive-typography-calculated\" style=\"margin:0;--fontSize:32;line-height:1.1;\">Els punts de rec\u00e0rrega<\/h2><\/div><div class=\"fusion-title title fusion-title-6 fusion-sep-none fusion-title-text fusion-title-size-three\" style=\"--awb-margin-top:2%;--awb-margin-top-small:0px;--awb-margin-right-small:0px;--awb-margin-bottom-small:20px;--awb-margin-left-small:0px;\"><h3 class=\"fusion-title-heading title-heading-left fusion-responsive-typography-calculated\" style=\"margin:0;--fontSize:26;line-height:1.1;\">Quina inversi\u00f3 suposa un punt de rec\u00e0rrega?*<\/h3><\/div><div class=\"fusion-text fusion-text-5\"><ul>\n<li>El projecte d\u2019instal\u00b7laci\u00f3<\/li>\n<li>El tipus d\u2019equip de rec\u00e0rrega<\/li>\n<li>El subministrament<\/li>\n<li>Els m de rassa<\/li>\n<li>Els m i gruix de cables<\/li>\n<li>La senyalitzaci\u00f3<\/li>\n<\/ul>\n<p><em>*Demana la teva oferta tipus i et recomanem l\u2019opci\u00f3 que m\u00e9s et conv\u00e9. <\/em><\/p>\n<\/div><div class=\"fusion-title title fusion-title-7 fusion-sep-none fusion-title-text fusion-title-size-three\" style=\"--awb-margin-top:2%;--awb-margin-top-small:0px;--awb-margin-right-small:0px;--awb-margin-bottom-small:20px;--awb-margin-left-small:0px;\"><h3 class=\"fusion-title-heading title-heading-left fusion-responsive-typography-calculated\" style=\"margin:0;--fontSize:26;line-height:1.1;\">Quines despeses associades comporta tenir un punt de rec\u00e0rrega per a vehicles el\u00e8ctrics?<\/h3><\/div><div class=\"fusion-text fusion-text-6\"><ul>\n<li>El software de gesti\u00f3; que permet l&#8217;operativitat, la gesti\u00f3 energ\u00e8tica, la facturaci\u00f3, la interoperabilitat i molt m\u00e9s.<\/li>\n<li>La teleassist\u00e8ncia 24\/7, que permet l\u2019atenci\u00f3 a l\u2019usuari i solucionar les incid\u00e8ncies<\/li>\n<li>El manteniment preventiu; don\u00e0 fiabilitat al servei, garanteix durabilitat dels equips i la seguretat dels equips.<\/li>\n<li>La pot\u00e8ncia contractada; efici\u00e8ncia energ\u00e8tica, suport fotovoltaic, tarifa 3.0 TDVE<\/li>\n<li>El consum energ\u00e8tic; franges hor\u00e0ries i suport fotovoltaic<\/li>\n<\/ul>\n<\/div><\/div><\/div><\/div><\/div><div class=\"fusion-fullwidth fullwidth-box fusion-builder-row-6 fusion-flex-container nonhundred-percent-fullwidth non-hundred-percent-height-scrolling\" style=\"--awb-border-radius-top-left:0px;--awb-border-radius-top-right:0px;--awb-border-radius-bottom-right:0px;--awb-border-radius-bottom-left:0px;--awb-flex-wrap:wrap;\" ><div class=\"fusion-builder-row fusion-row fusion-flex-align-items-flex-start fusion-flex-content-wrap\" style=\"max-width:1331.2px;margin-left: calc(-4% \/ 2 );margin-right: calc(-4% \/ 2 );\"><div class=\"fusion-layout-column fusion_builder_column fusion-builder-column-5 fusion_builder_column_1_1 1_1 fusion-flex-column\" style=\"--awb-bg-size:cover;--awb-width-large:100%;--awb-margin-top-large:0px;--awb-spacing-right-large:1.92%;--awb-margin-bottom-large:0px;--awb-spacing-left-large:1.92%;--awb-width-medium:100%;--awb-order-medium:0;--awb-spacing-right-medium:1.92%;--awb-spacing-left-medium:1.92%;--awb-width-small:100%;--awb-order-small:0;--awb-spacing-right-small:1.92%;--awb-spacing-left-small:1.92%;\"><div class=\"fusion-column-wrapper fusion-column-has-shadow fusion-flex-justify-content-flex-start fusion-content-layout-column\"><div class=\"fusion-title title fusion-title-8 fusion-sep-none fusion-title-text fusion-title-size-two\" style=\"--awb-margin-top:4%;--awb-margin-top-small:0px;--awb-margin-right-small:0px;--awb-margin-bottom-small:20px;--awb-margin-left-small:0px;\"><h2 class=\"fusion-title-heading title-heading-left fusion-responsive-typography-calculated\" style=\"margin:0;--fontSize:32;line-height:1.1;\">La gesti\u00f3 p\u00fablica del punt de rec\u00e0rrega amb contractaci\u00f3<\/h2><\/div><div class=\"fusion-text fusion-text-7\"><p>Quan un <strong>punt de rec\u00e0rrega<\/strong> \u00e9s titularitat de l&#8217;ajuntament constitueix un element m\u00e9s de la infraestructura vi\u00e0ria. La gesti\u00f3 i l&#8217;explotaci\u00f3 del servei de rec\u00e0rrega pot adherir-se a l&#8217;\u00e0mbit de les compet\u00e8ncies municipals, ja que podem parlar d&#8217;un element conformador de la infraestructura municipal.<\/p>\n<p>Aix\u00ed doncs, els equips de rec\u00e0rrega constitueixen elements clau per a la <strong>mobilitat el\u00e8ctrica<\/strong>, motiu pel qual es pot considerar que es tracta d&#8217;una compet\u00e8ncia municipal pr\u00f2pia.<\/p>\n<p>No \u00e9s necessari preparar una licitaci\u00f3 per la instal\u00b7laci\u00f3 d&#8217;un punt de rec\u00e0rrega i pots aconseguir fins a un 80% de subvenci\u00f3.<\/p>\n<p>La forma m\u00e9s pr\u00e0ctica \u00e9s fer un contracte menor de subministrament per sota dels 15.000 \u20ac o contracte d&#8217;obra per sota dels 40.000 \u20ac.<\/p>\n<\/div><div class=\"fusion-title title fusion-title-9 fusion-sep-none fusion-title-text fusion-title-size-three\" style=\"--awb-margin-top:2%;--awb-margin-top-small:0px;--awb-margin-right-small:0px;--awb-margin-bottom-small:20px;--awb-margin-left-small:0px;\"><h3 class=\"fusion-title-heading title-heading-left fusion-responsive-typography-calculated\" style=\"margin:0;--fontSize:26;line-height:1.1;\">Quins passos he de seguir per instal\u00b7lar un punt de rec\u00e0rrega p\u00fablic al meu municipi?<\/h3><\/div><div class=\"fusion-text fusion-text-8\"><p>Els passos s\u00f3n molt senzills:<\/p>\n<ol>\n<li>Es fa una mem\u00f2ria t\u00e8cnica on consta la descripci\u00f3 de la instal\u00b7laci\u00f3 juntament amb un pressupost detallat i els pl\u00e0nols de la ubicaci\u00f3.<\/li>\n<li>Es presenta el <strong>MOVES<\/strong>. Assolint una subvenci\u00f3 entre el 70 i 80% del total del cost del projecte. El <a href=\"\/?p=13974\"><strong>MOVES 2021<\/strong><\/a> \u00e9s un paquet d&#8217;ajudes que subvenciona entre un 70 i un 80% de la instal\u00b7laci\u00f3 del punt de rec\u00e0rrega, en el cas de l&#8217;administraci\u00f3 p\u00fablica.<\/li>\n<li>Un cop festa la sol\u00b7licitud del MOVES hi ha dues opcions: esperar l\u2019aprovaci\u00f3 de l\u2019ajuda o iniciar els treballs paral\u00b7lelament.<\/li>\n<li>Etecnic energy &amp; Mobility t\u2019ajuda en tot el proc\u00e9s i es preocupa de la seva correcta execuci\u00f3 i desenvolupament: des de la realitzaci\u00f3 de la mem\u00f2ria, la sol\u00b7licitud de subvencions, la instal\u00b7laci\u00f3, legalitzaci\u00f3 i posada en marxa, manteniment, aix\u00ed com la gesti\u00f3 del punt de rec\u00e0rrega amb un software propi, una app per usuaris (<a href=\"https:\/\/evcharge.net\/\"><strong>EVcharge<\/strong><\/a>) i una assist\u00e8ncia t\u00e8cnica 24\/7h.<\/li>\n<\/ol>\n<p>Vols saber-ne m\u00e9s? No et perdis aquest webinar on t\u2019expliquem \u201c<strong>Com instal\u00b7lar un punt de rec\u00e0rrega i rendibilitzar-lo<\/strong>\u201d<\/p>\n<\/div><div class=\"fusion-video fusion-youtube\" style=\"--awb-max-width:600px;--awb-max-height:360px;--awb-align-self:center;--awb-width:100%;\"><div class=\"video-shortcode\"><div class=\"fluid-width-video-wrapper\" style=\"padding-top:60%;\" ><iframe title=\"YouTube video player 1\" src=\"https:\/\/www.youtube.com\/embed\/I6jYd9xK9J0?wmode=transparent&autoplay=0\" width=\"600\" height=\"360\" allowfullscreen allow=\"autoplay; clipboard-write; encrypted-media; gyroscope; picture-in-picture;\"><\/iframe><\/div><\/div><\/div><\/div><\/div><\/div><\/div><div class=\"fusion-fullwidth fullwidth-box fusion-builder-row-7 fusion-flex-container nonhundred-percent-fullwidth non-hundred-percent-height-scrolling\" style=\"--awb-border-radius-top-left:0px;--awb-border-radius-top-right:0px;--awb-border-radius-bottom-right:0px;--awb-border-radius-bottom-left:0px;--awb-margin-top:7%;--awb-margin-bottom:0px;--awb-flex-wrap:wrap;\" ><div class=\"fusion-builder-row fusion-row fusion-flex-align-items-flex-start fusion-flex-content-wrap\" style=\"max-width:1331.2px;margin-left: calc(-4% \/ 2 );margin-right: calc(-4% \/ 2 );\"><div class=\"fusion-layout-column fusion_builder_column fusion-builder-column-6 fusion_builder_column_1_1 1_1 fusion-flex-column\" style=\"--awb-bg-size:cover;--awb-width-large:100%;--awb-margin-top-large:4%;--awb-spacing-right-large:1.92%;--awb-margin-bottom-large:0px;--awb-spacing-left-large:1.92%;--awb-width-medium:100%;--awb-order-medium:0;--awb-spacing-right-medium:1.92%;--awb-spacing-left-medium:1.92%;--awb-width-small:100%;--awb-order-small:0;--awb-spacing-right-small:1.92%;--awb-spacing-left-small:1.92%;\"><div class=\"fusion-column-wrapper fusion-column-has-shadow fusion-flex-justify-content-center fusion-content-layout-column\"><div class=\"fusion-title title fusion-title-10 fusion-sep-none fusion-title-center fusion-title-text fusion-title-size-three\" style=\"--awb-margin-top-small:0px;--awb-margin-right-small:0px;--awb-margin-bottom-small:20px;--awb-margin-left-small:0px;\"><h3 class=\"fusion-title-heading title-heading-center fusion-responsive-typography-calculated\" style=\"margin:0;--fontSize:26;line-height:1.1;\"><h2><strong><em>Contacta\u2019ns! T\u2019ho posem f\u00e0cil . T\u2019ajudem i preparem per desenvolupar el teu projecte de descarbonitzaci\u00f3 i aix\u00ed beneficiar-te de les ajudes del MOVES<\/em><\/strong><\/h2><\/h3><\/div><\/div><\/div><\/div><\/div><div class=\"fusion-fullwidth fullwidth-box fusion-builder-row-8 fusion-flex-container nonhundred-percent-fullwidth non-hundred-percent-height-scrolling\" style=\"--awb-border-radius-top-left:0px;--awb-border-radius-top-right:0px;--awb-border-radius-bottom-right:0px;--awb-border-radius-bottom-left:0px;--awb-padding-right:4%;--awb-padding-left:4%;--awb-margin-top:2%;--awb-flex-wrap:wrap;\" ><div class=\"fusion-builder-row fusion-row fusion-flex-align-items-center fusion-flex-content-wrap\" style=\"max-width:1331.2px;margin-left: calc(-4% \/ 2 );margin-right: calc(-4% \/ 2 );\"><div class=\"fusion-layout-column fusion_builder_column fusion-builder-column-7 fusion_builder_column_1_1 1_1 fusion-flex-column fusion-flex-align-self-center\" style=\"--awb-bg-size:cover;--awb-width-large:100%;--awb-margin-top-large:0px;--awb-spacing-right-large:1.92%;--awb-margin-bottom-large:0px;--awb-spacing-left-large:1.92%;--awb-width-medium:100%;--awb-order-medium:0;--awb-spacing-right-medium:1.92%;--awb-spacing-left-medium:1.92%;--awb-width-small:100%;--awb-order-small:0;--awb-spacing-right-small:1.92%;--awb-spacing-left-small:1.92%;\"><div class=\"fusion-column-wrapper fusion-column-has-shadow fusion-flex-justify-content-flex-start fusion-content-layout-column\"><div class=\"fusion-title title fusion-title-11 fusion-sep-none fusion-title-center fusion-title-text fusion-title-size-three\" style=\"--awb-margin-top-small:0px;--awb-margin-right-small:0px;--awb-margin-bottom-small:20px;--awb-margin-left-small:0px;\"><h3 class=\"fusion-title-heading title-heading-center fusion-responsive-typography-calculated\" style=\"margin:0;--fontSize:26;line-height:1.1;\"><strong>Vols descobrir com et podem ajudar?<\/strong><\/h3><\/div><div class=\"fusion-title title fusion-title-12 fusion-sep-none fusion-title-center fusion-title-text fusion-title-size-three\" style=\"--awb-margin-top-small:0px;--awb-margin-right-small:0px;--awb-margin-bottom-small:20px;--awb-margin-left-small:0px;\"><h3 class=\"fusion-title-heading title-heading-center fusion-responsive-typography-calculated\" style=\"margin:0;--fontSize:26;line-height:1.1;\">Deixa el teu contacte i el nostre t\u00e8cnic et contactar\u00e0!<\/h3><\/div><div id=\"zf_div_nbN4ps5URIKRbqncDand8dOF1Fqo6mIZcwy-udS40Vo\"><\/div><script type=\"text\/javascript\">(function() {\ntry{\nvar f = document.createElement(\"iframe\");   \nf.src = 'https:\/\/forms.zohopublic.com\/marketing351\/form\/ETECNICEntradasBlogokCAT\/formperma\/nbN4ps5URIKRbqncDand8dOF1Fqo6mIZcwy-udS40Vo?zf_rszfm=1';\nf.style.border=\"none\";                                           \nf.style.height=\"1125px\";\nf.style.width=\"90%\";\nf.style.transition=\"all 0.5s ease\";\nvar d = document.getElementById(\"zf_div_nbN4ps5URIKRbqncDand8dOF1Fqo6mIZcwy-udS40Vo\");\nd.appendChild(f);\nwindow.addEventListener('message', function (){\nvar evntData = event.data;\nif( evntData && evntData.constructor == String ){\nvar zf_ifrm_data = evntData.split(\"|\");\nif ( zf_ifrm_data.length == 2 ) {\nvar zf_perma = zf_ifrm_data[0];\nvar zf_ifrm_ht_nw = ( parseInt(zf_ifrm_data[1], 10) + 15 ) + \"px\";\nvar iframe = document.getElementById(\"zf_div_nbN4ps5URIKRbqncDand8dOF1Fqo6mIZcwy-udS40Vo\").getElementsByTagName(\"iframe\")[0];\nif ( (iframe.src).indexOf('formperma') > 0 && (iframe.src).indexOf(zf_perma) > 0 ) {\nvar prevIframeHeight = iframe.style.height;\nif ( prevIframeHeight != zf_ifrm_ht_nw ) {\niframe.style.height = zf_ifrm_ht_nw;\n}   \n}\n}\n}\n}, false);\n}catch(e){}\n})();<\/script><\/div><\/div><\/div><\/div>\n<\/p>\n","protected":false},"excerpt":{"rendered":"","protected":false},"author":4,"featured_media":15778,"comment_status":"closed","ping_status":"closed","sticky":false,"template":"","format":"standard","meta":{"footnotes":"","_links_to":"","_links_to_target":""},"categories":[536,687,698,469],"tags":[403,323,312,335],"class_list":["post-16608","post","type-post","status-publish","format-standard","has-post-thumbnail","hentry","category-ayudes-subvencions","category-viu-etecnic","category-mobilitat-eletrica","category-sector-ca","tag-catalunya","tag-mobilitat-electrica-ca","tag-municipis","tag-punts-de-recarrega"],"yoast_head":"<!-- This site is optimized with the Yoast SEO plugin v28.4 - https:\/\/yoast.com\/product\/yoast-seo-wordpress\/ -->\n<title>L&#039;administraci\u00f3 p\u00fablica juga un paper clau en posar la mobilitat el\u00e8ctrica al servei del ciutad\u00e0<\/title>\n<meta name=\"description\" content=\"Tot el que necessita saber l&#039;administraci\u00f3 per intal\u00b7lar un punt de rec\u00e0rrega i apostar per la mobilitat el\u00e8ctrica com a servei p\u00fablic\" \/>\n<meta name=\"robots\" content=\"index, follow, max-snippet:-1, max-image-preview:large, max-video-preview:-1\" \/>\n<link rel=\"canonical\" href=\"https:\/\/etecnic.es\/ca\/noticies\/sector-ca\/ladministracio-publica-juga-un-paper-clau-en-posar-la-mobilitat-electrica-al-servei-del-ciutada\/\" \/>\n<meta property=\"og:locale\" content=\"ca_ES\" \/>\n<meta property=\"og:type\" content=\"article\" \/>\n<meta property=\"og:title\" content=\"L&#039;administraci\u00f3 p\u00fablica juga un paper clau en posar la mobilitat el\u00e8ctrica al servei del ciutad\u00e0\" \/>\n<meta property=\"og:description\" content=\"Tot el que necessita saber l&#039;administraci\u00f3 per intal\u00b7lar un punt de rec\u00e0rrega i apostar per la mobilitat el\u00e8ctrica com a servei p\u00fablic\" \/>\n<meta property=\"og:url\" content=\"https:\/\/etecnic.es\/ca\/noticies\/sector-ca\/ladministracio-publica-juga-un-paper-clau-en-posar-la-mobilitat-electrica-al-servei-del-ciutada\/\" \/>\n<meta property=\"og:site_name\" content=\"Etecnic - Delivering End-to-end charging solution for electric vehicles\" \/>\n<meta property=\"article:publisher\" content=\"https:\/\/www.facebook.com\/etecnic?fref=ts%2f\" \/>\n<meta property=\"article:published_time\" content=\"2022-07-25T12:19:03+00:00\" \/>\n<meta property=\"article:modified_time\" content=\"2022-07-25T12:19:04+00:00\" \/>\n<meta property=\"og:image\" content=\"https:\/\/etecnic.es\/wp-content\/uploads\/2022\/03\/GANDESA-PUNTOS-DE-RECARGA-1.jpg\" \/>\n\t<meta property=\"og:image:width\" content=\"1024\" \/>\n\t<meta property=\"og:image:height\" content=\"768\" \/>\n\t<meta property=\"og:image:type\" content=\"image\/jpeg\" \/>\n<meta name=\"author\" content=\"adminetecnic\" \/>\n<meta name=\"twitter:card\" content=\"summary_large_image\" \/>\n<meta name=\"twitter:creator\" content=\"@etecnic\" \/>\n<meta name=\"twitter:site\" content=\"@etecnic\" \/>\n<meta name=\"twitter:label1\" content=\"Escrit per\" \/>\n\t<meta name=\"twitter:data1\" content=\"adminetecnic\" \/>\n\t<meta name=\"twitter:label2\" content=\"Temps estimat de lectura\" \/>\n\t<meta name=\"twitter:data2\" content=\"18 minutes\" \/>\n<script type=\"application\/ld+json\" class=\"yoast-schema-graph\">{\"@context\":\"https:\\\/\\\/schema.org\",\"@graph\":[{\"@type\":\"Article\",\"@id\":\"https:\\\/\\\/etecnic.es\\\/ca\\\/noticies\\\/sector-ca\\\/ladministracio-publica-juga-un-paper-clau-en-posar-la-mobilitat-electrica-al-servei-del-ciutada\\\/#article\",\"isPartOf\":{\"@id\":\"https:\\\/\\\/etecnic.es\\\/ca\\\/noticies\\\/sector-ca\\\/ladministracio-publica-juga-un-paper-clau-en-posar-la-mobilitat-electrica-al-servei-del-ciutada\\\/\"},\"author\":{\"name\":\"adminetecnic\",\"@id\":\"https:\\\/\\\/etecnic.es\\\/#\\\/schema\\\/person\\\/f9d89d791b5f70d806250a61e52bb741\"},\"headline\":\"L&#8217;administraci\u00f3 p\u00fablica juga un paper clau en posar la mobilitat el\u00e8ctrica al servei del ciutad\u00e0\",\"datePublished\":\"2022-07-25T12:19:03+00:00\",\"dateModified\":\"2022-07-25T12:19:04+00:00\",\"mainEntityOfPage\":{\"@id\":\"https:\\\/\\\/etecnic.es\\\/ca\\\/noticies\\\/sector-ca\\\/ladministracio-publica-juga-un-paper-clau-en-posar-la-mobilitat-electrica-al-servei-del-ciutada\\\/\"},\"wordCount\":7980,\"image\":{\"@id\":\"https:\\\/\\\/etecnic.es\\\/ca\\\/noticies\\\/sector-ca\\\/ladministracio-publica-juga-un-paper-clau-en-posar-la-mobilitat-electrica-al-servei-del-ciutada\\\/#primaryimage\"},\"thumbnailUrl\":\"https:\\\/\\\/etecnic.es\\\/wp-content\\\/uploads\\\/2022\\\/03\\\/GANDESA-PUNTOS-DE-RECARGA-1.jpg\",\"keywords\":[\"Catalunya\",\"mobilitat el\u00e8ctrica\",\"municipis\",\"punts de rec\u00e0rrega\"],\"articleSection\":[\"Ayudes i subvencions\",\"Etecnic\",\"Mobilitat el\u00e8ctrica\",\"Sector\"],\"inLanguage\":\"ca\"},{\"@type\":\"WebPage\",\"@id\":\"https:\\\/\\\/etecnic.es\\\/ca\\\/noticies\\\/sector-ca\\\/ladministracio-publica-juga-un-paper-clau-en-posar-la-mobilitat-electrica-al-servei-del-ciutada\\\/\",\"url\":\"https:\\\/\\\/etecnic.es\\\/ca\\\/noticies\\\/sector-ca\\\/ladministracio-publica-juga-un-paper-clau-en-posar-la-mobilitat-electrica-al-servei-del-ciutada\\\/\",\"name\":\"L'administraci\u00f3 p\u00fablica juga un paper clau en posar la mobilitat el\u00e8ctrica al servei del ciutad\u00e0\",\"isPartOf\":{\"@id\":\"https:\\\/\\\/etecnic.es\\\/#website\"},\"primaryImageOfPage\":{\"@id\":\"https:\\\/\\\/etecnic.es\\\/ca\\\/noticies\\\/sector-ca\\\/ladministracio-publica-juga-un-paper-clau-en-posar-la-mobilitat-electrica-al-servei-del-ciutada\\\/#primaryimage\"},\"image\":{\"@id\":\"https:\\\/\\\/etecnic.es\\\/ca\\\/noticies\\\/sector-ca\\\/ladministracio-publica-juga-un-paper-clau-en-posar-la-mobilitat-electrica-al-servei-del-ciutada\\\/#primaryimage\"},\"thumbnailUrl\":\"https:\\\/\\\/etecnic.es\\\/wp-content\\\/uploads\\\/2022\\\/03\\\/GANDESA-PUNTOS-DE-RECARGA-1.jpg\",\"datePublished\":\"2022-07-25T12:19:03+00:00\",\"dateModified\":\"2022-07-25T12:19:04+00:00\",\"author\":{\"@id\":\"https:\\\/\\\/etecnic.es\\\/#\\\/schema\\\/person\\\/f9d89d791b5f70d806250a61e52bb741\"},\"description\":\"Tot el que necessita saber l'administraci\u00f3 per intal\u00b7lar un punt de rec\u00e0rrega i apostar per la mobilitat el\u00e8ctrica com a servei p\u00fablic\",\"breadcrumb\":{\"@id\":\"https:\\\/\\\/etecnic.es\\\/ca\\\/noticies\\\/sector-ca\\\/ladministracio-publica-juga-un-paper-clau-en-posar-la-mobilitat-electrica-al-servei-del-ciutada\\\/#breadcrumb\"},\"inLanguage\":\"ca\",\"potentialAction\":[{\"@type\":\"ReadAction\",\"target\":[\"https:\\\/\\\/etecnic.es\\\/ca\\\/noticies\\\/sector-ca\\\/ladministracio-publica-juga-un-paper-clau-en-posar-la-mobilitat-electrica-al-servei-del-ciutada\\\/\"]}]},{\"@type\":\"ImageObject\",\"inLanguage\":\"ca\",\"@id\":\"https:\\\/\\\/etecnic.es\\\/ca\\\/noticies\\\/sector-ca\\\/ladministracio-publica-juga-un-paper-clau-en-posar-la-mobilitat-electrica-al-servei-del-ciutada\\\/#primaryimage\",\"url\":\"https:\\\/\\\/etecnic.es\\\/wp-content\\\/uploads\\\/2022\\\/03\\\/GANDESA-PUNTOS-DE-RECARGA-1.jpg\",\"contentUrl\":\"https:\\\/\\\/etecnic.es\\\/wp-content\\\/uploads\\\/2022\\\/03\\\/GANDESA-PUNTOS-DE-RECARGA-1.jpg\",\"width\":1024,\"height\":768,\"caption\":\"punts-recarrega-gandesa\"},{\"@type\":\"BreadcrumbList\",\"@id\":\"https:\\\/\\\/etecnic.es\\\/ca\\\/noticies\\\/sector-ca\\\/ladministracio-publica-juga-un-paper-clau-en-posar-la-mobilitat-electrica-al-servei-del-ciutada\\\/#breadcrumb\",\"itemListElement\":[{\"@type\":\"ListItem\",\"position\":1,\"name\":\"Portada\",\"item\":\"https:\\\/\\\/etecnic.es\\\/ca\\\/\"},{\"@type\":\"ListItem\",\"position\":2,\"name\":\"L&#8217;administraci\u00f3 p\u00fablica juga un paper clau en posar la mobilitat el\u00e8ctrica al servei del ciutad\u00e0\"}]},{\"@type\":\"WebSite\",\"@id\":\"https:\\\/\\\/etecnic.es\\\/#website\",\"url\":\"https:\\\/\\\/etecnic.es\\\/\",\"name\":\"Etecnic - Delivering End-to-end charging solution for electric vehicles\",\"description\":\"EVcharge is the software platform that allows you to manage and operate your smart charging points to scale your business. Comprehensive control software and App solution.\",\"potentialAction\":[{\"@type\":\"SearchAction\",\"target\":{\"@type\":\"EntryPoint\",\"urlTemplate\":\"https:\\\/\\\/etecnic.es\\\/?s={search_term_string}\"},\"query-input\":{\"@type\":\"PropertyValueSpecification\",\"valueRequired\":true,\"valueName\":\"search_term_string\"}}],\"inLanguage\":\"ca\"},{\"@type\":\"Person\",\"@id\":\"https:\\\/\\\/etecnic.es\\\/#\\\/schema\\\/person\\\/f9d89d791b5f70d806250a61e52bb741\",\"name\":\"adminetecnic\",\"image\":{\"@type\":\"ImageObject\",\"inLanguage\":\"ca\",\"@id\":\"https:\\\/\\\/secure.gravatar.com\\\/avatar\\\/ea24b8f7949137f0763045d98d115a3f8ee890a1d9b469c9aecac3c563866de5?s=96&d=mm&r=g\",\"url\":\"https:\\\/\\\/secure.gravatar.com\\\/avatar\\\/ea24b8f7949137f0763045d98d115a3f8ee890a1d9b469c9aecac3c563866de5?s=96&d=mm&r=g\",\"contentUrl\":\"https:\\\/\\\/secure.gravatar.com\\\/avatar\\\/ea24b8f7949137f0763045d98d115a3f8ee890a1d9b469c9aecac3c563866de5?s=96&d=mm&r=g\",\"caption\":\"adminetecnic\"},\"url\":\"https:\\\/\\\/etecnic.es\\\/ca\\\/author\\\/adminetecnic\\\/\"}]}<\/script>\n<!-- \/ Yoast SEO plugin. -->","yoast_head_json":{"title":"L'administraci\u00f3 p\u00fablica juga un paper clau en posar la mobilitat el\u00e8ctrica al servei del ciutad\u00e0","description":"Tot el que necessita saber l'administraci\u00f3 per intal\u00b7lar un punt de rec\u00e0rrega i apostar per la mobilitat el\u00e8ctrica com a servei p\u00fablic","robots":{"index":"index","follow":"follow","max-snippet":"max-snippet:-1","max-image-preview":"max-image-preview:large","max-video-preview":"max-video-preview:-1"},"canonical":"https:\/\/etecnic.es\/ca\/noticies\/sector-ca\/ladministracio-publica-juga-un-paper-clau-en-posar-la-mobilitat-electrica-al-servei-del-ciutada\/","og_locale":"ca_ES","og_type":"article","og_title":"L'administraci\u00f3 p\u00fablica juga un paper clau en posar la mobilitat el\u00e8ctrica al servei del ciutad\u00e0","og_description":"Tot el que necessita saber l'administraci\u00f3 per intal\u00b7lar un punt de rec\u00e0rrega i apostar per la mobilitat el\u00e8ctrica com a servei p\u00fablic","og_url":"https:\/\/etecnic.es\/ca\/noticies\/sector-ca\/ladministracio-publica-juga-un-paper-clau-en-posar-la-mobilitat-electrica-al-servei-del-ciutada\/","og_site_name":"Etecnic - Delivering End-to-end charging solution for electric vehicles","article_publisher":"https:\/\/www.facebook.com\/etecnic?fref=ts%2f","article_published_time":"2022-07-25T12:19:03+00:00","article_modified_time":"2022-07-25T12:19:04+00:00","og_image":[{"width":1024,"height":768,"url":"https:\/\/etecnic.es\/wp-content\/uploads\/2022\/03\/GANDESA-PUNTOS-DE-RECARGA-1.jpg","type":"image\/jpeg"}],"author":"adminetecnic","twitter_card":"summary_large_image","twitter_creator":"@etecnic","twitter_site":"@etecnic","twitter_misc":{"Escrit per":"adminetecnic","Temps estimat de lectura":"18 minutes"},"schema":{"@context":"https:\/\/schema.org","@graph":[{"@type":"Article","@id":"https:\/\/etecnic.es\/ca\/noticies\/sector-ca\/ladministracio-publica-juga-un-paper-clau-en-posar-la-mobilitat-electrica-al-servei-del-ciutada\/#article","isPartOf":{"@id":"https:\/\/etecnic.es\/ca\/noticies\/sector-ca\/ladministracio-publica-juga-un-paper-clau-en-posar-la-mobilitat-electrica-al-servei-del-ciutada\/"},"author":{"name":"adminetecnic","@id":"https:\/\/etecnic.es\/#\/schema\/person\/f9d89d791b5f70d806250a61e52bb741"},"headline":"L&#8217;administraci\u00f3 p\u00fablica juga un paper clau en posar la mobilitat el\u00e8ctrica al servei del ciutad\u00e0","datePublished":"2022-07-25T12:19:03+00:00","dateModified":"2022-07-25T12:19:04+00:00","mainEntityOfPage":{"@id":"https:\/\/etecnic.es\/ca\/noticies\/sector-ca\/ladministracio-publica-juga-un-paper-clau-en-posar-la-mobilitat-electrica-al-servei-del-ciutada\/"},"wordCount":7980,"image":{"@id":"https:\/\/etecnic.es\/ca\/noticies\/sector-ca\/ladministracio-publica-juga-un-paper-clau-en-posar-la-mobilitat-electrica-al-servei-del-ciutada\/#primaryimage"},"thumbnailUrl":"https:\/\/etecnic.es\/wp-content\/uploads\/2022\/03\/GANDESA-PUNTOS-DE-RECARGA-1.jpg","keywords":["Catalunya","mobilitat el\u00e8ctrica","municipis","punts de rec\u00e0rrega"],"articleSection":["Ayudes i subvencions","Etecnic","Mobilitat el\u00e8ctrica","Sector"],"inLanguage":"ca"},{"@type":"WebPage","@id":"https:\/\/etecnic.es\/ca\/noticies\/sector-ca\/ladministracio-publica-juga-un-paper-clau-en-posar-la-mobilitat-electrica-al-servei-del-ciutada\/","url":"https:\/\/etecnic.es\/ca\/noticies\/sector-ca\/ladministracio-publica-juga-un-paper-clau-en-posar-la-mobilitat-electrica-al-servei-del-ciutada\/","name":"L'administraci\u00f3 p\u00fablica juga un paper clau en posar la mobilitat el\u00e8ctrica al servei del ciutad\u00e0","isPartOf":{"@id":"https:\/\/etecnic.es\/#website"},"primaryImageOfPage":{"@id":"https:\/\/etecnic.es\/ca\/noticies\/sector-ca\/ladministracio-publica-juga-un-paper-clau-en-posar-la-mobilitat-electrica-al-servei-del-ciutada\/#primaryimage"},"image":{"@id":"https:\/\/etecnic.es\/ca\/noticies\/sector-ca\/ladministracio-publica-juga-un-paper-clau-en-posar-la-mobilitat-electrica-al-servei-del-ciutada\/#primaryimage"},"thumbnailUrl":"https:\/\/etecnic.es\/wp-content\/uploads\/2022\/03\/GANDESA-PUNTOS-DE-RECARGA-1.jpg","datePublished":"2022-07-25T12:19:03+00:00","dateModified":"2022-07-25T12:19:04+00:00","author":{"@id":"https:\/\/etecnic.es\/#\/schema\/person\/f9d89d791b5f70d806250a61e52bb741"},"description":"Tot el que necessita saber l'administraci\u00f3 per intal\u00b7lar un punt de rec\u00e0rrega i apostar per la mobilitat el\u00e8ctrica com a servei p\u00fablic","breadcrumb":{"@id":"https:\/\/etecnic.es\/ca\/noticies\/sector-ca\/ladministracio-publica-juga-un-paper-clau-en-posar-la-mobilitat-electrica-al-servei-del-ciutada\/#breadcrumb"},"inLanguage":"ca","potentialAction":[{"@type":"ReadAction","target":["https:\/\/etecnic.es\/ca\/noticies\/sector-ca\/ladministracio-publica-juga-un-paper-clau-en-posar-la-mobilitat-electrica-al-servei-del-ciutada\/"]}]},{"@type":"ImageObject","inLanguage":"ca","@id":"https:\/\/etecnic.es\/ca\/noticies\/sector-ca\/ladministracio-publica-juga-un-paper-clau-en-posar-la-mobilitat-electrica-al-servei-del-ciutada\/#primaryimage","url":"https:\/\/etecnic.es\/wp-content\/uploads\/2022\/03\/GANDESA-PUNTOS-DE-RECARGA-1.jpg","contentUrl":"https:\/\/etecnic.es\/wp-content\/uploads\/2022\/03\/GANDESA-PUNTOS-DE-RECARGA-1.jpg","width":1024,"height":768,"caption":"punts-recarrega-gandesa"},{"@type":"BreadcrumbList","@id":"https:\/\/etecnic.es\/ca\/noticies\/sector-ca\/ladministracio-publica-juga-un-paper-clau-en-posar-la-mobilitat-electrica-al-servei-del-ciutada\/#breadcrumb","itemListElement":[{"@type":"ListItem","position":1,"name":"Portada","item":"https:\/\/etecnic.es\/ca\/"},{"@type":"ListItem","position":2,"name":"L&#8217;administraci\u00f3 p\u00fablica juga un paper clau en posar la mobilitat el\u00e8ctrica al servei del ciutad\u00e0"}]},{"@type":"WebSite","@id":"https:\/\/etecnic.es\/#website","url":"https:\/\/etecnic.es\/","name":"Etecnic - Delivering End-to-end charging solution for electric vehicles","description":"EVcharge is the software platform that allows you to manage and operate your smart charging points to scale your business. Comprehensive control software and App solution.","potentialAction":[{"@type":"SearchAction","target":{"@type":"EntryPoint","urlTemplate":"https:\/\/etecnic.es\/?s={search_term_string}"},"query-input":{"@type":"PropertyValueSpecification","valueRequired":true,"valueName":"search_term_string"}}],"inLanguage":"ca"},{"@type":"Person","@id":"https:\/\/etecnic.es\/#\/schema\/person\/f9d89d791b5f70d806250a61e52bb741","name":"adminetecnic","image":{"@type":"ImageObject","inLanguage":"ca","@id":"https:\/\/secure.gravatar.com\/avatar\/ea24b8f7949137f0763045d98d115a3f8ee890a1d9b469c9aecac3c563866de5?s=96&d=mm&r=g","url":"https:\/\/secure.gravatar.com\/avatar\/ea24b8f7949137f0763045d98d115a3f8ee890a1d9b469c9aecac3c563866de5?s=96&d=mm&r=g","contentUrl":"https:\/\/secure.gravatar.com\/avatar\/ea24b8f7949137f0763045d98d115a3f8ee890a1d9b469c9aecac3c563866de5?s=96&d=mm&r=g","caption":"adminetecnic"},"url":"https:\/\/etecnic.es\/ca\/author\/adminetecnic\/"}]}},"_links":{"self":[{"href":"https:\/\/etecnic.es\/ca\/wp-json\/wp\/v2\/posts\/16608","targetHints":{"allow":["GET"]}}],"collection":[{"href":"https:\/\/etecnic.es\/ca\/wp-json\/wp\/v2\/posts"}],"about":[{"href":"https:\/\/etecnic.es\/ca\/wp-json\/wp\/v2\/types\/post"}],"author":[{"embeddable":true,"href":"https:\/\/etecnic.es\/ca\/wp-json\/wp\/v2\/users\/4"}],"replies":[{"embeddable":true,"href":"https:\/\/etecnic.es\/ca\/wp-json\/wp\/v2\/comments?post=16608"}],"version-history":[{"count":10,"href":"https:\/\/etecnic.es\/ca\/wp-json\/wp\/v2\/posts\/16608\/revisions"}],"predecessor-version":[{"id":16625,"href":"https:\/\/etecnic.es\/ca\/wp-json\/wp\/v2\/posts\/16608\/revisions\/16625"}],"wp:featuredmedia":[{"embeddable":true,"href":"https:\/\/etecnic.es\/ca\/wp-json\/wp\/v2\/media\/15778"}],"wp:attachment":[{"href":"https:\/\/etecnic.es\/ca\/wp-json\/wp\/v2\/media?parent=16608"}],"wp:term":[{"taxonomy":"category","embeddable":true,"href":"https:\/\/etecnic.es\/ca\/wp-json\/wp\/v2\/categories?post=16608"},{"taxonomy":"post_tag","embeddable":true,"href":"https:\/\/etecnic.es\/ca\/wp-json\/wp\/v2\/tags?post=16608"}],"curies":[{"name":"wp","href":"https:\/\/api.w.org\/{rel}","templated":true}]}}