{"id":15079,"date":"2022-01-11T10:53:46","date_gmt":"2022-01-11T10:53:46","guid":{"rendered":"https:\/\/etecnic.es\/ca\/?p=15079"},"modified":"2022-03-17T11:38:37","modified_gmt":"2022-03-17T11:38:37","slug":"la-primera-estacio-de-recarrega-ultrarrapida-a-tarragona","status":"publish","type":"post","link":"https:\/\/etecnic.es\/ca\/noticies\/la-primera-estacio-de-recarrega-ultrarrapida-a-tarragona\/","title":{"rendered":"La primera estaci\u00f3 de rec\u00e0rrega ultrarr\u00e0pida a Tarragona"},"content":{"rendered":"<p><div class=\"fusion-fullwidth fullwidth-box fusion-builder-row-1 fusion-flex-container nonhundred-percent-fullwidth non-hundred-percent-height-scrolling\" style=\"--awb-border-radius-top-left:0px;--awb-border-radius-top-right:0px;--awb-border-radius-bottom-right:0px;--awb-border-radius-bottom-left:0px;--awb-flex-wrap:wrap;\" ><div class=\"fusion-builder-row fusion-row fusion-flex-align-items-flex-start fusion-flex-content-wrap\" style=\"max-width:1331.2px;margin-left: calc(-4% \/ 2 );margin-right: calc(-4% \/ 2 );\"><div class=\"fusion-layout-column fusion_builder_column fusion-builder-column-0 fusion_builder_column_1_1 1_1 fusion-flex-column\" style=\"--awb-bg-size:cover;--awb-width-large:100%;--awb-margin-top-large:0px;--awb-spacing-right-large:1.92%;--awb-margin-bottom-large:0px;--awb-spacing-left-large:1.92%;--awb-width-medium:100%;--awb-order-medium:0;--awb-spacing-right-medium:1.92%;--awb-spacing-left-medium:1.92%;--awb-width-small:100%;--awb-order-small:0;--awb-spacing-right-small:1.92%;--awb-spacing-left-small:1.92%;\"><div class=\"fusion-column-wrapper fusion-column-has-shadow fusion-flex-justify-content-flex-start fusion-content-layout-column\"><div class=\"fusion-title title fusion-title-1 fusion-sep-none fusion-title-text fusion-title-size-three\" style=\"--awb-margin-top-small:0px;--awb-margin-right-small:0px;--awb-margin-bottom-small:20px;--awb-margin-left-small:0px;\"><h3 class=\"fusion-title-heading title-heading-left fusion-responsive-typography-calculated\" style=\"margin:0;--fontSize:26;line-height:1.1;\">Etecnic Energy and Mobility desenvolupar\u00e0 a Tarragona la primera estaci\u00f3 de servei ultrar\u00e0pida \u00a0des de la seva unitat de negoci especialitzada ECOSTATION. Ser\u00e0 totalment el\u00e8ctrica i amb autoprotecci\u00f3 d&#8217;energia fotovoltaica.<\/h3><\/div><\/div><\/div><\/div><\/div><div class=\"fusion-fullwidth fullwidth-box fusion-builder-row-2 fusion-flex-container nonhundred-percent-fullwidth non-hundred-percent-height-scrolling\" style=\"--awb-border-radius-top-left:0px;--awb-border-radius-top-right:0px;--awb-border-radius-bottom-right:0px;--awb-border-radius-bottom-left:0px;--awb-flex-wrap:wrap;\" ><div class=\"fusion-builder-row fusion-row fusion-flex-align-items-flex-start fusion-flex-content-wrap\" style=\"max-width:1331.2px;margin-left: calc(-4% \/ 2 );margin-right: calc(-4% \/ 2 );\"><div class=\"fusion-layout-column fusion_builder_column fusion-builder-column-1 fusion_builder_column_1_1 1_1 fusion-flex-column\" style=\"--awb-bg-size:cover;--awb-width-large:100%;--awb-margin-top-large:0px;--awb-spacing-right-large:1.92%;--awb-margin-bottom-large:0px;--awb-spacing-left-large:1.92%;--awb-width-medium:100%;--awb-order-medium:0;--awb-spacing-right-medium:1.92%;--awb-spacing-left-medium:1.92%;--awb-width-small:100%;--awb-order-small:0;--awb-spacing-right-small:1.92%;--awb-spacing-left-small:1.92%;\"><div class=\"fusion-column-wrapper fusion-column-has-shadow fusion-flex-justify-content-flex-start fusion-content-layout-column\"><div class=\"fusion-title title fusion-title-2 fusion-sep-none fusion-title-text fusion-title-size-four\" style=\"--awb-margin-top-small:0px;--awb-margin-right-small:0px;--awb-margin-bottom-small:20px;--awb-margin-left-small:0px;\"><h4 class=\"fusion-title-heading title-heading-left fusion-responsive-typography-calculated\" style=\"margin:0;--fontSize:20;--minFontSize:20;line-height:1.1;\"><h5 style=\"text-align: center;\">ECOSTATION, la unitat de negoci especialitzada en el disseny, instal\u00b7laci\u00f3 i gesti\u00f3 d&#8217;estacions de servei el\u00e8ctriques, desenvolupar\u00e0 el projecte m\u00e9s gran fins a la data a Espanya. T\u00e9 una capacitat total instal\u00b7lada en infraestructura de rec\u00e0rrega per vehicles el\u00e8ctrics de 1.620 MW. Amb una planta d&#8217;autoproducci\u00f3 solar fotovoltaica de 240 kWp, en el principal pol\u00edgon log\u00edstic de Tarragona.<\/h5><\/h4><\/div><\/div><\/div><\/div><\/div><div class=\"fusion-fullwidth fullwidth-box fusion-builder-row-3 fusion-flex-container nonhundred-percent-fullwidth non-hundred-percent-height-scrolling\" style=\"--awb-border-radius-top-left:0px;--awb-border-radius-top-right:0px;--awb-border-radius-bottom-right:0px;--awb-border-radius-bottom-left:0px;--awb-flex-wrap:wrap;\" ><div class=\"fusion-builder-row fusion-row fusion-flex-align-items-flex-start fusion-flex-content-wrap\" style=\"max-width:1331.2px;margin-left: calc(-4% \/ 2 );margin-right: calc(-4% \/ 2 );\"><div class=\"fusion-layout-column fusion_builder_column fusion-builder-column-2 fusion_builder_column_1_1 1_1 fusion-flex-column\" style=\"--awb-bg-size:cover;--awb-width-large:100%;--awb-margin-top-large:0px;--awb-spacing-right-large:1.92%;--awb-margin-bottom-large:0px;--awb-spacing-left-large:1.92%;--awb-width-medium:100%;--awb-order-medium:0;--awb-spacing-right-medium:1.92%;--awb-spacing-left-medium:1.92%;--awb-width-small:100%;--awb-order-small:0;--awb-spacing-right-small:1.92%;--awb-spacing-left-small:1.92%;\"><div class=\"fusion-column-wrapper fusion-column-has-shadow fusion-flex-justify-content-flex-start fusion-content-layout-column\"><div class=\"fusion-text fusion-text-1\"><p>Reus (Tarragona), 31 de desembre del 2021.<\/p>\n<p>El projecte desenvolupat \u00edntegrament per <a href=\"https:\/\/ecostation.es\/\">ECOSTATION<\/a> tindr\u00e0, en el cor del principal pol\u00edgon log\u00edstic i de serveis de Tarragona. Ser\u00e0 la instal\u00b7laci\u00f3 m\u00e9s gran fins a la data d&#8217;infraestructura de rec\u00e0rrega<strong> ULTRAR\u00c0PIDA<\/strong>,<strong> amb m\u00e9s de 9 equips de 180kW projectats<\/strong>. Cadascun dels 9 equips projectats podr\u00e0 donar servei a 3 places de c\u00e0rrega simult\u00e0nies, comptant amb dues places ultrar\u00e0pides (fins 180kW) i una pla\u00e7a extra de velocitat semirr\u00e0pida (22kW). Per tant, tindr\u00e0 27 places de rec\u00e0rrega simult\u00e0nia. La instal\u00b7laci\u00f3 tamb\u00e9 comptar\u00e0 amb una <strong>planta d&#8217;autoprotecci\u00f3 d&#8217;energia solar fotovoltaica de 240kWp<\/strong> que aportar\u00e0 m\u00e9s del 80% de la seva producci\u00f3 a l&#8217;autoconsum de la instal\u00b7laci\u00f3, tancant el cercle d&#8217;autoprove\u00efment d&#8217;<strong>energia verda renovable. <\/strong><\/p>\n<\/div><div class=\"fusion-text fusion-text-2\"><p>A m\u00e9s, la instal\u00b7laci\u00f3 comptar\u00e0 amb els sistemes m\u00e9s moderns de connectivitat i gesti\u00f3 d&#8217;aquest tipus d&#8217;electrolineres, com \u00e9s el sistema <strong>Plug and Charge<\/strong>, on els usuaris un cop registrats a l&#8217;aplicaci\u00f3 <strong>EVcharge<\/strong> podran fer \u00fas dels carregadors simplement connectant el vehicle al carregador. La plataforma EVcharge ser\u00e0 la responsable d&#8217;identificar al usuari i al vehicle i autoritzar la c\u00e0rrega, aix\u00ed de simple. Altra sistema amb el que comptar\u00e0 aquesta moderna instal\u00b7laci\u00f3 \u00e9s un sistema de preu din\u00e0mic o <strong>Smart Pricing<\/strong>, on s&#8217;oferir\u00e0 el millor preu possible segons el cost de la energia obtinguda, favorint l&#8217;\u00fas de les energies renovables de km 0. Aquest preu es podr\u00e0 con\u00e8ixer a trav\u00e9s de l&#8217;aplicaci\u00f3 m\u00f2vil. Tamb\u00e9 comptar\u00e0 amb un sistema de guiat lum\u00ednic on indicar\u00e0 les places lliures i\/o recomanades per la rec\u00e0rrega, d&#8217;aquesra manera s&#8217;aconsegueix un m\u00e0xim rendiment de velocitat de rec\u00e0rrega amb una major efici\u00e8ncia energ\u00e8tica.<\/p>\n<p>El pressupost total de la instal\u00b7laci\u00f3 projectada per la primera fase ser\u00e0 de 897.226,85\u20ac i comptar\u00e0 amb la m\u00e0xima subvenci\u00f3 del <a href=\"https:\/\/etecnic.es\/noticias\/sector\/ayudas-subvenciones\/moves-2021\/\">MOVES 3<\/a> per la seva execuci\u00f3.<\/p>\n<\/div><\/div><\/div><\/div><\/div><div class=\"fusion-fullwidth fullwidth-box fusion-builder-row-4 fusion-flex-container nonhundred-percent-fullwidth non-hundred-percent-height-scrolling\" style=\"--awb-border-radius-top-left:0px;--awb-border-radius-top-right:0px;--awb-border-radius-bottom-right:0px;--awb-border-radius-bottom-left:0px;--awb-padding-right:4%;--awb-padding-left:4%;--awb-margin-top:2%;--awb-flex-wrap:wrap;\" ><div class=\"fusion-builder-row fusion-row fusion-flex-align-items-center fusion-flex-content-wrap\" style=\"max-width:1331.2px;margin-left: calc(-4% \/ 2 );margin-right: calc(-4% \/ 2 );\"><div class=\"fusion-layout-column fusion_builder_column fusion-builder-column-3 fusion_builder_column_1_1 1_1 fusion-flex-column fusion-flex-align-self-center\" style=\"--awb-bg-size:cover;--awb-width-large:100%;--awb-margin-top-large:0px;--awb-spacing-right-large:1.92%;--awb-margin-bottom-large:0px;--awb-spacing-left-large:1.92%;--awb-width-medium:100%;--awb-order-medium:0;--awb-spacing-right-medium:1.92%;--awb-spacing-left-medium:1.92%;--awb-width-small:100%;--awb-order-small:0;--awb-spacing-right-small:1.92%;--awb-spacing-left-small:1.92%;\"><div class=\"fusion-column-wrapper fusion-column-has-shadow fusion-flex-justify-content-flex-start fusion-content-layout-column\"><div class=\"fusion-title title fusion-title-3 fusion-sep-none fusion-title-center fusion-title-text fusion-title-size-three\" style=\"--awb-margin-top-small:0px;--awb-margin-right-small:0px;--awb-margin-bottom-small:20px;--awb-margin-left-small:0px;\"><h3 class=\"fusion-title-heading title-heading-center fusion-responsive-typography-calculated\" style=\"margin:0;--fontSize:26;line-height:1.1;\"><strong>Vols descobrir com et podem ajudar?<\/strong><\/h3><\/div><div class=\"fusion-title title fusion-title-4 fusion-sep-none fusion-title-center fusion-title-text fusion-title-size-three\" style=\"--awb-margin-top-small:0px;--awb-margin-right-small:0px;--awb-margin-bottom-small:20px;--awb-margin-left-small:0px;\"><h3 class=\"fusion-title-heading title-heading-center fusion-responsive-typography-calculated\" style=\"margin:0;--fontSize:26;line-height:1.1;\">Deixa el teu contacte i el nostre t\u00e8cnic et contactar\u00e0!<\/h3><\/div><div id=\"zf_div_nbN4ps5URIKRbqncDand8dOF1Fqo6mIZcwy-udS40Vo\"><\/div><script type=\"text\/javascript\">(function() {\ntry{\nvar f = document.createElement(\"iframe\");   \nf.src = 'https:\/\/forms.zohopublic.com\/marketing351\/form\/ETECNICEntradasBlogokCAT\/formperma\/nbN4ps5URIKRbqncDand8dOF1Fqo6mIZcwy-udS40Vo?zf_rszfm=1';\nf.style.border=\"none\";                                           \nf.style.height=\"1125px\";\nf.style.width=\"90%\";\nf.style.transition=\"all 0.5s ease\";\nvar d = document.getElementById(\"zf_div_nbN4ps5URIKRbqncDand8dOF1Fqo6mIZcwy-udS40Vo\");\nd.appendChild(f);\nwindow.addEventListener('message', function (){\nvar evntData = event.data;\nif( evntData && evntData.constructor == String ){\nvar zf_ifrm_data = evntData.split(\"|\");\nif ( zf_ifrm_data.length == 2 ) {\nvar zf_perma = zf_ifrm_data[0];\nvar zf_ifrm_ht_nw = ( parseInt(zf_ifrm_data[1], 10) + 15 ) + \"px\";\nvar iframe = document.getElementById(\"zf_div_nbN4ps5URIKRbqncDand8dOF1Fqo6mIZcwy-udS40Vo\").getElementsByTagName(\"iframe\")[0];\nif ( (iframe.src).indexOf('formperma') > 0 && (iframe.src).indexOf(zf_perma) > 0 ) {\nvar prevIframeHeight = iframe.style.height;\nif ( prevIframeHeight != zf_ifrm_ht_nw ) {\niframe.style.height = zf_ifrm_ht_nw;\n}   \n}\n}\n}\n}, false);\n}catch(e){}\n})();<\/script><\/div><\/div><\/div><\/div>\n<\/p>\n","protected":false},"excerpt":{"rendered":"","protected":false},"author":4,"featured_media":15058,"comment_status":"closed","ping_status":"closed","sticky":false,"template":"","format":"standard","meta":{"footnotes":"","_links_to":"","_links_to_target":""},"categories":[743,22,718],"tags":[],"class_list":["post-15079","post","type-post","status-publish","format-standard","has-post-thumbnail","hentry","category-ecostation","category-noticies","category-premsa"],"yoast_head":"<!-- This site is optimized with the Yoast SEO plugin v28.4 - https:\/\/yoast.com\/product\/yoast-seo-wordpress\/ -->\n<title>La primera estaci\u00f3 de rec\u00e0rrega ultrarr\u00e0pida a Tarragona Etecnic - Delivering End-to-end charging solution for electric vehicles<\/title>\n<meta name=\"description\" content=\"ECOSTATION desenvolupar\u00e0 a Tarragona la primera estaci\u00f3 de servei de rec\u00e0rrega ultrarr\u00e0pida el\u00e8ctrica i amb autoproducci\u00f3 de fotovoltaica.\" \/>\n<meta name=\"robots\" content=\"index, follow, max-snippet:-1, max-image-preview:large, max-video-preview:-1\" \/>\n<link rel=\"canonical\" href=\"https:\/\/etecnic.es\/ca\/noticies\/la-primera-estacio-de-recarrega-ultrarrapida-a-tarragona\/\" \/>\n<meta property=\"og:locale\" content=\"ca_ES\" \/>\n<meta property=\"og:type\" content=\"article\" \/>\n<meta property=\"og:title\" content=\"La primera estaci\u00f3 de rec\u00e0rrega ultrarr\u00e0pida a Tarragona Etecnic - Delivering End-to-end charging solution for electric vehicles\" \/>\n<meta property=\"og:description\" content=\"ECOSTATION desenvolupar\u00e0 a Tarragona la primera estaci\u00f3 de servei de rec\u00e0rrega ultrarr\u00e0pida el\u00e8ctrica i amb autoproducci\u00f3 de fotovoltaica.\" \/>\n<meta property=\"og:url\" content=\"https:\/\/etecnic.es\/ca\/noticies\/la-primera-estacio-de-recarrega-ultrarrapida-a-tarragona\/\" \/>\n<meta property=\"og:site_name\" content=\"Etecnic - Delivering End-to-end charging solution for electric vehicles\" \/>\n<meta property=\"article:publisher\" content=\"https:\/\/www.facebook.com\/etecnic?fref=ts%2f\" \/>\n<meta property=\"article:published_time\" content=\"2022-01-11T10:53:46+00:00\" \/>\n<meta property=\"article:modified_time\" content=\"2022-03-17T11:38:37+00:00\" \/>\n<meta property=\"og:image\" content=\"https:\/\/etecnic.es\/wp-content\/uploads\/2021\/12\/render04.jpg\" \/>\n\t<meta property=\"og:image:width\" content=\"1024\" \/>\n\t<meta property=\"og:image:height\" content=\"465\" \/>\n\t<meta property=\"og:image:type\" content=\"image\/jpeg\" \/>\n<meta name=\"author\" content=\"adminetecnic\" \/>\n<meta name=\"twitter:card\" content=\"summary_large_image\" \/>\n<meta name=\"twitter:creator\" content=\"@etecnic\" \/>\n<meta name=\"twitter:site\" content=\"@etecnic\" \/>\n<meta name=\"twitter:label1\" content=\"Escrit per\" \/>\n\t<meta name=\"twitter:data1\" content=\"adminetecnic\" \/>\n\t<meta name=\"twitter:label2\" content=\"Temps estimat de lectura\" \/>\n\t<meta name=\"twitter:data2\" content=\"7 minutes\" \/>\n<script type=\"application\/ld+json\" class=\"yoast-schema-graph\">{\"@context\":\"https:\\\/\\\/schema.org\",\"@graph\":[{\"@type\":\"Article\",\"@id\":\"https:\\\/\\\/etecnic.es\\\/ca\\\/noticies\\\/la-primera-estacio-de-recarrega-ultrarrapida-a-tarragona\\\/#article\",\"isPartOf\":{\"@id\":\"https:\\\/\\\/etecnic.es\\\/ca\\\/noticies\\\/la-primera-estacio-de-recarrega-ultrarrapida-a-tarragona\\\/\"},\"author\":{\"name\":\"adminetecnic\",\"@id\":\"https:\\\/\\\/etecnic.es\\\/#\\\/schema\\\/person\\\/f9d89d791b5f70d806250a61e52bb741\"},\"headline\":\"La primera estaci\u00f3 de rec\u00e0rrega ultrarr\u00e0pida a Tarragona\",\"datePublished\":\"2022-01-11T10:53:46+00:00\",\"dateModified\":\"2022-03-17T11:38:37+00:00\",\"mainEntityOfPage\":{\"@id\":\"https:\\\/\\\/etecnic.es\\\/ca\\\/noticies\\\/la-primera-estacio-de-recarrega-ultrarrapida-a-tarragona\\\/\"},\"wordCount\":2410,\"image\":{\"@id\":\"https:\\\/\\\/etecnic.es\\\/ca\\\/noticies\\\/la-primera-estacio-de-recarrega-ultrarrapida-a-tarragona\\\/#primaryimage\"},\"thumbnailUrl\":\"https:\\\/\\\/etecnic.es\\\/wp-content\\\/uploads\\\/2021\\\/12\\\/render04.jpg\",\"articleSection\":[\"ecostation\",\"Not\u00edcies\",\"Premsa\"],\"inLanguage\":\"ca\"},{\"@type\":\"WebPage\",\"@id\":\"https:\\\/\\\/etecnic.es\\\/ca\\\/noticies\\\/la-primera-estacio-de-recarrega-ultrarrapida-a-tarragona\\\/\",\"url\":\"https:\\\/\\\/etecnic.es\\\/ca\\\/noticies\\\/la-primera-estacio-de-recarrega-ultrarrapida-a-tarragona\\\/\",\"name\":\"La primera estaci\u00f3 de rec\u00e0rrega ultrarr\u00e0pida a Tarragona Etecnic - Delivering End-to-end charging solution for electric vehicles\",\"isPartOf\":{\"@id\":\"https:\\\/\\\/etecnic.es\\\/#website\"},\"primaryImageOfPage\":{\"@id\":\"https:\\\/\\\/etecnic.es\\\/ca\\\/noticies\\\/la-primera-estacio-de-recarrega-ultrarrapida-a-tarragona\\\/#primaryimage\"},\"image\":{\"@id\":\"https:\\\/\\\/etecnic.es\\\/ca\\\/noticies\\\/la-primera-estacio-de-recarrega-ultrarrapida-a-tarragona\\\/#primaryimage\"},\"thumbnailUrl\":\"https:\\\/\\\/etecnic.es\\\/wp-content\\\/uploads\\\/2021\\\/12\\\/render04.jpg\",\"datePublished\":\"2022-01-11T10:53:46+00:00\",\"dateModified\":\"2022-03-17T11:38:37+00:00\",\"author\":{\"@id\":\"https:\\\/\\\/etecnic.es\\\/#\\\/schema\\\/person\\\/f9d89d791b5f70d806250a61e52bb741\"},\"description\":\"ECOSTATION desenvolupar\u00e0 a Tarragona la primera estaci\u00f3 de servei de rec\u00e0rrega ultrarr\u00e0pida el\u00e8ctrica i amb autoproducci\u00f3 de fotovoltaica.\",\"breadcrumb\":{\"@id\":\"https:\\\/\\\/etecnic.es\\\/ca\\\/noticies\\\/la-primera-estacio-de-recarrega-ultrarrapida-a-tarragona\\\/#breadcrumb\"},\"inLanguage\":\"ca\",\"potentialAction\":[{\"@type\":\"ReadAction\",\"target\":[\"https:\\\/\\\/etecnic.es\\\/ca\\\/noticies\\\/la-primera-estacio-de-recarrega-ultrarrapida-a-tarragona\\\/\"]}]},{\"@type\":\"ImageObject\",\"inLanguage\":\"ca\",\"@id\":\"https:\\\/\\\/etecnic.es\\\/ca\\\/noticies\\\/la-primera-estacio-de-recarrega-ultrarrapida-a-tarragona\\\/#primaryimage\",\"url\":\"https:\\\/\\\/etecnic.es\\\/wp-content\\\/uploads\\\/2021\\\/12\\\/render04.jpg\",\"contentUrl\":\"https:\\\/\\\/etecnic.es\\\/wp-content\\\/uploads\\\/2021\\\/12\\\/render04.jpg\",\"width\":1024,\"height\":465,\"caption\":\"rec\u00e0rrega ultrarr\u00e0pida\"},{\"@type\":\"BreadcrumbList\",\"@id\":\"https:\\\/\\\/etecnic.es\\\/ca\\\/noticies\\\/la-primera-estacio-de-recarrega-ultrarrapida-a-tarragona\\\/#breadcrumb\",\"itemListElement\":[{\"@type\":\"ListItem\",\"position\":1,\"name\":\"Portada\",\"item\":\"https:\\\/\\\/etecnic.es\\\/ca\\\/\"},{\"@type\":\"ListItem\",\"position\":2,\"name\":\"La primera estaci\u00f3 de rec\u00e0rrega ultrarr\u00e0pida a Tarragona\"}]},{\"@type\":\"WebSite\",\"@id\":\"https:\\\/\\\/etecnic.es\\\/#website\",\"url\":\"https:\\\/\\\/etecnic.es\\\/\",\"name\":\"Etecnic - Delivering End-to-end charging solution for electric vehicles\",\"description\":\"EVcharge is the software platform that allows you to manage and operate your smart charging points to scale your business. Comprehensive control software and App solution.\",\"potentialAction\":[{\"@type\":\"SearchAction\",\"target\":{\"@type\":\"EntryPoint\",\"urlTemplate\":\"https:\\\/\\\/etecnic.es\\\/?s={search_term_string}\"},\"query-input\":{\"@type\":\"PropertyValueSpecification\",\"valueRequired\":true,\"valueName\":\"search_term_string\"}}],\"inLanguage\":\"ca\"},{\"@type\":\"Person\",\"@id\":\"https:\\\/\\\/etecnic.es\\\/#\\\/schema\\\/person\\\/f9d89d791b5f70d806250a61e52bb741\",\"name\":\"adminetecnic\",\"image\":{\"@type\":\"ImageObject\",\"inLanguage\":\"ca\",\"@id\":\"https:\\\/\\\/secure.gravatar.com\\\/avatar\\\/ea24b8f7949137f0763045d98d115a3f8ee890a1d9b469c9aecac3c563866de5?s=96&d=mm&r=g\",\"url\":\"https:\\\/\\\/secure.gravatar.com\\\/avatar\\\/ea24b8f7949137f0763045d98d115a3f8ee890a1d9b469c9aecac3c563866de5?s=96&d=mm&r=g\",\"contentUrl\":\"https:\\\/\\\/secure.gravatar.com\\\/avatar\\\/ea24b8f7949137f0763045d98d115a3f8ee890a1d9b469c9aecac3c563866de5?s=96&d=mm&r=g\",\"caption\":\"adminetecnic\"},\"url\":\"https:\\\/\\\/etecnic.es\\\/ca\\\/author\\\/adminetecnic\\\/\"}]}<\/script>\n<!-- \/ Yoast SEO plugin. -->","yoast_head_json":{"title":"La primera estaci\u00f3 de rec\u00e0rrega ultrarr\u00e0pida a Tarragona Etecnic - Delivering End-to-end charging solution for electric vehicles","description":"ECOSTATION desenvolupar\u00e0 a Tarragona la primera estaci\u00f3 de servei de rec\u00e0rrega ultrarr\u00e0pida el\u00e8ctrica i amb autoproducci\u00f3 de fotovoltaica.","robots":{"index":"index","follow":"follow","max-snippet":"max-snippet:-1","max-image-preview":"max-image-preview:large","max-video-preview":"max-video-preview:-1"},"canonical":"https:\/\/etecnic.es\/ca\/noticies\/la-primera-estacio-de-recarrega-ultrarrapida-a-tarragona\/","og_locale":"ca_ES","og_type":"article","og_title":"La primera estaci\u00f3 de rec\u00e0rrega ultrarr\u00e0pida a Tarragona Etecnic - Delivering End-to-end charging solution for electric vehicles","og_description":"ECOSTATION desenvolupar\u00e0 a Tarragona la primera estaci\u00f3 de servei de rec\u00e0rrega ultrarr\u00e0pida el\u00e8ctrica i amb autoproducci\u00f3 de fotovoltaica.","og_url":"https:\/\/etecnic.es\/ca\/noticies\/la-primera-estacio-de-recarrega-ultrarrapida-a-tarragona\/","og_site_name":"Etecnic - Delivering End-to-end charging solution for electric vehicles","article_publisher":"https:\/\/www.facebook.com\/etecnic?fref=ts%2f","article_published_time":"2022-01-11T10:53:46+00:00","article_modified_time":"2022-03-17T11:38:37+00:00","og_image":[{"width":1024,"height":465,"url":"https:\/\/etecnic.es\/wp-content\/uploads\/2021\/12\/render04.jpg","type":"image\/jpeg"}],"author":"adminetecnic","twitter_card":"summary_large_image","twitter_creator":"@etecnic","twitter_site":"@etecnic","twitter_misc":{"Escrit per":"adminetecnic","Temps estimat de lectura":"7 minutes"},"schema":{"@context":"https:\/\/schema.org","@graph":[{"@type":"Article","@id":"https:\/\/etecnic.es\/ca\/noticies\/la-primera-estacio-de-recarrega-ultrarrapida-a-tarragona\/#article","isPartOf":{"@id":"https:\/\/etecnic.es\/ca\/noticies\/la-primera-estacio-de-recarrega-ultrarrapida-a-tarragona\/"},"author":{"name":"adminetecnic","@id":"https:\/\/etecnic.es\/#\/schema\/person\/f9d89d791b5f70d806250a61e52bb741"},"headline":"La primera estaci\u00f3 de rec\u00e0rrega ultrarr\u00e0pida a Tarragona","datePublished":"2022-01-11T10:53:46+00:00","dateModified":"2022-03-17T11:38:37+00:00","mainEntityOfPage":{"@id":"https:\/\/etecnic.es\/ca\/noticies\/la-primera-estacio-de-recarrega-ultrarrapida-a-tarragona\/"},"wordCount":2410,"image":{"@id":"https:\/\/etecnic.es\/ca\/noticies\/la-primera-estacio-de-recarrega-ultrarrapida-a-tarragona\/#primaryimage"},"thumbnailUrl":"https:\/\/etecnic.es\/wp-content\/uploads\/2021\/12\/render04.jpg","articleSection":["ecostation","Not\u00edcies","Premsa"],"inLanguage":"ca"},{"@type":"WebPage","@id":"https:\/\/etecnic.es\/ca\/noticies\/la-primera-estacio-de-recarrega-ultrarrapida-a-tarragona\/","url":"https:\/\/etecnic.es\/ca\/noticies\/la-primera-estacio-de-recarrega-ultrarrapida-a-tarragona\/","name":"La primera estaci\u00f3 de rec\u00e0rrega ultrarr\u00e0pida a Tarragona Etecnic - Delivering End-to-end charging solution for electric vehicles","isPartOf":{"@id":"https:\/\/etecnic.es\/#website"},"primaryImageOfPage":{"@id":"https:\/\/etecnic.es\/ca\/noticies\/la-primera-estacio-de-recarrega-ultrarrapida-a-tarragona\/#primaryimage"},"image":{"@id":"https:\/\/etecnic.es\/ca\/noticies\/la-primera-estacio-de-recarrega-ultrarrapida-a-tarragona\/#primaryimage"},"thumbnailUrl":"https:\/\/etecnic.es\/wp-content\/uploads\/2021\/12\/render04.jpg","datePublished":"2022-01-11T10:53:46+00:00","dateModified":"2022-03-17T11:38:37+00:00","author":{"@id":"https:\/\/etecnic.es\/#\/schema\/person\/f9d89d791b5f70d806250a61e52bb741"},"description":"ECOSTATION desenvolupar\u00e0 a Tarragona la primera estaci\u00f3 de servei de rec\u00e0rrega ultrarr\u00e0pida el\u00e8ctrica i amb autoproducci\u00f3 de fotovoltaica.","breadcrumb":{"@id":"https:\/\/etecnic.es\/ca\/noticies\/la-primera-estacio-de-recarrega-ultrarrapida-a-tarragona\/#breadcrumb"},"inLanguage":"ca","potentialAction":[{"@type":"ReadAction","target":["https:\/\/etecnic.es\/ca\/noticies\/la-primera-estacio-de-recarrega-ultrarrapida-a-tarragona\/"]}]},{"@type":"ImageObject","inLanguage":"ca","@id":"https:\/\/etecnic.es\/ca\/noticies\/la-primera-estacio-de-recarrega-ultrarrapida-a-tarragona\/#primaryimage","url":"https:\/\/etecnic.es\/wp-content\/uploads\/2021\/12\/render04.jpg","contentUrl":"https:\/\/etecnic.es\/wp-content\/uploads\/2021\/12\/render04.jpg","width":1024,"height":465,"caption":"rec\u00e0rrega ultrarr\u00e0pida"},{"@type":"BreadcrumbList","@id":"https:\/\/etecnic.es\/ca\/noticies\/la-primera-estacio-de-recarrega-ultrarrapida-a-tarragona\/#breadcrumb","itemListElement":[{"@type":"ListItem","position":1,"name":"Portada","item":"https:\/\/etecnic.es\/ca\/"},{"@type":"ListItem","position":2,"name":"La primera estaci\u00f3 de rec\u00e0rrega ultrarr\u00e0pida a Tarragona"}]},{"@type":"WebSite","@id":"https:\/\/etecnic.es\/#website","url":"https:\/\/etecnic.es\/","name":"Etecnic - Delivering End-to-end charging solution for electric vehicles","description":"EVcharge is the software platform that allows you to manage and operate your smart charging points to scale your business. Comprehensive control software and App solution.","potentialAction":[{"@type":"SearchAction","target":{"@type":"EntryPoint","urlTemplate":"https:\/\/etecnic.es\/?s={search_term_string}"},"query-input":{"@type":"PropertyValueSpecification","valueRequired":true,"valueName":"search_term_string"}}],"inLanguage":"ca"},{"@type":"Person","@id":"https:\/\/etecnic.es\/#\/schema\/person\/f9d89d791b5f70d806250a61e52bb741","name":"adminetecnic","image":{"@type":"ImageObject","inLanguage":"ca","@id":"https:\/\/secure.gravatar.com\/avatar\/ea24b8f7949137f0763045d98d115a3f8ee890a1d9b469c9aecac3c563866de5?s=96&d=mm&r=g","url":"https:\/\/secure.gravatar.com\/avatar\/ea24b8f7949137f0763045d98d115a3f8ee890a1d9b469c9aecac3c563866de5?s=96&d=mm&r=g","contentUrl":"https:\/\/secure.gravatar.com\/avatar\/ea24b8f7949137f0763045d98d115a3f8ee890a1d9b469c9aecac3c563866de5?s=96&d=mm&r=g","caption":"adminetecnic"},"url":"https:\/\/etecnic.es\/ca\/author\/adminetecnic\/"}]}},"_links":{"self":[{"href":"https:\/\/etecnic.es\/ca\/wp-json\/wp\/v2\/posts\/15079","targetHints":{"allow":["GET"]}}],"collection":[{"href":"https:\/\/etecnic.es\/ca\/wp-json\/wp\/v2\/posts"}],"about":[{"href":"https:\/\/etecnic.es\/ca\/wp-json\/wp\/v2\/types\/post"}],"author":[{"embeddable":true,"href":"https:\/\/etecnic.es\/ca\/wp-json\/wp\/v2\/users\/4"}],"replies":[{"embeddable":true,"href":"https:\/\/etecnic.es\/ca\/wp-json\/wp\/v2\/comments?post=15079"}],"version-history":[{"count":8,"href":"https:\/\/etecnic.es\/ca\/wp-json\/wp\/v2\/posts\/15079\/revisions"}],"predecessor-version":[{"id":15609,"href":"https:\/\/etecnic.es\/ca\/wp-json\/wp\/v2\/posts\/15079\/revisions\/15609"}],"wp:featuredmedia":[{"embeddable":true,"href":"https:\/\/etecnic.es\/ca\/wp-json\/wp\/v2\/media\/15058"}],"wp:attachment":[{"href":"https:\/\/etecnic.es\/ca\/wp-json\/wp\/v2\/media?parent=15079"}],"wp:term":[{"taxonomy":"category","embeddable":true,"href":"https:\/\/etecnic.es\/ca\/wp-json\/wp\/v2\/categories?post=15079"},{"taxonomy":"post_tag","embeddable":true,"href":"https:\/\/etecnic.es\/ca\/wp-json\/wp\/v2\/tags?post=15079"}],"curies":[{"name":"wp","href":"https:\/\/api.w.org\/{rel}","templated":true}]}}