{"id":13941,"date":"2021-09-10T12:32:31","date_gmt":"2021-09-10T12:32:31","guid":{"rendered":"https:\/\/etecnic.es\/ca\/?p=13941"},"modified":"2022-01-28T08:33:02","modified_gmt":"2022-01-28T08:33:02","slug":"xarxa-de-recarrega","status":"publish","type":"post","link":"https:\/\/etecnic.es\/ca\/noticies\/xarxa-de-recarrega\/","title":{"rendered":"Catalunya aconsegueix instal\u00b7lar un punt de rec\u00e0rrega cada 60 km"},"content":{"rendered":"<p><div class=\"fusion-fullwidth fullwidth-box fusion-builder-row-1 nonhundred-percent-fullwidth non-hundred-percent-height-scrolling\" style=\"--awb-border-radius-top-left:0px;--awb-border-radius-top-right:0px;--awb-border-radius-bottom-right:0px;--awb-border-radius-bottom-left:0px;--awb-flex-wrap:wrap;\" ><div class=\"fusion-builder-row fusion-row\"><div class=\"fusion-layout-column fusion_builder_column fusion-builder-column-0 fusion_builder_column_1_1 1_1 fusion-one-full fusion-column-first fusion-column-last\" style=\"--awb-bg-size:cover;\"><div class=\"fusion-column-wrapper fusion-flex-column-wrapper-legacy\"><div class=\"fusion-text fusion-text-1\"><p>Catalunya ha aconseguit implantar una xarxa de rec\u00e0rrega amb un carregador r\u00e0pid cada 60 quil\u00f2metres, gr\u00e0cies a la col\u00b7laboraci\u00f3 entre l&#8217;Administraci\u00f3 P\u00fablica Catalana i Etecnic. A causa d&#8217;aquests esfor\u00e7os conjunts, s&#8217;ha creat una infraestructura base, gestionada a trav\u00e9s de l&#8217;aplicaci\u00f3 <a href=\"https:\/\/evcharge.net\/\">EVcharge<\/a>, a trav\u00e9s de la qual els conductors saben que en un petit radi podran carregar el seu vehicle i seguir el seu recorregut.<\/p>\n<p>No ens podem perdre! Encara queda molta feina per fer. Cal seguir desenvolupant aquesta xarxa p\u00fablica de rec\u00e0rrega, al servei del ciutad\u00e0, garantint una xarxa de carregadors justa i equitativa.<\/p>\n<h2><strong>Qu\u00e8 \u00e9s una xarxa de c\u00e0rrega p\u00fablica? <\/strong><\/h2>\n<p>Una <strong>xarxa de rec\u00e0rrega p\u00fablica<\/strong> \u00e9s la que posa a disposici\u00f3 del ciutad\u00e0 punts de rec\u00e0rrega, gratu\u00efts o de pagament, com un servei m\u00e9s al municipi. Com a conseq\u00fc\u00e8ncia, \u00e9s possible augmentar el valor del poble o ciutat, afegint una etiqueta verda i sent un <em>centre<\/em> d&#8217;atracci\u00f3 per a visitants, turistes, treballadors, fam\u00edlies, etc.<\/p>\n<blockquote>\n<p><em>Tots els municipis necessiten una xarxa de rec\u00e0rrega p\u00fablica per posar el servei de mobilitat el\u00e8ctrica a disposici\u00f3 dels seus ciutadans. <\/em><\/p>\n<\/blockquote>\n<p>Els municipis <strong>juguen un paper crucial en la descarbonitzaci\u00f3 del transport<\/strong>, s\u00f3n els facilitadors del model de negoci, animen a ciutadans i empreses a seguir la mateixa l\u00ednia.<\/p>\n<h2><strong>Les zones de Baixes Emissions (ZBE)<\/strong><\/h2>\n<p>El 17 d&#8217;agost, el BOE ha publicat <a href=\"https:\/\/www.boe.es\/diario_boe\/txt.php?id=BOE-A-2021-14140\">l&#8217;Ordre TMA\/892\/2021,<\/a>\u00a0 per la qual s&#8217;aproven les bases reguladores del Programa d&#8217;ajudes <em>als municipis per a la implantaci\u00f3 de Zones de Baixes Emissions i la transformaci\u00f3 digital i sostenible del\u00a0 transport urb\u00e0<\/em>. El BOE es troba en el marc del Pla de Recuperaci\u00f3, Transformaci\u00f3 i Resili\u00e8ncia.<\/p>\n<p>Les ajudes busquen accelerar la implantaci\u00f3 de <strong>Zones de Baixes Emissions<\/strong>, contribuint a la <strong>millora de la qualitat de l&#8217;aire<\/strong> i a la <strong>reducci\u00f3 de gasos d&#8217;efecte hivernacle<\/strong>. Aix\u00ed mateix, s&#8217;estableixen ajudes per a la transformaci\u00f3 de flotes de transport p\u00fablic a nivell municipal.<\/p>\n<p>L&#8217;objectiu \u00e9s establir les Bases Reguladores i primera convocat\u00f2ria per a la concessi\u00f3 de subvencions als Ajuntaments, per tal de fomentar <strong>la implantaci\u00f3 de la ZBE<\/strong> i la sostenibilitat del transport urb\u00e0. La convocat\u00f2ria ser\u00e0 gestionada per MITMA.<\/p>\n<p>L&#8217;ajuda s&#8217;estructura en 4 l\u00ednies:<\/p>\n<ol>\n<li>Accions per a la implantaci\u00f3 de <strong>Zones de Baixes Emissions<\/strong> que incloguin el conjunt d&#8217;inversions necess\u00e0ries per a la seva implementaci\u00f3.<\/li>\n<li>Mesures dirigides a la transformaci\u00f3 digital i sostenible del transport p\u00fablic i a la promoci\u00f3 de la mobilitat saludable.<\/li>\n<li>Accions de transformaci\u00f3 de flotes de transport p\u00fablic per contribuir a la consecuci\u00f3 dels objectius de la Directiva de Vehicles Nets.<\/li>\n<li>Accions de digitalitzaci\u00f3 que es tradueixen en una major efici\u00e8ncia en la gesti\u00f3 del tr\u00e0nsit i del transport i en la gesti\u00f3 de la demanda, aix\u00ed com en l&#8217;an\u00e0lisi de la informaci\u00f3.<\/li>\n<\/ol>\n<p>A trav\u00e9s de concurr\u00e8ncia competitiva, permet als Ajuntaments presentar sol\u00b7licituds i aquestes seran avaluades en funci\u00f3 del seu impacte, qualitat, maduresa i rellev\u00e0ncia. Tamb\u00e9 s&#8217;avaluaran les sinergies conjuntes entre entitats.<\/p>\n<h2><strong>La xarxa de rec\u00e0rrega. Punt de rec\u00e0rrega p\u00fablic o privat?<\/strong><\/h2>\n<p>La import\u00e0ncia de saber si el municipi necessita un punt de rec\u00e0rrega p\u00fablic o privat rau en les necessitats que existeixen.<\/p>\n<h4><strong>Gesti\u00f3 p\u00fablica del punt de rec\u00e0rrega<\/strong><\/h4>\n<p>El propi ajuntament -amb l&#8217;assessorament d&#8217;una empresa externa- l&#8217;Ajuntament instal\u00b7la i gestiona el punt a trav\u00e9s d&#8217;una plataforma de programari obert que permet fixar preus.<\/p>\n<h4><strong>Gesti\u00f3 Privada<\/strong><\/h4>\n<p>Normalment a trav\u00e9s d&#8217;una concessi\u00f3 <strong>demanial (contractes de 10 anys)<\/strong>es realitza un contracte d&#8217;estacions de rec\u00e0rrega p\u00fabliques al municipi.<\/p>\n<p>Es pot fer a trav\u00e9s d&#8217;una licitaci\u00f3 del contracte amb criteris d&#8217;avaluaci\u00f3, on s&#8217;estableixen matem\u00e0ticament valuosos; econ\u00f2mic, ubicaci\u00f3, instal\u00b7laci\u00f3 de carregadors, comissi\u00f3 de concessi\u00f3, etc.<\/p>\n<h2><strong>Quins s\u00f3n els beneficis d&#8217;instal\u00b7lar una xarxa de rec\u00e0rrega i gestionar-la amb software intel\u00b7ligent?<\/strong> <strong>\u00a0<\/strong><\/h2>\n<ul>\n<li>Pots controlar els preus i estrat\u00e8gies, d&#8217;acord amb els convenis dels Ajuntaments (preus especials, tarifes, promoci\u00f3 entre la ciutadania, etc.)<\/li>\n<li>Model de negoci amb potencial de creixement com a ingressos municipals, amb despeses d&#8217;explotaci\u00f3 controlades i subvencionades.<\/li>\n<li>Integraci\u00f3 amb el model de ciutat intel\u00b7ligent SMART CITY amb ple acc\u00e9s a dades i estad\u00edstiques per encaixar-lo amb altres projectes innovadors (Big Data Municipal).<\/li>\n<li>Imatge d&#8217;un municipi tecnol\u00f2gic i sostenible.<\/li>\n<li>Importants subvencions per minimitzar el cost de la inversi\u00f3.<\/li>\n<li>En el cas de Catalunya, la possibilitat de contractar a trav\u00e9s de l&#8217;ACM (subministrament i gesti\u00f3).<\/li>\n<li>Facilitat de gesti\u00f3 a trav\u00e9s d&#8217;aparcaments municipals.<\/li>\n<\/ul>\n<p>Sens dubte, hi ha molts beneficis d&#8217;instal\u00b7lar una xarxa de rec\u00e0rrega p\u00fablica, per\u00f2 els m\u00e9s rellevants ho s\u00f3n; oferir mobilitat el\u00e8ctrica al ciutad\u00e0 i atraure turisme sostenible.<\/p>\n<h2><strong>Projecte clau en m\u00e0 o 360\u00ba d&#8217;un punt de rec\u00e0rrega<\/strong><\/h2>\n<p>A Etecnic som <strong>l\u00edders a Catalunya amb m\u00e9s de 500 punts de rec\u00e0rrega<\/strong> gestionats i instal\u00b7lats a l&#8217;administraci\u00f3 p\u00fablica.<\/p>\n<p>A l&#8217;hora de realitzar una instal\u00b7laci\u00f3 a la via p\u00fablica, \u00e9s recomanable dur a terme un projecte<strong> clau en m\u00e0<\/strong> o 360\u00ba. On es realitza la consultoria, el projecte, la instal\u00b7laci\u00f3, el manteniment, l&#8217;atenci\u00f3 24\/7 als usuaris i el programari de gesti\u00f3 dels punts de rec\u00e0rrega.<\/p>\n<p>Abans de dur a terme la instal\u00b7laci\u00f3 \u00e9s recomanable fer <strong>la consulta i el projecte, <\/strong>ajudant a prendre la millor decisi\u00f3 per a la posterior instal\u00b7laci\u00f3 del punt. En aquesta fase s&#8217;escull la millor ubicaci\u00f3 per al municipi, la instal\u00b7laci\u00f3 el\u00e8ctrica que es necessita, el carregador \u00f2ptim per a la zona.<\/p>\n<p><strong>El manteniment i<\/strong> <strong>l&#8217;atenci\u00f3<\/strong> al client s\u00f3n molt importants per resoldre les incid\u00e8ncies de manera \u00e0gil. El nostre departament t\u00e8cnic ens permet resoldre i agilitzar les incid\u00e8ncies de carregadors i usuaris amb <strong>atenci\u00f3 personalitzada 24\/7.<\/strong><\/p>\n<p>Per tancar el projecte clau en m\u00e0, trobem el programari de gesti\u00f3 de <strong>punts de rec\u00e0rrega.<\/strong> \u00a0Permet <strong>controlar i gestionar: <\/strong>l&#8217;estat dels carregadors (incid\u00e8ncies, tarifes, etc.), les estad\u00edstiques d&#8217;\u00fas, la gesti\u00f3 d&#8217;usuaris i reserves (usuaris, vehicles i targetes) i la gesti\u00f3 de la facturaci\u00f3 dels punts de rec\u00e0rrega. A m\u00e9s, <strong>l&#8217;aplicaci\u00f3 m\u00f2bil <\/strong>per facilitar la rec\u00e0rrega als usuaris de vehicles el\u00e8ctrics.<\/p>\n<p><strong>La mobilitat el\u00e8ctrica mai ha estat tan senzilla de la m\u00e0 d&#8217;Etecnic Energy &amp; Mobility<\/strong>. Som experts en l&#8217;acompanyament de l&#8217;administraci\u00f3 p\u00fablica i les empreses per adaptar-nos al canvi d&#8217;una manera alineada amb l&#8217;horitz\u00f3 marcat per la Uni\u00f3 Europea.<\/p>\n<p><a href=\"https:\/\/us02web.zoom.us\/webinar\/register\/WN_alkMZglQQ-SEornicgCVig\">[WEBINAR] Com reduir despeses i generar ingressos amb la mobilitat el\u00e8ctrica<\/a>. <em>Aquest webinar est\u00e0 en catal\u00e0 i est\u00e0 dirigit a l&#8217;administraci\u00f3 p\u00fablica catalana, per\u00f2 si en voleu saber m\u00e9s sol\u00b7liciteu la vostra consulta gratu\u00efta sense comprom\u00eds.<\/em> Estem encantats de saber de tu!<\/p>\n<\/div><div class=\"fusion-clearfix\"><\/div><\/div><\/div><\/div><\/div><div class=\"fusion-fullwidth fullwidth-box fusion-builder-row-2 fusion-flex-container nonhundred-percent-fullwidth non-hundred-percent-height-scrolling\" style=\"--awb-border-radius-top-left:0px;--awb-border-radius-top-right:0px;--awb-border-radius-bottom-right:0px;--awb-border-radius-bottom-left:0px;--awb-padding-right:4%;--awb-padding-left:4%;--awb-margin-top:2%;--awb-flex-wrap:wrap;\" ><div class=\"fusion-builder-row fusion-row fusion-flex-align-items-center fusion-flex-content-wrap\" style=\"max-width:1331.2px;margin-left: calc(-4% \/ 2 );margin-right: calc(-4% \/ 2 );\"><div class=\"fusion-layout-column fusion_builder_column fusion-builder-column-1 fusion_builder_column_1_1 1_1 fusion-flex-column fusion-flex-align-self-center\" style=\"--awb-bg-size:cover;--awb-width-large:100%;--awb-margin-top-large:0px;--awb-spacing-right-large:1.92%;--awb-margin-bottom-large:0px;--awb-spacing-left-large:1.92%;--awb-width-medium:100%;--awb-order-medium:0;--awb-spacing-right-medium:1.92%;--awb-spacing-left-medium:1.92%;--awb-width-small:100%;--awb-order-small:0;--awb-spacing-right-small:1.92%;--awb-spacing-left-small:1.92%;\"><div class=\"fusion-column-wrapper fusion-column-has-shadow fusion-flex-justify-content-flex-start fusion-content-layout-column\"><div class=\"fusion-title title fusion-title-1 fusion-sep-none fusion-title-center fusion-title-text fusion-title-size-three\" style=\"--awb-margin-top-small:0px;--awb-margin-right-small:0px;--awb-margin-bottom-small:20px;--awb-margin-left-small:0px;\"><h3 class=\"fusion-title-heading title-heading-center fusion-responsive-typography-calculated\" style=\"margin:0;--fontSize:26;line-height:1.1;\"><strong>Vols descobrir com et podem ajudar?<\/strong><\/h3><\/div><div class=\"fusion-title title fusion-title-2 fusion-sep-none fusion-title-center fusion-title-text fusion-title-size-three\" style=\"--awb-margin-top-small:0px;--awb-margin-right-small:0px;--awb-margin-bottom-small:20px;--awb-margin-left-small:0px;\"><h3 class=\"fusion-title-heading title-heading-center fusion-responsive-typography-calculated\" style=\"margin:0;--fontSize:26;line-height:1.1;\">Deixa el teu contacte i el nostre t\u00e8cnic et contactar\u00e0!<\/h3><\/div><div id=\"zf_div_nbN4ps5URIKRbqncDand8dOF1Fqo6mIZcwy-udS40Vo\"><\/div><script type=\"text\/javascript\">(function() {\ntry{\nvar f = document.createElement(\"iframe\");   \nf.src = 'https:\/\/forms.zohopublic.com\/marketing351\/form\/ETECNICEntradasBlogokCAT\/formperma\/nbN4ps5URIKRbqncDand8dOF1Fqo6mIZcwy-udS40Vo?zf_rszfm=1';\nf.style.border=\"none\";                                           \nf.style.height=\"1125px\";\nf.style.width=\"90%\";\nf.style.transition=\"all 0.5s ease\";\nvar d = document.getElementById(\"zf_div_nbN4ps5URIKRbqncDand8dOF1Fqo6mIZcwy-udS40Vo\");\nd.appendChild(f);\nwindow.addEventListener('message', function (){\nvar evntData = event.data;\nif( evntData && evntData.constructor == String ){\nvar zf_ifrm_data = evntData.split(\"|\");\nif ( zf_ifrm_data.length == 2 ) {\nvar zf_perma = zf_ifrm_data[0];\nvar zf_ifrm_ht_nw = ( parseInt(zf_ifrm_data[1], 10) + 15 ) + \"px\";\nvar iframe = document.getElementById(\"zf_div_nbN4ps5URIKRbqncDand8dOF1Fqo6mIZcwy-udS40Vo\").getElementsByTagName(\"iframe\")[0];\nif ( (iframe.src).indexOf('formperma') > 0 && (iframe.src).indexOf(zf_perma) > 0 ) {\nvar prevIframeHeight = iframe.style.height;\nif ( prevIframeHeight != zf_ifrm_ht_nw ) {\niframe.style.height = zf_ifrm_ht_nw;\n}   \n}\n}\n}\n}, false);\n}catch(e){}\n})();<\/script><\/div><\/div><\/div><\/div>\n<\/p>\n","protected":false},"excerpt":{"rendered":"","protected":false},"author":4,"featured_media":13937,"comment_status":"closed","ping_status":"closed","sticky":false,"template":"","format":"standard","meta":{"footnotes":"","_links_to":"","_links_to_target":""},"categories":[691,687,698,22,24,809],"tags":[],"class_list":["post-13941","post","type-post","status-publish","format-standard","has-post-thumbnail","hentry","category-consells","category-viu-etecnic","category-mobilitat-eletrica","category-noticies","category-projectes","category-webinars"],"yoast_head":"<!-- This site is optimized with the Yoast SEO plugin v28.4 - https:\/\/yoast.com\/product\/yoast-seo-wordpress\/ -->\n<title>Catalunya aconsegueix instal\u00b7lar un punt de rec\u00e0rrega cada 60 km Etecnic - Delivering End-to-end charging solution for electric vehicles<\/title>\n<meta name=\"description\" content=\"Una xarxa de rec\u00e0rrega r\u00e0pida \u00e9s molt important per a un municipi i Catalunya ha aconseguit instal\u00b7lar un carregador cada 60 km.\" \/>\n<meta name=\"robots\" content=\"index, follow, max-snippet:-1, max-image-preview:large, max-video-preview:-1\" \/>\n<link rel=\"canonical\" href=\"https:\/\/etecnic.es\/ca\/noticies\/xarxa-de-recarrega\/\" \/>\n<meta property=\"og:locale\" content=\"ca_ES\" \/>\n<meta property=\"og:type\" content=\"article\" \/>\n<meta property=\"og:title\" content=\"Catalunya aconsegueix instal\u00b7lar un punt de rec\u00e0rrega cada 60 km Etecnic - Delivering End-to-end charging solution for electric vehicles\" \/>\n<meta property=\"og:description\" content=\"Una xarxa de rec\u00e0rrega r\u00e0pida \u00e9s molt important per a un municipi i Catalunya ha aconseguit instal\u00b7lar un carregador cada 60 km.\" \/>\n<meta property=\"og:url\" content=\"https:\/\/etecnic.es\/ca\/noticies\/xarxa-de-recarrega\/\" \/>\n<meta property=\"og:site_name\" content=\"Etecnic - Delivering End-to-end charging solution for electric vehicles\" \/>\n<meta property=\"article:publisher\" content=\"https:\/\/www.facebook.com\/etecnic?fref=ts%2f\" \/>\n<meta property=\"article:published_time\" content=\"2021-09-10T12:32:31+00:00\" \/>\n<meta property=\"article:modified_time\" content=\"2022-01-28T08:33:02+00:00\" \/>\n<meta property=\"og:image\" content=\"https:\/\/etecnic.es\/wp-content\/uploads\/2021\/09\/CabreraRapida1Ps.jpg\" \/>\n\t<meta property=\"og:image:width\" content=\"2560\" \/>\n\t<meta property=\"og:image:height\" content=\"1382\" \/>\n\t<meta property=\"og:image:type\" content=\"image\/jpeg\" \/>\n<meta name=\"author\" content=\"adminetecnic\" \/>\n<meta name=\"twitter:card\" content=\"summary_large_image\" \/>\n<meta name=\"twitter:creator\" content=\"@etecnic\" \/>\n<meta name=\"twitter:site\" content=\"@etecnic\" \/>\n<meta name=\"twitter:label1\" content=\"Escrit per\" \/>\n\t<meta name=\"twitter:data1\" content=\"adminetecnic\" \/>\n\t<meta name=\"twitter:label2\" content=\"Temps estimat de lectura\" \/>\n\t<meta name=\"twitter:data2\" content=\"6 minutes\" \/>\n<script type=\"application\/ld+json\" class=\"yoast-schema-graph\">{\"@context\":\"https:\\\/\\\/schema.org\",\"@graph\":[{\"@type\":\"Article\",\"@id\":\"https:\\\/\\\/etecnic.es\\\/ca\\\/noticies\\\/xarxa-de-recarrega\\\/#article\",\"isPartOf\":{\"@id\":\"https:\\\/\\\/etecnic.es\\\/ca\\\/noticies\\\/xarxa-de-recarrega\\\/\"},\"author\":{\"name\":\"adminetecnic\",\"@id\":\"https:\\\/\\\/etecnic.es\\\/#\\\/schema\\\/person\\\/f9d89d791b5f70d806250a61e52bb741\"},\"headline\":\"Catalunya aconsegueix instal\u00b7lar un punt de rec\u00e0rrega cada 60 km\",\"datePublished\":\"2021-09-10T12:32:31+00:00\",\"dateModified\":\"2022-01-28T08:33:02+00:00\",\"mainEntityOfPage\":{\"@id\":\"https:\\\/\\\/etecnic.es\\\/ca\\\/noticies\\\/xarxa-de-recarrega\\\/\"},\"wordCount\":1360,\"image\":{\"@id\":\"https:\\\/\\\/etecnic.es\\\/ca\\\/noticies\\\/xarxa-de-recarrega\\\/#primaryimage\"},\"thumbnailUrl\":\"https:\\\/\\\/etecnic.es\\\/wp-content\\\/uploads\\\/2021\\\/09\\\/CabreraRapida1Ps.jpg\",\"articleSection\":[\"Consells\",\"Etecnic\",\"Mobilitat el\u00e8ctrica\",\"Not\u00edcies\",\"Projectes\",\"Webinars\"],\"inLanguage\":\"ca\"},{\"@type\":\"WebPage\",\"@id\":\"https:\\\/\\\/etecnic.es\\\/ca\\\/noticies\\\/xarxa-de-recarrega\\\/\",\"url\":\"https:\\\/\\\/etecnic.es\\\/ca\\\/noticies\\\/xarxa-de-recarrega\\\/\",\"name\":\"Catalunya aconsegueix instal\u00b7lar un punt de rec\u00e0rrega cada 60 km Etecnic - Delivering End-to-end charging solution for electric vehicles\",\"isPartOf\":{\"@id\":\"https:\\\/\\\/etecnic.es\\\/#website\"},\"primaryImageOfPage\":{\"@id\":\"https:\\\/\\\/etecnic.es\\\/ca\\\/noticies\\\/xarxa-de-recarrega\\\/#primaryimage\"},\"image\":{\"@id\":\"https:\\\/\\\/etecnic.es\\\/ca\\\/noticies\\\/xarxa-de-recarrega\\\/#primaryimage\"},\"thumbnailUrl\":\"https:\\\/\\\/etecnic.es\\\/wp-content\\\/uploads\\\/2021\\\/09\\\/CabreraRapida1Ps.jpg\",\"datePublished\":\"2021-09-10T12:32:31+00:00\",\"dateModified\":\"2022-01-28T08:33:02+00:00\",\"author\":{\"@id\":\"https:\\\/\\\/etecnic.es\\\/#\\\/schema\\\/person\\\/f9d89d791b5f70d806250a61e52bb741\"},\"description\":\"Una xarxa de rec\u00e0rrega r\u00e0pida \u00e9s molt important per a un municipi i Catalunya ha aconseguit instal\u00b7lar un carregador cada 60 km.\",\"breadcrumb\":{\"@id\":\"https:\\\/\\\/etecnic.es\\\/ca\\\/noticies\\\/xarxa-de-recarrega\\\/#breadcrumb\"},\"inLanguage\":\"ca\",\"potentialAction\":[{\"@type\":\"ReadAction\",\"target\":[\"https:\\\/\\\/etecnic.es\\\/ca\\\/noticies\\\/xarxa-de-recarrega\\\/\"]}]},{\"@type\":\"ImageObject\",\"inLanguage\":\"ca\",\"@id\":\"https:\\\/\\\/etecnic.es\\\/ca\\\/noticies\\\/xarxa-de-recarrega\\\/#primaryimage\",\"url\":\"https:\\\/\\\/etecnic.es\\\/wp-content\\\/uploads\\\/2021\\\/09\\\/CabreraRapida1Ps.jpg\",\"contentUrl\":\"https:\\\/\\\/etecnic.es\\\/wp-content\\\/uploads\\\/2021\\\/09\\\/CabreraRapida1Ps.jpg\",\"width\":2560,\"height\":1382,\"caption\":\"Xarxa de rec\u00e0rrega\"},{\"@type\":\"BreadcrumbList\",\"@id\":\"https:\\\/\\\/etecnic.es\\\/ca\\\/noticies\\\/xarxa-de-recarrega\\\/#breadcrumb\",\"itemListElement\":[{\"@type\":\"ListItem\",\"position\":1,\"name\":\"Portada\",\"item\":\"https:\\\/\\\/etecnic.es\\\/ca\\\/\"},{\"@type\":\"ListItem\",\"position\":2,\"name\":\"Catalunya aconsegueix instal\u00b7lar un punt de rec\u00e0rrega cada 60 km\"}]},{\"@type\":\"WebSite\",\"@id\":\"https:\\\/\\\/etecnic.es\\\/#website\",\"url\":\"https:\\\/\\\/etecnic.es\\\/\",\"name\":\"Etecnic - Delivering End-to-end charging solution for electric vehicles\",\"description\":\"EVcharge is the software platform that allows you to manage and operate your smart charging points to scale your business. Comprehensive control software and App solution.\",\"potentialAction\":[{\"@type\":\"SearchAction\",\"target\":{\"@type\":\"EntryPoint\",\"urlTemplate\":\"https:\\\/\\\/etecnic.es\\\/?s={search_term_string}\"},\"query-input\":{\"@type\":\"PropertyValueSpecification\",\"valueRequired\":true,\"valueName\":\"search_term_string\"}}],\"inLanguage\":\"ca\"},{\"@type\":\"Person\",\"@id\":\"https:\\\/\\\/etecnic.es\\\/#\\\/schema\\\/person\\\/f9d89d791b5f70d806250a61e52bb741\",\"name\":\"adminetecnic\",\"image\":{\"@type\":\"ImageObject\",\"inLanguage\":\"ca\",\"@id\":\"https:\\\/\\\/secure.gravatar.com\\\/avatar\\\/ea24b8f7949137f0763045d98d115a3f8ee890a1d9b469c9aecac3c563866de5?s=96&d=mm&r=g\",\"url\":\"https:\\\/\\\/secure.gravatar.com\\\/avatar\\\/ea24b8f7949137f0763045d98d115a3f8ee890a1d9b469c9aecac3c563866de5?s=96&d=mm&r=g\",\"contentUrl\":\"https:\\\/\\\/secure.gravatar.com\\\/avatar\\\/ea24b8f7949137f0763045d98d115a3f8ee890a1d9b469c9aecac3c563866de5?s=96&d=mm&r=g\",\"caption\":\"adminetecnic\"},\"url\":\"https:\\\/\\\/etecnic.es\\\/ca\\\/author\\\/adminetecnic\\\/\"}]}<\/script>\n<!-- \/ Yoast SEO plugin. -->","yoast_head_json":{"title":"Catalunya aconsegueix instal\u00b7lar un punt de rec\u00e0rrega cada 60 km Etecnic - Delivering End-to-end charging solution for electric vehicles","description":"Una xarxa de rec\u00e0rrega r\u00e0pida \u00e9s molt important per a un municipi i Catalunya ha aconseguit instal\u00b7lar un carregador cada 60 km.","robots":{"index":"index","follow":"follow","max-snippet":"max-snippet:-1","max-image-preview":"max-image-preview:large","max-video-preview":"max-video-preview:-1"},"canonical":"https:\/\/etecnic.es\/ca\/noticies\/xarxa-de-recarrega\/","og_locale":"ca_ES","og_type":"article","og_title":"Catalunya aconsegueix instal\u00b7lar un punt de rec\u00e0rrega cada 60 km Etecnic - Delivering End-to-end charging solution for electric vehicles","og_description":"Una xarxa de rec\u00e0rrega r\u00e0pida \u00e9s molt important per a un municipi i Catalunya ha aconseguit instal\u00b7lar un carregador cada 60 km.","og_url":"https:\/\/etecnic.es\/ca\/noticies\/xarxa-de-recarrega\/","og_site_name":"Etecnic - Delivering End-to-end charging solution for electric vehicles","article_publisher":"https:\/\/www.facebook.com\/etecnic?fref=ts%2f","article_published_time":"2021-09-10T12:32:31+00:00","article_modified_time":"2022-01-28T08:33:02+00:00","og_image":[{"width":2560,"height":1382,"url":"https:\/\/etecnic.es\/wp-content\/uploads\/2021\/09\/CabreraRapida1Ps.jpg","type":"image\/jpeg"}],"author":"adminetecnic","twitter_card":"summary_large_image","twitter_creator":"@etecnic","twitter_site":"@etecnic","twitter_misc":{"Escrit per":"adminetecnic","Temps estimat de lectura":"6 minutes"},"schema":{"@context":"https:\/\/schema.org","@graph":[{"@type":"Article","@id":"https:\/\/etecnic.es\/ca\/noticies\/xarxa-de-recarrega\/#article","isPartOf":{"@id":"https:\/\/etecnic.es\/ca\/noticies\/xarxa-de-recarrega\/"},"author":{"name":"adminetecnic","@id":"https:\/\/etecnic.es\/#\/schema\/person\/f9d89d791b5f70d806250a61e52bb741"},"headline":"Catalunya aconsegueix instal\u00b7lar un punt de rec\u00e0rrega cada 60 km","datePublished":"2021-09-10T12:32:31+00:00","dateModified":"2022-01-28T08:33:02+00:00","mainEntityOfPage":{"@id":"https:\/\/etecnic.es\/ca\/noticies\/xarxa-de-recarrega\/"},"wordCount":1360,"image":{"@id":"https:\/\/etecnic.es\/ca\/noticies\/xarxa-de-recarrega\/#primaryimage"},"thumbnailUrl":"https:\/\/etecnic.es\/wp-content\/uploads\/2021\/09\/CabreraRapida1Ps.jpg","articleSection":["Consells","Etecnic","Mobilitat el\u00e8ctrica","Not\u00edcies","Projectes","Webinars"],"inLanguage":"ca"},{"@type":"WebPage","@id":"https:\/\/etecnic.es\/ca\/noticies\/xarxa-de-recarrega\/","url":"https:\/\/etecnic.es\/ca\/noticies\/xarxa-de-recarrega\/","name":"Catalunya aconsegueix instal\u00b7lar un punt de rec\u00e0rrega cada 60 km Etecnic - Delivering End-to-end charging solution for electric vehicles","isPartOf":{"@id":"https:\/\/etecnic.es\/#website"},"primaryImageOfPage":{"@id":"https:\/\/etecnic.es\/ca\/noticies\/xarxa-de-recarrega\/#primaryimage"},"image":{"@id":"https:\/\/etecnic.es\/ca\/noticies\/xarxa-de-recarrega\/#primaryimage"},"thumbnailUrl":"https:\/\/etecnic.es\/wp-content\/uploads\/2021\/09\/CabreraRapida1Ps.jpg","datePublished":"2021-09-10T12:32:31+00:00","dateModified":"2022-01-28T08:33:02+00:00","author":{"@id":"https:\/\/etecnic.es\/#\/schema\/person\/f9d89d791b5f70d806250a61e52bb741"},"description":"Una xarxa de rec\u00e0rrega r\u00e0pida \u00e9s molt important per a un municipi i Catalunya ha aconseguit instal\u00b7lar un carregador cada 60 km.","breadcrumb":{"@id":"https:\/\/etecnic.es\/ca\/noticies\/xarxa-de-recarrega\/#breadcrumb"},"inLanguage":"ca","potentialAction":[{"@type":"ReadAction","target":["https:\/\/etecnic.es\/ca\/noticies\/xarxa-de-recarrega\/"]}]},{"@type":"ImageObject","inLanguage":"ca","@id":"https:\/\/etecnic.es\/ca\/noticies\/xarxa-de-recarrega\/#primaryimage","url":"https:\/\/etecnic.es\/wp-content\/uploads\/2021\/09\/CabreraRapida1Ps.jpg","contentUrl":"https:\/\/etecnic.es\/wp-content\/uploads\/2021\/09\/CabreraRapida1Ps.jpg","width":2560,"height":1382,"caption":"Xarxa de rec\u00e0rrega"},{"@type":"BreadcrumbList","@id":"https:\/\/etecnic.es\/ca\/noticies\/xarxa-de-recarrega\/#breadcrumb","itemListElement":[{"@type":"ListItem","position":1,"name":"Portada","item":"https:\/\/etecnic.es\/ca\/"},{"@type":"ListItem","position":2,"name":"Catalunya aconsegueix instal\u00b7lar un punt de rec\u00e0rrega cada 60 km"}]},{"@type":"WebSite","@id":"https:\/\/etecnic.es\/#website","url":"https:\/\/etecnic.es\/","name":"Etecnic - Delivering End-to-end charging solution for electric vehicles","description":"EVcharge is the software platform that allows you to manage and operate your smart charging points to scale your business. Comprehensive control software and App solution.","potentialAction":[{"@type":"SearchAction","target":{"@type":"EntryPoint","urlTemplate":"https:\/\/etecnic.es\/?s={search_term_string}"},"query-input":{"@type":"PropertyValueSpecification","valueRequired":true,"valueName":"search_term_string"}}],"inLanguage":"ca"},{"@type":"Person","@id":"https:\/\/etecnic.es\/#\/schema\/person\/f9d89d791b5f70d806250a61e52bb741","name":"adminetecnic","image":{"@type":"ImageObject","inLanguage":"ca","@id":"https:\/\/secure.gravatar.com\/avatar\/ea24b8f7949137f0763045d98d115a3f8ee890a1d9b469c9aecac3c563866de5?s=96&d=mm&r=g","url":"https:\/\/secure.gravatar.com\/avatar\/ea24b8f7949137f0763045d98d115a3f8ee890a1d9b469c9aecac3c563866de5?s=96&d=mm&r=g","contentUrl":"https:\/\/secure.gravatar.com\/avatar\/ea24b8f7949137f0763045d98d115a3f8ee890a1d9b469c9aecac3c563866de5?s=96&d=mm&r=g","caption":"adminetecnic"},"url":"https:\/\/etecnic.es\/ca\/author\/adminetecnic\/"}]}},"_links":{"self":[{"href":"https:\/\/etecnic.es\/ca\/wp-json\/wp\/v2\/posts\/13941","targetHints":{"allow":["GET"]}}],"collection":[{"href":"https:\/\/etecnic.es\/ca\/wp-json\/wp\/v2\/posts"}],"about":[{"href":"https:\/\/etecnic.es\/ca\/wp-json\/wp\/v2\/types\/post"}],"author":[{"embeddable":true,"href":"https:\/\/etecnic.es\/ca\/wp-json\/wp\/v2\/users\/4"}],"replies":[{"embeddable":true,"href":"https:\/\/etecnic.es\/ca\/wp-json\/wp\/v2\/comments?post=13941"}],"version-history":[{"count":4,"href":"https:\/\/etecnic.es\/ca\/wp-json\/wp\/v2\/posts\/13941\/revisions"}],"predecessor-version":[{"id":13949,"href":"https:\/\/etecnic.es\/ca\/wp-json\/wp\/v2\/posts\/13941\/revisions\/13949"}],"wp:featuredmedia":[{"embeddable":true,"href":"https:\/\/etecnic.es\/ca\/wp-json\/wp\/v2\/media\/13937"}],"wp:attachment":[{"href":"https:\/\/etecnic.es\/ca\/wp-json\/wp\/v2\/media?parent=13941"}],"wp:term":[{"taxonomy":"category","embeddable":true,"href":"https:\/\/etecnic.es\/ca\/wp-json\/wp\/v2\/categories?post=13941"},{"taxonomy":"post_tag","embeddable":true,"href":"https:\/\/etecnic.es\/ca\/wp-json\/wp\/v2\/tags?post=13941"}],"curies":[{"name":"wp","href":"https:\/\/api.w.org\/{rel}","templated":true}]}}